{"id":160514,"date":"2025-06-08T08:52:10","date_gmt":"2025-06-08T08:52:10","guid":{"rendered":"https:\/\/www.europesays.com\/fr\/160514\/"},"modified":"2025-06-08T08:52:10","modified_gmt":"2025-06-08T08:52:10","slug":"pourquoi-donald-trump-meme-absent-sera-au-centre-du-sommet-sur-les-oceans-a-nice","status":"publish","type":"post","link":"https:\/\/www.europesays.com\/fr\/160514\/","title":{"rendered":"Pourquoi Donald Trump, m\u00eame absent, sera au centre du sommet sur les Oc\u00e9ans \u00e0 Nice"},"content":{"rendered":"<p>        <img decoding=\"async\" loading=\"lazy\" src=\"https:\/\/www.europesays.com\/fr\/wp-content\/uploads\/2025\/06\/ffbf15c_sirius-fs-upload-1-pttypp6oyctx-1749136066567-000-49ae7nu.jpg\"  width=\"728\" height=\"410\" alt=\"Donald Trump a autoris\u00e9 fin avril l\u2019exploitation mini\u00e8re dans les eaux internationales, en opposition totale aux objectifs du sommet sur les Oc\u00e9ans qui s\u2019ouvre ce 9\u00a0juin \u00e0 Nice. (Photo d\u2019illustration)\"\/>  <\/p>\n<p>BRENDAN SMIALOWSKI \/ AFP<\/p>\n<p>Donald Trump a autoris\u00e9 fin avril l\u2019exploitation mini\u00e8re dans les eaux internationales, en opposition totale aux objectifs du sommet sur les Oc\u00e9ans qui s\u2019ouvre ce 9\u00a0juin \u00e0 Nice. (Photo d\u2019illustration)<\/p>\n<p class=\"asset asset-text\">ENVIRONNEMENT &#8211; Plus de 30\u00a0000\u00a0participants, 51\u00a0chefs d\u2019\u00c9tat et de gouvernement, des <a href=\"https:\/\/www.huffingtonpost.fr\/environnement\/article\/pourquoi-le-navire-de-greenpeace-n-est-plus-la-bienvenue-au-sommet-de-l-onu-sur-les-oceans-a-nice_250878.html\" target=\"_blank\" rel=\"noopener\">ONG environnementales<\/a> et scientifiques en nombre. La Conf\u00e9rence des Nations unies sur les <a href=\"https:\/\/www.huffingtonpost.fr\/environnement\/article\/avec-le-changement-climatique-les-oceans-se-rechauffent-deux-fois-plus-vite-qu-il-y-a-20-ans-selon-copernicus_240281.html\" target=\"_blank\" rel=\"noopener\">Oc\u00e9ans<\/a>, copr\u00e9sid\u00e9e par la France, s\u2019ouvre ce lundi 9\u00a0juin \u00e0 Nice. De nombreux sujets seront au c\u0153ur des discussions pendant 4\u00a0jours, de la pollution plastique \u00e0 la surp\u00eache en passant par la p\u00eache ill\u00e9gale. Mais une probl\u00e9matique ressort particuli\u00e8rement au vu des tensions internationales r\u00e9centes\u00a0: la protection de la \u00ab\u00a0haute mer\u00a0\u00bb, c\u2019est-\u00e0-dire les oc\u00e9ans sous l\u2019autorit\u00e9 d\u2019aucun \u00c9tat.<\/p>\n<p class=\"asset asset-text\">Ces eaux internationales, qui repr\u00e9sentent 61\u00a0% des oc\u00e9ans et pr\u00e8s de la moiti\u00e9 de la surface de la Terre, sont capitales. Les fonds marins de ces eaux jouent notamment un r\u00f4le indispensable dans la captation du carbone, et regorgent d\u2019un \u00e9cosyst\u00e8me tr\u00e8s riche et toujours en partie inconnu. Leur protection d\u00e9coule d\u2019un trait\u00e9 international ratifi\u00e9 en 1982, la Convention des Nations unies sur le droit de la mer. Une juridiction de plus de 40\u00a0ans donc, et qui n\u00e9cessitait un coup de neuf face \u00e0 l\u2019urgence climatique. C\u2019est dans cette optique qu\u2019a \u00e9t\u00e9 adopt\u00e9 en 2023\u00a0\u00e0 l\u2019ONU <a href=\"https:\/\/www.huffingtonpost.fr\/environnement\/article\/pour-proteger-la-haute-mer-un-traite-historique-adopte-par-les-membres-de-l-onu_219448.html\" target=\"_blank\" rel=\"noopener\">un nouveau trait\u00e9<\/a> pour la protection de la haute mer.<\/p>\n<p class=\"asset asset-text\">Probl\u00e8me\u00a0: s\u2019il a bien \u00e9t\u00e9 sign\u00e9 par pr\u00e8s de 115\u00a0pays \u00e0 l\u2019ONU, sa ratification pour qu\u2019il devienne effectif est bien plus laborieuse. Seuls 29\u00a0pays ont aujourd\u2019hui pass\u00e9 ce cap, sur les 60\u00a0n\u00e9cessaires pour qu\u2019il rentre en \u0153uvre. Surtout, hormis la France voire l\u2019Espagne, aucun des pays les plus importants ne l\u2019a valid\u00e9, que ce soit les \u00c9tats-Unis, la Chine, l\u2019Australie ou le Royaume-Uni\u2026<\/p>\n<p class=\"asset asset-text\">Surtout, le 31\u00a0mars, Emmanuel Macron avait lui-m\u00eame fix\u00e9 comme \u00ab\u00a0objectif pour Nice d\u2019avoir au moins les 60 ratifications\u00a0\u00bb. Sans cela, la conf\u00e9rence sera \u00ab\u00a0un \u00e9chec\u00a0\u00bb, avait aussi pr\u00e9venu son ambassadeur pour les oc\u00e9ans, Olivier Poivre\u00a0d\u2019Arvor. Malgr\u00e9 tout, le cabinet de la ministre de la Transition \u00e9cologique, Agn\u00e8s Pannier-Runacher, veut rester positif, affirmant qu\u2019il y a une \u00ab\u00a0dynamique favorable\u00a0\u00bb pour obtenir ces 60\u00a0ratifications \u00ab\u00a0d\u2019ici la fin de l\u2019ann\u00e9e\u00a0\u00bb, et esp\u00e8re bien convaincre certains \u00c9tats \u00e0 Nice.<\/p>\n<p>                     La d\u00e9cision choc des \u00c9tats-Unis    <\/p>\n<p class=\"asset asset-text\">Mais bien plus que les participants, c\u2019est l\u2019ombre d\u2019un absent qui risque de planer bien lourd sur la baie des Anges\u00a0: les \u00c9tats-Unis de Donald Trump. Fid\u00e8le \u00e0 sa ligne, le pr\u00e9sident am\u00e9ricain n\u2019a envoy\u00e9 aucune d\u00e9l\u00e9gation \u00e0 Nice. C\u2019est \u00e9videmment loin d\u2019\u00eatre une surprise, alors que l\u2019une des premi\u00e8res d\u00e9cisions du nouveau pr\u00e9sident am\u00e9ricain fut de retirer son pays de l\u2019accord de Paris sur le climat puis de drastiquement couper dans tous les programmes de recherche environnementaux.<\/p>\n<p class=\"asset asset-text\">Et les \u00c9tats-Unis ne brillent pas seulement par leur absence. Une d\u00e9cision prise par le pr\u00e9sident am\u00e9ricain le 24\u00a0avril dernier va totalement \u00e0 contre-courant des ambitions ni\u00e7oises\u00a0: autoriser l\u2019extraction de minerais dans les eaux internationales. Une annonce vivement critiqu\u00e9e par toutes les organisations environnementales, mais \u00e9galement par certains pays comme la Chine qui a imm\u00e9diatement d\u00e9nonc\u00e9 une infraction au droit international. De leur c\u00f4t\u00e9, les \u00c9tats-Unis se d\u00e9fendent en assurant n\u2019avoir de toute fa\u00e7on\u2026 jamais ratifi\u00e9 le trait\u00e9 de 1982\u00a0sur le droit de la mer.<\/p>\n<p class=\"asset asset-text\">Selon l\u2019AFP, l\u2019\u00c9lys\u00e9e a relativis\u00e9 cette annonce, affirmant que la \u00ab\u00a0rentabilit\u00e9 \u00e9conomique\u00a0\u00bb de tels projets n\u2019est \u00ab\u00a0pas aujourd\u2019hui d\u00e9montr\u00e9e\u00a0\u00bb, et qu\u2019il n\u2019y avait pas de \u00ab\u00a0grandes op\u00e9rations d\u2019exploitation\u00a0\u00bb en pr\u00e9paration. Une d\u00e9claration qui ressemble surtout \u00e0 de la m\u00e9thode Cou\u00e9\u00a0: l\u2019entreprise canadienne The Metals Company a ainsi d\u00e9pos\u00e9 d\u00e8s le 29\u00a0avril dernier une demande d\u2019exploitation mini\u00e8re dans les eaux internationales aupr\u00e8s des \u00c9tats-Unis.<\/p>\n<p>                     Les oc\u00e9ans, nouveau \u00ab\u00a0Far West\u00a0\u00bb\u00a0?    <\/p>\n<p class=\"asset asset-text\">Face \u00e0 cette d\u00e9cision unilat\u00e9rale des \u00c9tats-Unis, les discussions de la semaine prochaine \u00e0 Nice peuvent para\u00eetre au mieux tr\u00e8s optimistes, au pire bien insuffisantes. Car l\u2019annonce de Washington fait craindre aux ONG et scientifiques une transformation des oc\u00e9ans en v\u00e9ritable \u00ab\u00a0Far West\u00a0\u00bb. C\u2019est ce que redoute Anne-Sophie Roux, cofondatrice du mouvement LookDown engag\u00e9 contre l\u2019extraction mini\u00e8re en haute mer. \u00ab\u00a0Il faut que tous les pays attach\u00e9s au droit international et au multilat\u00e9ralisme r\u00e9agissent pour emp\u00eacher \u00e7a. Sinon le risque, concr\u00e8tement, c\u2019est que le plus vaste \u00e9cosyst\u00e8me de la plan\u00e8te devienne une zone de non-droit\u00a0\u00bb, plaide aupr\u00e8s de <a href=\"https:\/\/reporterre.net\/Donald-Trump-livre-les-oceans-a-l-exploitation-miniere\" target=\"_blank\" rel=\"noopener\" title=\"Nouvelle fen\u00eatre\">Reporterre <\/a>celle qui a conseill\u00e9 les gouvernements Bayrou et Borne sur les politiques maritimes.<\/p>\n<p class=\"asset asset-text\">Pour Guy Standing, \u00e9conomiste \u00e0 l\u2019universit\u00e9 de Londres, ce d\u00e9cret serait m\u00eame ce que Donald Trump \u00ab\u00a0a fait de plus dangereux\u00a0\u00bb depuis son retour \u00e0 la Maison Blanche. \u00ab\u00a0Cela pourrait mener \u00e0 un d\u00e9coupage dans diff\u00e9rentes parties du monde\u00a0\u00bb, avec par exemple \u00ab\u00a0la Russie, la Chine et l\u2019Am\u00e9rique morcelant l\u2019Arctique\u00a0\u00bb, explique-t-il aupr\u00e8s de l\u2019AFP.<\/p>\n<p class=\"asset asset-text\">Car les cons\u00e9quences environnementales de cette d\u00e9cision pourraient bien \u00eatre gravissimes. Plusieurs scientifiques ont publi\u00e9 ce mercredi 4\u00a0juin un article dans la revue <a href=\"https:\/\/www.nature.com\/articles\/d41586-025-01665-0\" target=\"_blank\" rel=\"noopener\" title=\"Nouvelle fen\u00eatre\">Nature<\/a>, plaidant pour interdire \u00ab\u00a0pour toujours\u00a0\u00bb la p\u00eache et l\u2019extraction mini\u00e8re en haute mer. Les fonds marins sont en effet un immense puits de carbone, essentiel pour limiter le r\u00e9chauffement climatique. Selon les auteurs, les temp\u00e9ratures auraient augment\u00e9 de 3\u00a0\u00b0C par rapport \u00e0 l\u2019\u00e8re pr\u00e9industrielle &#8211; soit pr\u00e8s de deux fois plus qu\u2019aujourd\u2019hui &#8211; sans la captation de CO2\u00a0par ces fonds marins.<\/p>\n<p class=\"asset asset-text\">Au contraire, le lancement de projets miniers dans ces fonds marins, aujourd\u2019hui encore m\u00e9connus des scientifiques, \u00ab\u00a0risque de causer des d\u00e9g\u00e2ts irr\u00e9versibles\u00a0\u00bb et \u00ab\u00a0incontr\u00f4lables\u00a0\u00bb sur la biodiversit\u00e9 et la recherche, affirment-ils. En plus de causer le rel\u00e2chement d\u2019une tr\u00e8s forte quantit\u00e9 de gaz \u00e0 effet de serre, avec des cons\u00e9quences d\u00e9sastreuses sur le climat. Autant de probl\u00e9matiques vitales pour la survie de l\u2019esp\u00e8ce humaine, qui n\u2019\u00e9meuvent visiblement pas beaucoup Donald Trump.<\/p>\n","protected":false},"excerpt":{"rendered":"BRENDAN SMIALOWSKI \/ AFP Donald Trump a autoris\u00e9 fin avril l\u2019exploitation mini\u00e8re dans les eaux internationales, en opposition&hellip;\n","protected":false},"author":2,"featured_media":160515,"comment_status":"","ping_status":"","sticky":false,"template":"","format":"standard","meta":{"footnotes":""},"categories":[4],"tags":[11,29219,75,436,1011,27,14,12,12517,25],"class_list":{"0":"post-160514","1":"post","2":"type-post","3":"status-publish","4":"format-standard","5":"has-post-thumbnail","7":"category-france","8":"tag-actualites","9":"tag-conference-environnementale","10":"tag-donald-trump","11":"tag-environnement","12":"tag-fr","13":"tag-france","14":"tag-international","15":"tag-news","16":"tag-ocean","17":"tag-republique-francaise"},"share_on_mastodon":{"url":"https:\/\/pubeurope.com\/@fr\/114646898684510673","error":""},"_links":{"self":[{"href":"https:\/\/www.europesays.com\/fr\/wp-json\/wp\/v2\/posts\/160514","targetHints":{"allow":["GET"]}}],"collection":[{"href":"https:\/\/www.europesays.com\/fr\/wp-json\/wp\/v2\/posts"}],"about":[{"href":"https:\/\/www.europesays.com\/fr\/wp-json\/wp\/v2\/types\/post"}],"author":[{"embeddable":true,"href":"https:\/\/www.europesays.com\/fr\/wp-json\/wp\/v2\/users\/2"}],"replies":[{"embeddable":true,"href":"https:\/\/www.europesays.com\/fr\/wp-json\/wp\/v2\/comments?post=160514"}],"version-history":[{"count":0,"href":"https:\/\/www.europesays.com\/fr\/wp-json\/wp\/v2\/posts\/160514\/revisions"}],"wp:featuredmedia":[{"embeddable":true,"href":"https:\/\/www.europesays.com\/fr\/wp-json\/wp\/v2\/media\/160515"}],"wp:attachment":[{"href":"https:\/\/www.europesays.com\/fr\/wp-json\/wp\/v2\/media?parent=160514"}],"wp:term":[{"taxonomy":"category","embeddable":true,"href":"https:\/\/www.europesays.com\/fr\/wp-json\/wp\/v2\/categories?post=160514"},{"taxonomy":"post_tag","embeddable":true,"href":"https:\/\/www.europesays.com\/fr\/wp-json\/wp\/v2\/tags?post=160514"}],"curies":[{"name":"wp","href":"https:\/\/api.w.org\/{rel}","templated":true}]}}