{"id":160518,"date":"2025-06-08T08:54:09","date_gmt":"2025-06-08T08:54:09","guid":{"rendered":"https:\/\/www.europesays.com\/fr\/160518\/"},"modified":"2025-06-08T08:54:09","modified_gmt":"2025-06-08T08:54:09","slug":"les-travaux-vont-reprendre-en-juillet-2","status":"publish","type":"post","link":"https:\/\/www.europesays.com\/fr\/160518\/","title":{"rendered":"les travaux vont reprendre en juillet"},"content":{"rendered":"<p>Apr\u00e8s une longue ann\u00e9e d\u2019attente, le chantier du futur demi-\u00e9changeur de la Varizelle devrait enfin reprendre. La pr\u00e9fecture vient d\u2019annoncer son lancement pour cet \u00e9t\u00e9.<\/p>\n<p>\u00ab\u00a0Apr\u00e8s plusieurs phases de travaux pr\u00e9paratoires en 2024 et d\u00e9but 2025, le d\u00e9marrage des travaux principaux de l\u2019op\u00e9ration est planifi\u00e9 pour la mi-juillet\u00a02025, pour une dur\u00e9e pr\u00e9visionnelle d\u2019un an. La mise en service compl\u00e8te de l\u2019\u00e9changeur est escompt\u00e9e pour l\u2019\u00e9t\u00e9 2026\u00a0\u00bb, d\u00e9veloppe le communiqu\u00e9.<\/p>\n<p>Une reprise \u00ab\u00a0malgr\u00e9 un contexte budg\u00e9taire national tr\u00e8s contraint\u00a0\u00bb<\/p>\n<p>Ces travaux auraient d\u00fb commencer <a href=\"https:\/\/www.leprogres.fr\/environnement\/2024\/01\/28\/demi-echangeur-de-la-varizelle-les-travaux-vont-pouvoir-commencer\" target=\"_blank\" rel=\"nofollow noopener\">il y a d\u00e9j\u00e0 un an<\/a> pour une mise en service fin 2025 ou d\u00e9but 2026. Mais en raison de l\u2019instabilit\u00e9&#8230;<\/p>\n","protected":false},"excerpt":{"rendered":"Apr\u00e8s une longue ann\u00e9e d\u2019attente, le chantier du futur demi-\u00e9changeur de la Varizelle devrait enfin reprendre. La pr\u00e9fecture&hellip;\n","protected":false},"author":2,"featured_media":160028,"comment_status":"","ping_status":"","sticky":false,"template":"","format":"standard","meta":{"footnotes":""},"categories":[9653],"tags":[1111,11,2430,3542,7539,1777,674,1011,27,3367,12,25,9669,9670,4001,2803],"class_list":{"0":"post-160518","1":"post","2":"type-post","3":"status-publish","4":"format-standard","5":"has-post-thumbnail","7":"category-saint-etienne","8":"tag-actu","9":"tag-actualites","10":"tag-auvergne-rhone-alpes","11":"tag-circulation","12":"tag-edition-loire-sud","13":"tag-eu","14":"tag-europe","15":"tag-fr","16":"tag-france","17":"tag-loire","18":"tag-news","19":"tag-republique-francaise","20":"tag-saint-chamond","21":"tag-saint-chamond-ville","22":"tag-saint-etienne","23":"tag-transport"},"share_on_mastodon":{"url":"https:\/\/pubeurope.com\/@fr\/114646906573099418","error":""},"_links":{"self":[{"href":"https:\/\/www.europesays.com\/fr\/wp-json\/wp\/v2\/posts\/160518","targetHints":{"allow":["GET"]}}],"collection":[{"href":"https:\/\/www.europesays.com\/fr\/wp-json\/wp\/v2\/posts"}],"about":[{"href":"https:\/\/www.europesays.com\/fr\/wp-json\/wp\/v2\/types\/post"}],"author":[{"embeddable":true,"href":"https:\/\/www.europesays.com\/fr\/wp-json\/wp\/v2\/users\/2"}],"replies":[{"embeddable":true,"href":"https:\/\/www.europesays.com\/fr\/wp-json\/wp\/v2\/comments?post=160518"}],"version-history":[{"count":0,"href":"https:\/\/www.europesays.com\/fr\/wp-json\/wp\/v2\/posts\/160518\/revisions"}],"wp:featuredmedia":[{"embeddable":true,"href":"https:\/\/www.europesays.com\/fr\/wp-json\/wp\/v2\/media\/160028"}],"wp:attachment":[{"href":"https:\/\/www.europesays.com\/fr\/wp-json\/wp\/v2\/media?parent=160518"}],"wp:term":[{"taxonomy":"category","embeddable":true,"href":"https:\/\/www.europesays.com\/fr\/wp-json\/wp\/v2\/categories?post=160518"},{"taxonomy":"post_tag","embeddable":true,"href":"https:\/\/www.europesays.com\/fr\/wp-json\/wp\/v2\/tags?post=160518"}],"curies":[{"name":"wp","href":"https:\/\/api.w.org\/{rel}","templated":true}]}}