{"id":160533,"date":"2025-06-08T09:06:21","date_gmt":"2025-06-08T09:06:21","guid":{"rendered":"https:\/\/www.europesays.com\/fr\/160533\/"},"modified":"2025-06-08T09:06:21","modified_gmt":"2025-06-08T09:06:21","slug":"pro-d2-le-fcg-connait-son-adversaire-pour-laccess-match","status":"publish","type":"post","link":"https:\/\/www.europesays.com\/fr\/160533\/","title":{"rendered":"Pro D2. Le FCG conna\u00eet son adversaire pour l&rsquo;access match"},"content":{"rendered":"<p>Apr\u00e8s la d\u00e9sillusion de la finale de Pro D2, il est temps de se projeter sur la suite pour le FCG. Et cela passe par l&rsquo;access match. \u00c0 cette occasion, les Grenoblois accueilleront au Stade des Alpes samedi 14 juin (18 heures) Perpignan. Malgr\u00e9 leur victoire face au Stade toulousain, les Catalans devront jouer leur survie en Top 14 en Is\u00e8re.\u00a0Les Is\u00e9rois auront \u00e0 coeur de s&rsquo;imposer apr\u00e8s la d\u00e9faite en 2023 <a href=\"https:\/\/www.ledauphine.com\/sport\/2023\/06\/03\/perpignan-etouffe-le-reve-de-grenoble-et-reste-en-top-14\" target=\"_blank\" rel=\"noopener\">\u00e0 ce m\u00eame stade de la comp\u00e9tition<\/a>.<\/p>\n","protected":false},"excerpt":{"rendered":"Apr\u00e8s la d\u00e9sillusion de la finale de Pro D2, il est temps de se projeter sur la suite&hellip;\n","protected":false},"author":2,"featured_media":160534,"comment_status":"","ping_status":"","sticky":false,"template":"","format":"standard","meta":{"footnotes":""},"categories":[9566],"tags":[1111,11,2430,112,113,114,1777,674,2727,107,1701,1011,27,2731,2732,108,12,2308,25,479,517,478],"class_list":{"0":"post-160533","1":"post","2":"type-post","3":"status-publish","4":"format-standard","5":"has-post-thumbnail","7":"category-grenoble","8":"tag-actu","9":"tag-actualites","10":"tag-auvergne-rhone-alpes","11":"tag-edition-grenoble-agglomeration","12":"tag-edition-gresivaudan-oisans","13":"tag-edition-voiron-saint-marcellin","14":"tag-eu","15":"tag-europe","16":"tag-fcg-fc-grenoble-rugby","17":"tag-fil-info","18":"tag-fil-info-sport","19":"tag-fr","20":"tag-france","21":"tag-grenoble","22":"tag-grenoble-bassin","23":"tag-isere","24":"tag-news","25":"tag-pro-d2","26":"tag-republique-francaise","27":"tag-rugby","28":"tag-sport","29":"tag-top-14"},"share_on_mastodon":{"url":"https:\/\/pubeurope.com\/@fr\/114646953728282120","error":""},"_links":{"self":[{"href":"https:\/\/www.europesays.com\/fr\/wp-json\/wp\/v2\/posts\/160533","targetHints":{"allow":["GET"]}}],"collection":[{"href":"https:\/\/www.europesays.com\/fr\/wp-json\/wp\/v2\/posts"}],"about":[{"href":"https:\/\/www.europesays.com\/fr\/wp-json\/wp\/v2\/types\/post"}],"author":[{"embeddable":true,"href":"https:\/\/www.europesays.com\/fr\/wp-json\/wp\/v2\/users\/2"}],"replies":[{"embeddable":true,"href":"https:\/\/www.europesays.com\/fr\/wp-json\/wp\/v2\/comments?post=160533"}],"version-history":[{"count":0,"href":"https:\/\/www.europesays.com\/fr\/wp-json\/wp\/v2\/posts\/160533\/revisions"}],"wp:featuredmedia":[{"embeddable":true,"href":"https:\/\/www.europesays.com\/fr\/wp-json\/wp\/v2\/media\/160534"}],"wp:attachment":[{"href":"https:\/\/www.europesays.com\/fr\/wp-json\/wp\/v2\/media?parent=160533"}],"wp:term":[{"taxonomy":"category","embeddable":true,"href":"https:\/\/www.europesays.com\/fr\/wp-json\/wp\/v2\/categories?post=160533"},{"taxonomy":"post_tag","embeddable":true,"href":"https:\/\/www.europesays.com\/fr\/wp-json\/wp\/v2\/tags?post=160533"}],"curies":[{"name":"wp","href":"https:\/\/api.w.org\/{rel}","templated":true}]}}