{"id":160539,"date":"2025-06-08T09:10:08","date_gmt":"2025-06-08T09:10:08","guid":{"rendered":"https:\/\/www.europesays.com\/fr\/160539\/"},"modified":"2025-06-08T09:10:08","modified_gmt":"2025-06-08T09:10:08","slug":"toute-lactu-top-music-travaux-dete-sur-le-reseau-tram-a-strasbourg-interruptions-a-prevoir-des-le-16-juin","status":"publish","type":"post","link":"https:\/\/www.europesays.com\/fr\/160539\/","title":{"rendered":"Toute l&rsquo;actu Top Music &#8211; Travaux d\u2019\u00e9t\u00e9 sur le r\u00e9seau tram \u00e0 Strasbourg : interruptions \u00e0 pr\u00e9voir d\u00e8s le 16 juin"},"content":{"rendered":"<p><img decoding=\"async\" class=\"\" style=\"width:100%\" src=\"https:\/\/www.europesays.com\/fr\/wp-content\/uploads\/2025\/06\/image0011749028445178.webp.webp\" alt=\"Interruptions partielles des trams A et D \u00e0 pr\u00e9voir du 16 juin au 25 juillet\"\/><\/p>\n<p>Interruptions partielles des trams A et D \u00e0 pr\u00e9voir du 16 juin au 25 juillet<\/p>\n<p>Cr\u00e9dit : Facebook CTS Strasbourg<\/p>\n<p>Chaque ann\u00e9e, la CTS engage des travaux lourds pendant les vacances scolaires pour limiter l\u2019impact sur les usagers. En 2025, deux grandes phases d\u2019interruptions sont pr\u00e9vues, <strong>la premi\u00e8re du 16 juin au 25 juillet, la seconde du 28 juillet au 22 ao\u00fbt. <\/strong>L\u2019objectif est de remplacer des rails us\u00e9s, moderniser les infrastructures, r\u00e9nover les \u00e9quipements (comme les escalators de la gare) et <strong>pr\u00e9parer l\u2019arriv\u00e9e de nouvelles connexions, notamment avec l\u2019extension du tram Ouest.<\/strong><\/p>\n<p><strong>Phase 1 : lignes A et D partiellement interrompues<\/strong><\/p>\n<p><strong>Du 16 juin au 25 juillet, les lignes A et D ne circuleront pas entre Homme de Fer et Poteries \/ Parc des Sports.<\/strong> Des bus de remplacement circuleront toutes les 6 \u00e0 7 minutes entre la Gare centrale et ces deux terminus, en desservant l\u2019ensemble des stations concern\u00e9es. Les voyageurs sont invit\u00e9s \u00e0 anticiper leur trajet, notamment en cas de correspondance avec un train.<\/p>\n<p><strong>Deux alternatives sont recommand\u00e9es :<\/strong><\/p>\n<p>\u2022 Le tram C, entre la Gare et Homme de Fer ;<br \/>\u2022 Le bus G, entre Gare centrale et \u00c9toile Bourse.<\/p>\n<p><strong>Phase 2 : coupure sur les lignes C et D vers le sud<\/strong><\/p>\n<p><strong>Du 28 juillet au 22 ao\u00fbt, ce sont les lignes C et D qui seront partiellement interrompues entre Landsberg et Neuhof Rodolphe Reuss \/ Kehl Rathaus.<\/strong> Des bus relais circuleront toutes les 7 \u00e0 8 minutes, avec un renfort sp\u00e9cifique entre Kehl Bahnhof et les arr\u00eats Hochschule\/L\u00e4ger. La ligne C8 Chron\u2019hop pourra \u00e9galement servir d\u2019alternative dans ce secteur.<\/p>\n<p><strong>La station Gare centrale fait peau neuve<\/strong><\/p>\n<p>La Gare centrale de Strasbourg s\u2019offre aussi un petit lifting cet \u00e9t\u00e9. <strong>Au programme :<\/strong> le remplacement complet des quatre escalators menant aux quais du tram en sous-sol, une r\u00e9vision en profondeur des deux escalators qui relient le niveau -3 \u00e0 la verri\u00e8re, mais aussi une r\u00e9novation du tunnel, avec un nouvel \u00e9clairage pour y voir plus clair&#8230; et plus beau. Cerise sur le \u00ab\u00a0chantier\u00a0\u00bb : un coup de pinceau bien m\u00e9rit\u00e9 et une nouvelle fresque viendront \u00e9gayer les murs, notamment \u00e0 l\u2019emplacement de l\u2019ancienne boutique CTS.<\/p>\n<p><strong>Les usagers sont invit\u00e9s \u00e0 consulter r\u00e9guli\u00e8rement les outils num\u00e9riques de la CTS, \u00e0 activer les alertes trafic et \u00e0 anticiper leurs d\u00e9placements.<\/strong><\/p>\n","protected":false},"excerpt":{"rendered":"Interruptions partielles des trams A et D \u00e0 pr\u00e9voir du 16 juin au 25 juillet Cr\u00e9dit : Facebook&hellip;\n","protected":false},"author":2,"featured_media":160540,"comment_status":"","ping_status":"","sticky":false,"template":"","format":"standard","meta":{"footnotes":""},"categories":[2820],"tags":[1111,11,2389,7048,4107,19001,29220,2883,1777,674,1011,27,775,12,8219,25,640,22637,1097,2221,24435,2803],"class_list":{"0":"post-160539","1":"post","2":"type-post","3":"status-publish","4":"format-standard","5":"has-post-thumbnail","7":"category-strasbourg","8":"tag-actu","9":"tag-actualites","10":"tag-alsace","11":"tag-bus","12":"tag-chantier","13":"tag-commun","14":"tag-cts","15":"tag-ete","16":"tag-eu","17":"tag-europe","18":"tag-fr","19":"tag-france","20":"tag-grand-est","21":"tag-news","22":"tag-nouveautes","23":"tag-republique-francaise","24":"tag-strasbourg","25":"tag-strasbourgeois","26":"tag-trafic","27":"tag-tram","28":"tag-trams","29":"tag-transport"},"share_on_mastodon":{"url":"https:\/\/pubeurope.com\/@fr\/114646969552948401","error":""},"_links":{"self":[{"href":"https:\/\/www.europesays.com\/fr\/wp-json\/wp\/v2\/posts\/160539","targetHints":{"allow":["GET"]}}],"collection":[{"href":"https:\/\/www.europesays.com\/fr\/wp-json\/wp\/v2\/posts"}],"about":[{"href":"https:\/\/www.europesays.com\/fr\/wp-json\/wp\/v2\/types\/post"}],"author":[{"embeddable":true,"href":"https:\/\/www.europesays.com\/fr\/wp-json\/wp\/v2\/users\/2"}],"replies":[{"embeddable":true,"href":"https:\/\/www.europesays.com\/fr\/wp-json\/wp\/v2\/comments?post=160539"}],"version-history":[{"count":0,"href":"https:\/\/www.europesays.com\/fr\/wp-json\/wp\/v2\/posts\/160539\/revisions"}],"wp:featuredmedia":[{"embeddable":true,"href":"https:\/\/www.europesays.com\/fr\/wp-json\/wp\/v2\/media\/160540"}],"wp:attachment":[{"href":"https:\/\/www.europesays.com\/fr\/wp-json\/wp\/v2\/media?parent=160539"}],"wp:term":[{"taxonomy":"category","embeddable":true,"href":"https:\/\/www.europesays.com\/fr\/wp-json\/wp\/v2\/categories?post=160539"},{"taxonomy":"post_tag","embeddable":true,"href":"https:\/\/www.europesays.com\/fr\/wp-json\/wp\/v2\/tags?post=160539"}],"curies":[{"name":"wp","href":"https:\/\/api.w.org\/{rel}","templated":true}]}}