{"id":160545,"date":"2025-06-08T09:13:12","date_gmt":"2025-06-08T09:13:12","guid":{"rendered":"https:\/\/www.europesays.com\/fr\/160545\/"},"modified":"2025-06-08T09:13:12","modified_gmt":"2025-06-08T09:13:12","slug":"des-dirigeants-du-monde-entier-attendus-a-nice-liberation","status":"publish","type":"post","link":"https:\/\/www.europesays.com\/fr\/160545\/","title":{"rendered":"des dirigeants du monde entier attendus \u00e0 Nice \u2013 Lib\u00e9ration"},"content":{"rendered":"<p class=\"sc-ksZaOG ehjQrN text-element\">La baie des Anges se transforme en haut lieu diplomatique. Une cinquantaine de chefs d\u2019Etat internationaux, dont le pr\u00e9sident br\u00e9silien Lula, de nombreux scientifiques et des repr\u00e9sentants de la soci\u00e9t\u00e9 civile sont attendus ce dimanche \u00e0 Nice \u00e0 <a href=\"https:\/\/www.liberation.fr\/idees-et-debats\/tribunes\/locean-sepuise-leurope-doit-etre-a-la-hauteur-20250608_HF7ANTTQGFG5THRIEKQ3RARQ2Q\/\" target=\"_blank\" rel=\"noreferrer nofollow noopener\" title=\"https:\/\/www.liberation.fr\/idees-et-debats\/tribunes\/locean-sepuise-leurope-doit-etre-a-la-hauteur-20250608_HF7ANTTQGFG5THRIEKQ3RARQ2Q\/\">l<\/a><a href=\"https:\/\/www.liberation.fr\/idees-et-debats\/tribunes\/locean-sepuise-leurope-doit-etre-a-la-hauteur-20250608_HF7ANTTQGFG5THRIEKQ3RARQ2Q\/\" target=\"_blank\" rel=\"nofollow noopener\" title=\"https:\/\/www.liberation.fr\/idees-et-debats\/tribunes\/locean-sepuise-leurope-doit-etre-a-la-hauteur-20250608_HF7ANTTQGFG5THRIEKQ3RARQ2Q\/\">a veille de la troisi\u00e8me conf\u00e9rence de l\u2019Onu sur les oc\u00e9ans (Unoc 3)<\/a>. Emmanuel Macron entend transformer ce rendez-vous \u2013 le troisi\u00e8me du genre apr\u00e8s New York en\u00a02017 et Lisbonne en\u00a02022 \u2212 en sommet de \u00abmobilisation\u00bb.<\/p>\n<p class=\"sc-ksZaOG ehjQrN text-element\">Apr\u00e8s une visite d\u2019Etat \u00e0 Monaco, o\u00f9 il cl\u00f4ture aujourd\u2019hui un forum sur l\u2019\u00e9conomie et la finance bleue, le pr\u00e9sident fran\u00e7ais rejoindra ainsi dans la foul\u00e9e Nice en bateau. Une parade maritime sera ensuite organis\u00e9e dans le cadre des c\u00e9l\u00e9brations de la Journ\u00e9e mondiale de l\u2019oc\u00e9an.<\/p>\n<p class=\"sc-ksZaOG ehjQrN text-element\">Le pr\u00e9sident visitera plus tard le palais des expositions de Nice transform\u00e9 en \u00e9norme ventre de baleine. Puis des chercheurs lui pr\u00e9senteront les recommandations du congr\u00e8s scientifique qui a pr\u00e9c\u00e9d\u00e9 le sommet de Nice, ainsi que le nouveau barom\u00e8tre Starfish mesurant l\u2019\u00e9tat d\u2019un oc\u00e9an surexploit\u00e9 et en surchauffe. La journ\u00e9e se terminera par un d\u00eener officiel avec les chefs d\u2019Etat et de gouvernement \u00e0 l\u2019h\u00f4tel Le Negresco, avec un menu mettant \u00e0 l\u2019honneur l\u00e9gumes de saisons et poissons de la M\u00e9diterran\u00e9e.<\/p>\n<p class=\"sc-ksZaOG ehjQrN text-element\">Jusqu\u2019\u00e0 5\u00a0000 policiers, gendarmes et militaires ont \u00e9t\u00e9 mobilis\u00e9s pour assurer la s\u00e9curit\u00e9 du sommet, qui ne fait toutefois pas l\u2019objet de \u00abmenace sp\u00e9cifique\u00bb, selon les autorit\u00e9s.<\/p>\n<p class=\"sc-ksZaOG ehjQrN text-element\">Mis sous pression par les ONG, le pr\u00e9sident a par ailleurs annonc\u00e9 samedi<a href=\"https:\/\/www.liberation.fr\/environnement\/biodiversite\/aires-marines-protegees-macron-annonce-une-limitation-du-chalutage-de-fond-20250608_S6PHBAPT5JETBGMFP3FHXVGLZU\/\" target=\"_blank\" rel=\"noreferrer nofollow noopener\" title=\"https:\/\/www.liberation.fr\/environnement\/biodiversite\/aires-marines-protegees-macron-annonce-une-limitation-du-chalutage-de-fond-20250608_S6PHBAPT5JETBGMFP3FHXVGLZU\/\"> une limitation du chalutage de fond dans certaines aires marines prot\u00e9g\u00e9es (AMP)<\/a> afin de mieux prot\u00e9ger les \u00e9cosyst\u00e8mes.<\/p>\n<p class=\"sc-ksZaOG ehjQrN text-element\">Ce sommet sera une \u00abmobilisation, dans un moment, politiquement, o\u00f9 les questions climatiques sont remises en cause par certains\u00bb, a d\u00e9clar\u00e9 le chef de l\u2019Etat dans un entretien \u00e0 Ouest-France, \u00e9voquant \u00abune tentation de retrait am\u00e9ricain\u00bb.<\/p>\n<p class=\"sc-ksZaOG ehjQrN text-element\">Les Etats-Unis, premier domaine maritime au monde, n\u2019ont en effet pas pr\u00e9vu d\u2019envoyer de d\u00e9l\u00e9gation, comme aux n\u00e9gociations climatiques. Une absence qui s\u2019inscrit dans la logique des annonces faites fin avril par Donald Trump, qui avait d\u00e9cid\u00e9 <a href=\"https:\/\/www.liberation.fr\/environnement\/au-mepris-du-droit-et-de-lenvironnement-donald-trump-veut-ouvrir-lextraction-miniere-sous-marine-en-eaux-internationales-20250425_XXZNJLQPG5HZ3IF4OZNEID5LLE\/\" target=\"_blank\" rel=\"noreferrer nofollow noopener\" title=\"https:\/\/www.liberation.fr\/environnement\/au-mepris-du-droit-et-de-lenvironnement-donald-trump-veut-ouvrir-lextraction-miniere-sous-marine-en-eaux-internationales-20250425_XXZNJLQPG5HZ3IF4OZNEID5LLE\/\">d\u2019ouvrir l\u2019extraction mini\u00e8re sous-marine en eaux internationales au m\u00e9pris du droit et de l\u2019environnement.<\/a><\/p>\n<p class=\"sc-ksZaOG ehjQrN text-element\">Ce n\u2019est que lundi 9\u00a0juin que d\u00e9butera ensuite officiellement la conf\u00e9rence, qui doit faire le point sur les efforts entrepris par les Nations pour d\u00e9velopper durablement les oc\u00e9ans. \u00abL\u2019action ne progresse pas \u00e0 la vitesse ou \u00e0 l\u2019\u00e9chelle requise\u00bb, reconnaissent les Etats dans le projet de d\u00e9claration finale, n\u00e9goci\u00e9e depuis des mois.<\/p>\n<p class=\"sc-ksZaOG ehjQrN text-element\">Jusqu\u2019au 13\u00a0juin, exploitation mini\u00e8re des fonds marins, trait\u00e9 international sur la pollution plastique et r\u00e9gulation de la surp\u00eache et de la p\u00eache ill\u00e9gale seront \u00e0 la table des discussions.<\/p>\n<p class=\"sc-ksZaOG ehjQrN text-element\">La France a n\u00e9anmoins d\u00fb revoir ses ambitions \u00e0 la baisse pour cette premi\u00e8re conf\u00e9rence onusienne dans l\u2019Hexagone depuis la COP21 en\u00a02015. Les 60 ratifications, attendues \u00e0 Nice, pour permettre l\u2019entr\u00e9e en vigueur rapide du trait\u00e9 pour prot\u00e9ger la haute mer ne devraient pas \u00eatre obtenues avant la fin de l\u2019ann\u00e9e. <a href=\"https:\/\/www.liberation.fr\/environnement\/biodiversite\/haute-mer-pourquoi-la-france-veut-proteger-le-far-west-oceanique-20240522_K5BZMJ2Y6ZFO7NNTXRSLOEZ4MM\/\" target=\"_blank\" rel=\"noreferrer nofollow noopener\" title=\"https:\/\/www.liberation.fr\/environnement\/biodiversite\/haute-mer-pourquoi-la-france-veut-proteger-le-far-west-oceanique-20240522_K5BZMJ2Y6ZFO7NNTXRSLOEZ4MM\/\">Ce trait\u00e9, adopt\u00e9 en\u00a02023, vise \u00e0 mettre \u00e0 l\u2019abri des \u00e9cosyst\u00e8mes marins dans des eaux internationales, qui couvrent pr\u00e8s de la moiti\u00e9 de la plan\u00e8te.<\/a><\/p>\n<p class=\"sc-ksZaOG ehjQrN text-element\">La France esp\u00e8re \u00e9galement \u00e9largir la coalition de 33 pays en faveur d\u2019un moratoire sur l\u2019exploitation mini\u00e8re des fonds marins. Les \u00e9changes entre d\u00e9l\u00e9gations devraient enfin porter sur les n\u00e9gociations pour un <a href=\"https:\/\/www.liberation.fr\/environnement\/pollution\/pollution-plastique-les-negociations-pour-le-premier-traite-international-font-flop-20241201_3X4GNGZ5IJHMFDWW5Q2YL4RMRE\/\" target=\"_blank\" rel=\"noreferrer nofollow noopener\" title=\"https:\/\/www.liberation.fr\/environnement\/pollution\/pollution-plastique-les-negociations-pour-le-premier-traite-international-font-flop-20241201_3X4GNGZ5IJHMFDWW5Q2YL4RMRE\/\">trait\u00e9 contre la pollution plastique<\/a>, qui reprendront en ao\u00fbt \u00e0 Gen\u00e8ve, et sur la ratification d\u2019accords sur la lutte contre la p\u00eache ill\u00e9gale et la surp\u00eache.<\/p>\n<p class=\"sc-ksZaOG ehjQrN text-element\">C\u00f4t\u00e9 financement, le sommet de Nice \u00abn\u2019est pas \u00e0 proprement parler une conf\u00e9rence de mobilisation de fonds\u00bb, a tenu \u00e0 souligner l\u2019Elys\u00e9e, alors que le Costa Rica, pays coorganisateur de la conf\u00e9rence, a dit esp\u00e9rer 100\u00a0milliards de dollars de nouveaux financements pour le d\u00e9veloppement durable de l\u2019oc\u00e9an. La protection des oc\u00e9ans, qui couvrent 70,8\u00a0% du globe, est le moins bien financ\u00e9 des 17 objectifs de d\u00e9veloppement durable de l\u2019Onu.<\/p>\n","protected":false},"excerpt":{"rendered":"La baie des Anges se transforme en haut lieu diplomatique. Une cinquantaine de chefs d\u2019Etat internationaux, dont le&hellip;\n","protected":false},"author":2,"featured_media":160546,"comment_status":"","ping_status":"","sticky":false,"template":"","format":"standard","meta":{"footnotes":""},"categories":[2819],"tags":[1111,11,1073,1777,674,1011,27,12,2401,12687,882,25],"class_list":{"0":"post-160545","1":"post","2":"type-post","3":"status-publish","4":"format-standard","5":"has-post-thumbnail","7":"category-nice","8":"tag-actu","9":"tag-actualites","10":"tag-emmanuel-macron","11":"tag-eu","12":"tag-europe","13":"tag-fr","14":"tag-france","15":"tag-news","16":"tag-nice","17":"tag-oceans","18":"tag-provence-alpes-cote-dazur","19":"tag-republique-francaise"},"share_on_mastodon":{"url":"https:\/\/pubeurope.com\/@fr\/114646981206636723","error":""},"_links":{"self":[{"href":"https:\/\/www.europesays.com\/fr\/wp-json\/wp\/v2\/posts\/160545","targetHints":{"allow":["GET"]}}],"collection":[{"href":"https:\/\/www.europesays.com\/fr\/wp-json\/wp\/v2\/posts"}],"about":[{"href":"https:\/\/www.europesays.com\/fr\/wp-json\/wp\/v2\/types\/post"}],"author":[{"embeddable":true,"href":"https:\/\/www.europesays.com\/fr\/wp-json\/wp\/v2\/users\/2"}],"replies":[{"embeddable":true,"href":"https:\/\/www.europesays.com\/fr\/wp-json\/wp\/v2\/comments?post=160545"}],"version-history":[{"count":0,"href":"https:\/\/www.europesays.com\/fr\/wp-json\/wp\/v2\/posts\/160545\/revisions"}],"wp:featuredmedia":[{"embeddable":true,"href":"https:\/\/www.europesays.com\/fr\/wp-json\/wp\/v2\/media\/160546"}],"wp:attachment":[{"href":"https:\/\/www.europesays.com\/fr\/wp-json\/wp\/v2\/media?parent=160545"}],"wp:term":[{"taxonomy":"category","embeddable":true,"href":"https:\/\/www.europesays.com\/fr\/wp-json\/wp\/v2\/categories?post=160545"},{"taxonomy":"post_tag","embeddable":true,"href":"https:\/\/www.europesays.com\/fr\/wp-json\/wp\/v2\/tags?post=160545"}],"curies":[{"name":"wp","href":"https:\/\/api.w.org\/{rel}","templated":true}]}}