{"id":160547,"date":"2025-06-08T09:14:41","date_gmt":"2025-06-08T09:14:41","guid":{"rendered":"https:\/\/www.europesays.com\/fr\/160547\/"},"modified":"2025-06-08T09:14:41","modified_gmt":"2025-06-08T09:14:41","slug":"a-nantes-des-romanciers-sinstallent-pendant-deux-jours-dans-ce-lieu-prestigieux","status":"publish","type":"post","link":"https:\/\/www.europesays.com\/fr\/160547\/","title":{"rendered":"\u00c0 Nantes, des romanciers s\u2019installent pendant deux jours dans ce lieu prestigieux"},"content":{"rendered":"<p>Jusqu\u2019\u00e0 ce soir, la densit\u00e9 en \u00e9crivains sera presque plus forte passage Pommeraye que celle en peintres place du Tertre.<\/p>\n<p>L\u2019association les Romanciers nantais, fid\u00e8le \u00e0 sa tradition, va en effet de nouveau investir les trois\u00a0niveaux du c\u00e9l\u00e8bre passage pour la plus grande joie des amoureux des livres.<\/p>\n<p><a href=\"https:\/\/nantes.maville.com\/actu\/actudet_-le-passage-pommeraye-nantes-son-histoire-en-bd-_52716-6505183_actu.Htm?utm_source=troove&amp;utm_medium=site\" target=\"_blank\" rel=\"nofollow noopener\">+++ A LIRE AUSSI. Le passage Pommeraye Nantes, son histoire en BD<\/a><\/p>\n<p>\u00ab\u00a0Rencontrer <br \/>le public <br \/>est un plaisir <br \/>et un privil\u00e8ge\u00a0\u00bb<\/p>\n<p>Pr\u00e9sents, gr\u00e2ce \u00e0 la complicit\u00e9 des r\u00e9sidents et des commer\u00e7ants, dans la galerie et sur le palier du grand escalier de Pommeraye, les auteurs vont pouvoir d\u00e9dicacer et \u00e9changer en toute convivialit\u00e9, non seulement avec leurs admirateurs et les passants. \u00a0Depuis hier et encore aujourd\u2019hui, entre 10 et 18\u00a0h, plus d\u2019une douzaine d\u2019\u00e9crivains seront pr\u00e9sents\u00a0, sourit Gilles Tenoux, une des plumes de l\u2019association. \u00a0Pour des auteurs locaux que nous sommes, pouvoir rencontrer le public dans cet \u00e9crin typiquement nantais est tout autant un plaisir qu\u2019un privil\u00e8ge\u00a0, reconna\u00eet-il.<\/p>\n<p>Cr\u00e9\u00e9e il y a bient\u00f4t 12\u00a0ans et comptant actuellement une trentaine de membres, l\u2019association rassemble en effet des talents locaux s\u2019illustrant dans les genres litt\u00e9raires les plus divers. Roman psychologique, h\u00e9roic fantasy, r\u00e9cit jeunesse, fresque historique, science-fiction,\u2026 ces auteurs, tous publi\u00e9s \u00e0 compte d\u2019\u00e9diteurs (condition imp\u00e9rative pour int\u00e9grer l\u2019association) font en effet montre d\u2019un bel \u00e9clectisme.<\/p>\n<p>Unis<\/p>\n<p>Une diversit\u00e9 d\u2019inspirations qui ne les emp\u00eache pas de faire front commun en publiant r\u00e9guli\u00e8rement des recueils de nouvelles ax\u00e9s autour d\u2019un th\u00e8me unique. \u00a0Cinq\u00a0recueils sont d\u00e9j\u00e0 parus. La musique classique, les voyages, la Loire, le vin et l\u2019amour ont \u00e9t\u00e9 trait\u00e9s. Gageons que le prochain, pr\u00e9vu pour d\u00e9cembre, et consacr\u00e9 \u00e0 la Bretagne, d\u00e9cha\u00eenera tout autant les inspirations\u00a0.<\/p>\n<p>Nantes se lit \u00e0 Pommeraye, aujourd\u2019hui, entre 109 et 18\u00a0h, passage Pommeraye. Entr\u00e9e libre. Infos\u00a0: www.lesromanciersnantais.com<\/p>\n<p>\u00a0<\/p>\n","protected":false},"excerpt":{"rendered":"Jusqu\u2019\u00e0 ce soir, la densit\u00e9 en \u00e9crivains sera presque plus forte passage Pommeraye que celle en peintres place&hellip;\n","protected":false},"author":2,"featured_media":160548,"comment_status":"","ping_status":"","sticky":false,"template":"","format":"standard","meta":{"footnotes":""},"categories":[2818],"tags":[1111,11,1777,674,1011,27,29222,7285,7018,766,12,2636,29223,25,29221],"class_list":{"0":"post-160547","1":"post","2":"type-post","3":"status-publish","4":"format-standard","5":"has-post-thumbnail","7":"category-nantes","8":"tag-actu","9":"tag-actualites","10":"tag-eu","11":"tag-europe","12":"tag-fr","13":"tag-france","14":"tag-installent","15":"tag-jours","16":"tag-lieu","17":"tag-nantes","18":"tag-news","19":"tag-pays-de-la-loire","20":"tag-prestigieux","21":"tag-republique-francaise","22":"tag-romanciers"},"share_on_mastodon":{"url":"https:\/\/pubeurope.com\/@fr\/114646985209839535","error":""},"_links":{"self":[{"href":"https:\/\/www.europesays.com\/fr\/wp-json\/wp\/v2\/posts\/160547","targetHints":{"allow":["GET"]}}],"collection":[{"href":"https:\/\/www.europesays.com\/fr\/wp-json\/wp\/v2\/posts"}],"about":[{"href":"https:\/\/www.europesays.com\/fr\/wp-json\/wp\/v2\/types\/post"}],"author":[{"embeddable":true,"href":"https:\/\/www.europesays.com\/fr\/wp-json\/wp\/v2\/users\/2"}],"replies":[{"embeddable":true,"href":"https:\/\/www.europesays.com\/fr\/wp-json\/wp\/v2\/comments?post=160547"}],"version-history":[{"count":0,"href":"https:\/\/www.europesays.com\/fr\/wp-json\/wp\/v2\/posts\/160547\/revisions"}],"wp:featuredmedia":[{"embeddable":true,"href":"https:\/\/www.europesays.com\/fr\/wp-json\/wp\/v2\/media\/160548"}],"wp:attachment":[{"href":"https:\/\/www.europesays.com\/fr\/wp-json\/wp\/v2\/media?parent=160547"}],"wp:term":[{"taxonomy":"category","embeddable":true,"href":"https:\/\/www.europesays.com\/fr\/wp-json\/wp\/v2\/categories?post=160547"},{"taxonomy":"post_tag","embeddable":true,"href":"https:\/\/www.europesays.com\/fr\/wp-json\/wp\/v2\/tags?post=160547"}],"curies":[{"name":"wp","href":"https:\/\/api.w.org\/{rel}","templated":true}]}}