{"id":160550,"date":"2025-06-08T09:16:30","date_gmt":"2025-06-08T09:16:30","guid":{"rendered":"https:\/\/www.europesays.com\/fr\/160550\/"},"modified":"2025-06-08T09:16:30","modified_gmt":"2025-06-08T09:16:30","slug":"des-questions-reponses-eveillent-les-ecoliers-bordelais-aux-pieges-de-la-desinformation","status":"publish","type":"post","link":"https:\/\/www.europesays.com\/fr\/160550\/","title":{"rendered":"Des questions-r\u00e9ponses \u00e9veillent les \u00e9coliers bordelais aux pi\u00e8ges de la d\u00e9sinformation"},"content":{"rendered":"<p class=\"wp-block-post-excerpt__excerpt\">\u00ab\u00a0Info ou un faux\u00a0\u00bb est une animation du service \u00e9ducatif de Bordeaux pour aider les scolaires \u00e0 adopter les bons r\u00e9flexes face \u00e0 l\u2019information. Pour sa 5e \u00e9dition, elle r\u00e9unit 6\u00a0500 enfants scolaris\u00e9s dans 35 \u00e9coles \u00e9l\u00e9mentaires. <\/p>\n<p class=\"font-sans\">\n\t\t\tCet article est en acc\u00e8s libre. Pour soutenir Rue89Bordeaux,<br \/>\n\t\t\t<a class=\"underline\" href=\"https:\/\/rue89bordeaux.com\/abonnement\/\" rel=\"nofollow noopener\" target=\"_blank\">abonnez-vous<\/a>.\n\t\t<\/p>\n<p>Walid Salem<\/p>\n<p>Publi\u00e9 le 6 juin 2025\u00a0\u00a0\u00b7\u00a0\u00a0<\/p>\n<p>Imprim\u00e9 le 8 juin 2025 \u00e0 11h12\u00a0\u00a0\u00b7\u00a0\u00a0<\/p>\n<p>\t\t\t\t\t3\u00a0minutes\n<\/p>\n<p>Alice esquisse d\u00e9j\u00e0 un regard malicieux et incr\u00e9dule avant de s\u2019exprimer. \u00ab\u00a0C\u2019est n\u2019importe quoi ! C\u2019est pas possible d\u2019installer une clim comme \u00e7a\u00a0\u00bb, soupire-t-elle. L\u2019image accroch\u00e9e dans le couloir de l\u2019\u00e9cole ce jeudi repr\u00e9sente un ours blanc avachi sur un groupe d\u2019air conditionn\u00e9. Sous l\u2019illustration, g\u00e9n\u00e9r\u00e9e par l\u2019intelligence artificielle, un titre : \u00ab\u00a0Pour freiner la fonte des glaces, le gouvernement fait installer 3000 climatiseurs sur la banquise.\u00a0\u00bb (article du Gorafi).<\/p>\n<p>La jeune fille, scolaris\u00e9e \u00e0 l\u2019\u00e9cole Andr\u00e9-Meunier dans le quartier Sainte-Croix, participe \u00e0 la 5e\u00a0\u00e9dition du jeu \u00ab\u00a0Info ou un faux\u00a0\u00bb qui se d\u00e9roule du 13 mai au 14 juin 2025. Chaque jour, une question est affich\u00e9e \u00e0 laquelle les \u00e9l\u00e8ves r\u00e9pondent en glissant un des deux jetons \u00ab\u00a0Info\u00a0\u00bb ou \u00ab\u00a0un faux\u00a0\u00bb dans les urnes.<\/p>\n<blockquote class=\"wp-block-quote is-layout-flow wp-block-quote-is-layout-flow\">\n<p>\u00ab\u00a0Suite aux attentats en 2015, et pour lutter contre la radicalisation et la d\u00e9sinformation, un kit fait en 2020, \u201cD\u00e9velopper son esprit critique\u201d a \u00e9t\u00e9 mis \u00e0 la disposition des enseignants. L\u2019op\u00e9ration \u201cInfo ou un faux\u201c est une sorte de d\u00e9clinaison ludique de ce kit qui a \u00e9t\u00e9 mise en place l\u2019ann\u00e9e suivant\u00a0\u00bb, explique Sylvie Schmitt, adjointe au maire charg\u00e9e de l\u2019\u00e9ducation, de l\u2019enfance et de la jeunesse.<\/p>\n<\/blockquote>\n<p>\t\t\u00ab\u00a0Quel est l\u2019int\u00e9r\u00eat de l\u2019information ?\u00a0\u00bb<\/p>\n<p>Chaque midi pendant un mois, un exercice est propos\u00e9 aux \u00e9l\u00e8ves. Le lendemain, ils d\u00e9couvrent la r\u00e9ponse, les r\u00e9sultats des votes ainsi qu\u2019une analyse des informations et des sources. Alice, pour \u00ab\u00a0Un adulte absorbe en moyenne 12000 litres d\u2019air par jour\u00a0\u00bb affich\u00e9 quelques jours plus t\u00f4t, n\u2019avait pas gliss\u00e9 le bon jeton. \u00ab\u00a0\u00c7a me paraissait beaucoup 12000 ! Mais de toute fa\u00e7on je ne compte pas mes bonnes ou mauvaises r\u00e9ponses. C\u2019est pour m\u2019amuser\u2026\u00a0\u00bb<\/p>\n<blockquote class=\"wp-block-quote is-layout-flow wp-block-quote-is-layout-flow\">\n<p>\u00ab\u00a0Les enfants savent que les r\u00e9sultats sont trait\u00e9s de fa\u00e7on compl\u00e8tement anonyme et globale, commente Hubert Jaulin, charg\u00e9 de mission projets \u00e9ducatifs \u00e0 la mairie de Bordeaux. L\u2019id\u00e9e, ce n\u2019est pas de savoir qui a r\u00e9pondu juste, parce que ce serait pur hasard d\u2019avoir toutes les bonnes r\u00e9ponses.\u00a0\u00bb<\/p>\n<\/blockquote>\n<p>Il s\u2019agit surtout de sensibiliser les \u00e9l\u00e8ves de CP \u00e0 CM2 \u2013 6 \u00e0 11 ans \u2013 \u00e0 la r\u00e9ception d\u2019une information : <\/p>\n<blockquote class=\"wp-block-quote is-layout-flow wp-block-quote-is-layout-flow\">\n<p>\u00ab\u00a0Evidemment, la r\u00e9ponse aux exercices n\u2019a pas beaucoup d\u2019int\u00e9r\u00eat p\u00e9dagogique. Un enfant ne sera pas meilleur s\u2019il trouve la r\u00e9ponse. Ce qu\u2019il doit faire, c\u2019est s\u2019interroger. Qui me dit \u00e7a ? Quel est l\u2019int\u00e9r\u00eat de cette information ? Etc.\u00a0\u00bb, poursuit le charg\u00e9 de mission.<\/p>\n<\/blockquote>\n<p>\t\t6500 enfants participants<\/p>\n<p>\u00ab\u00a0Non anxiog\u00e8ne\u00a0\u00bb, \u00ab\u00a0positif\u00a0\u00bb, \u00ab\u00a0proche du quotidien\u00a0\u00bb, le jeu soumet des informations et images qui \u00ab\u00a0ne demandent pas forc\u00e9ment d\u2019aller chercher sur Internet\u00a0\u00bb.<\/p>\n<blockquote class=\"wp-block-quote is-layout-flow wp-block-quote-is-layout-flow\">\n<p>\u00ab\u00a0On associe \u00e9galement les parents en distribuant sur l\u2019espace famille un document avec 14 points sur les bonnes pratiques et comment aiguiser la curiosit\u00e9, d\u00e9velopper l\u2019esprit critique, et avoir les bons r\u00e9flexes. \u00c7a permet de leur donner des atouts pour qu\u2019eux aussi puissent travailler \u00e0 \u00e9clairer les enfants et participer \u00e0 leur \u00e9mancipation\u00a0\u00bb, selon Hubert Jaulin.<\/p>\n<\/blockquote>\n<p>\u00ab\u00a0On esp\u00e8re impliquer les parents davantage encore\u00a0\u00bb ajoute-t-il, ce qui n\u2019est pas encore le cas avec seulement \u00ab\u00a050% de retours\u00a0\u00bb de leur part. Cependant, le jeu propos\u00e9 sur la base du volontariat est de plus en plus adopt\u00e9 par les \u00e9coles \u00e9l\u00e9mentaires \u00e0 Bordeaux : elles \u00e9taient 10 la premi\u00e8re ann\u00e9e pour atteindre les 35 cette ann\u00e9e, sur un total de 53. 6500 enfants y participent.<\/p>\n<p>Le kit D\u00e9velopper son esprit critique, pr\u00e9par\u00e9 avec l\u2019Acad\u00e9mie de Bordeaux, le Clemi, Canop\u00e9 et l\u2019Ijba, avait d\u00e9croch\u00e9 le prix Territoria d\u2019Or en 2020, cat\u00e9gorie Civisme et citoyennet\u00e9.<\/p>\n","protected":false},"excerpt":{"rendered":"\u00ab\u00a0Info ou un faux\u00a0\u00bb est une animation du service \u00e9ducatif de Bordeaux pour aider les scolaires \u00e0 adopter&hellip;\n","protected":false},"author":2,"featured_media":160551,"comment_status":"","ping_status":"","sticky":false,"template":"","format":"standard","meta":{"footnotes":""},"categories":[2817],"tags":[1111,11,1997,4121,4019,1057,1777,674,1011,27,12,2219,25],"class_list":{"0":"post-160550","1":"post","2":"type-post","3":"status-publish","4":"format-standard","5":"has-post-thumbnail","7":"category-bordeaux","8":"tag-actu","9":"tag-actualites","10":"tag-bordeaux","11":"tag-desinformation","12":"tag-ecoles","13":"tag-education","14":"tag-eu","15":"tag-europe","16":"tag-fr","17":"tag-france","18":"tag-news","19":"tag-nouvelle-aquitaine","20":"tag-republique-francaise"},"share_on_mastodon":{"url":"https:\/\/pubeurope.com\/@fr\/114646993085210543","error":""},"_links":{"self":[{"href":"https:\/\/www.europesays.com\/fr\/wp-json\/wp\/v2\/posts\/160550","targetHints":{"allow":["GET"]}}],"collection":[{"href":"https:\/\/www.europesays.com\/fr\/wp-json\/wp\/v2\/posts"}],"about":[{"href":"https:\/\/www.europesays.com\/fr\/wp-json\/wp\/v2\/types\/post"}],"author":[{"embeddable":true,"href":"https:\/\/www.europesays.com\/fr\/wp-json\/wp\/v2\/users\/2"}],"replies":[{"embeddable":true,"href":"https:\/\/www.europesays.com\/fr\/wp-json\/wp\/v2\/comments?post=160550"}],"version-history":[{"count":0,"href":"https:\/\/www.europesays.com\/fr\/wp-json\/wp\/v2\/posts\/160550\/revisions"}],"wp:featuredmedia":[{"embeddable":true,"href":"https:\/\/www.europesays.com\/fr\/wp-json\/wp\/v2\/media\/160551"}],"wp:attachment":[{"href":"https:\/\/www.europesays.com\/fr\/wp-json\/wp\/v2\/media?parent=160550"}],"wp:term":[{"taxonomy":"category","embeddable":true,"href":"https:\/\/www.europesays.com\/fr\/wp-json\/wp\/v2\/categories?post=160550"},{"taxonomy":"post_tag","embeddable":true,"href":"https:\/\/www.europesays.com\/fr\/wp-json\/wp\/v2\/tags?post=160550"}],"curies":[{"name":"wp","href":"https:\/\/api.w.org\/{rel}","templated":true}]}}