{"id":160552,"date":"2025-06-08T09:17:10","date_gmt":"2025-06-08T09:17:10","guid":{"rendered":"https:\/\/www.europesays.com\/fr\/160552\/"},"modified":"2025-06-08T09:17:10","modified_gmt":"2025-06-08T09:17:10","slug":"girondins-gerard-lopez-sort-du-silence-tacle-oliver-kahn-et-veut-encore-sauver-bordeaux","status":"publish","type":"post","link":"https:\/\/www.europesays.com\/fr\/160552\/","title":{"rendered":"Girondins : G\u00e9rard Lopez sort du silence, tacle Oliver Kahn et veut encore sauver Bordeaux"},"content":{"rendered":"<p><img decoding=\"async\" src=\"https:\/\/www.europesays.com\/fr\/wp-content\/uploads\/2025\/06\/671_6ab6cc39334f9965b620c00cd4768469.jpg\" alt=\"Girondins : G\u00e9rard Lopez sort du silence, tacle Oliver Kahn et veut encore sauver Bordeaux\" class=\"img-responsive mt-3\"\/><\/p>\n<p class=\"text-center mb-3\" style=\"font-size: 14px\">\u00a9 Iconsport<\/p>\n<p>      <strong>La posture du sauveur, encore<\/strong><\/p>\n<p>\u00a0<\/p>\n<p style=\"text-align: justify;\">Le titre du JDD est sans appel : \u00ab\u00a0Je veux sauver les Girondins de Bordeaux\u00a0\u00bb, d\u00e9clare G\u00e9rard Lopez au journal de Vincent Bollor\u00e9. Le titre de cette prise de parole attendue, nous vous avions annonc\u00e9 qu\u2019elle aurait lieu avant l&rsquo;audience du 13 juin, donne le ton. Alors qu&rsquo;il a amen\u00e9 les Girondins de la Ligue 1 au National 2 en 4 ans, G\u00e9rard Lopez se pose \u00e0 nouveau en sauveur, sa posture favorite \u00e0 Bordeaux.<\/p>\n<p style=\"text-align: justify;\">\u00ab\u00a0Les 10 millions d&rsquo;euros exig\u00e9s sont d\u00e9j\u00e0 provisionn\u00e9s\u00a0\u00bb, l\u00e2che-t-il en d\u00e9but d&rsquo;entretien. Il s&rsquo;agit de l&rsquo;apport minimum n\u00e9cessaire pour passer la saison et faire face au passif. L&rsquo;\u00c9quipe \u00e9voquait de 10 \u00e0 12M\u20ac n\u00e9cessaires cette saison.<\/p>\n<p><strong>Le tacle \u00e0 Oliver Kahn : \u00ab\u00a0Les affaires se font avec de l&rsquo;argent et des prises de risques, pas avec des clics\u00a0\u00bb<\/strong><\/p>\n<p style=\"text-align: justify;\">\u00ab\u00a0Fin janvier, on a re\u00e7u un courrier disant qu&rsquo;il avait peut-\u00eatre 30 millions \u00e0 investir. Les administrateurs judiciaires n&rsquo;ont jamais obtenu confirmation de la disponibilit\u00e9 des fonds. Et puis, il y a eu ce truc envoy\u00e9 au tribunal de commerce \u00e0 la veille de la derni\u00e8re audience, qui faisait \u00e9tat de 15M\u20ac. Il s&rsquo;est ensuite retir\u00e9 tout en affirmant qu&rsquo;il avait 50M\u20ac \u00e0 disposition au cas o\u00f9&#8230; Pas besoin de sortir d&rsquo;une \u00e9cole de commerce pour s&rsquo;apercevoir qu&rsquo;il n&rsquo;y avait sans doute rien. Il tentait d&rsquo;acheter l&rsquo;opinion pour mettre la pression, mais les affaires se font avec de l&rsquo;argent et des prises de risques, pas avec des clics.\u00a0\u00bb envoie G\u00e9rard Lopez \u00e0 <a href=\"https:\/\/www.webgirondins.com\/actualite-girondins-girondins-je-suis-tres-surpris-qu-oliver-kahn-n-ait-toujours-pas-eu-acces-a-la-data-room-129285\" target=\"_blank\" rel=\"noopener\">Oliver Kahn<\/a>.<\/p>\n<p><strong>La marotte des investisseurs<\/strong><\/p>\n<p style=\"text-align: justify;\">Il dit travailler \u00ab\u00a0depuis de longs mois\u00a0\u00bb sur le plan de continuation, dont on a <a href=\"https:\/\/www.webgirondins.com\/actualite-girondins-pierre-hurmic-gerard-lopez-a-presente-son-plan-de-continuation-la-veille-de-l-audience-c-est-inadmissible-129263\" target=\"_blank\" rel=\"noopener\">appris par le maire de Bordeaux qu&rsquo;il avait \u00e9t\u00e9 remis au tribunal seulement la veille de la derni\u00e8re audience<\/a>, provoquant avec le d\u00e9p\u00f4t de dossier d&rsquo;Oliver Kahn, un report \u00e0 une nouvelle audience le 13 juin prochain.<\/p>\n<p style=\"text-align: justify;\">Enfin, il se dit encore ouvert \u00e0 l&rsquo;arriv\u00e9e d&rsquo;investisseurs, un discours r\u00e9current depuis plusieurs ann\u00e9es : \u00ab\u00a0Je suis parfaitement pr\u00eat \u00e0 accueillir de nouveaux investisseurs pour peu qu&rsquo;ils soient comp\u00e9tents et impliqu\u00e9s\u00a0\u00bb, dit-il.<\/p>\n<p style=\"text-align: justify;\">Cependant, aujourd&rsquo;hui,aucun investisseur ne souhaite travailler en \u00e9tant minoritaire avec G\u00e9rard Lopez. Aucune des derni\u00e8res tentatives m\u00e9diatiques n&rsquo;a abouti (Cucci-Benabou, Fenway, Kahn). De plus, en parlant de comp\u00e9tence, nous pourrions \u00e9voquer la gestion financi\u00e8re et sportive du club depuis 2021, et m\u00eame avant. Depuis l&rsquo;arriv\u00e9e de G\u00e9rard Lopez aux commandes du FCGB, les Girondins n&rsquo;ont jamais atteint leur objectif sportif et la gestion financi\u00e8re s&rsquo;est d\u00e9grad\u00e9 jusqu&rsquo;au placement du club en redressement judiciaire avec la fermeture du centre de formation et la perte du statut professionnel lors de l\u2019\u00e9t\u00e9 2024. Oui, les Girondins de Bordeaux ont vraiment besoin d&rsquo;un investisseur comp\u00e9tent pour le redresser.<\/p>\n<p style=\"text-align: justify;\">N.P<\/p>\n<p style=\"text-align: justify;\">\u00c0 lire aussi &gt;&gt; <strong><a href=\"https:\/\/www.webgirondins.com\/actualite-girondins-mercato-shelton-guillaume-officiellement-au-fc-versailles-n1-129350\" target=\"_blank\" rel=\"noopener\">Mercato : Shelton Guillaume officiellement au FC Versailles (N1)<\/a><\/strong><\/p>\n<p style=\"text-align: justify;\">Notre podcast court :<\/p>\n<p style=\"text-align: justify;\">\u00a0<\/p>\n<p>\u00a0<\/p>\n","protected":false},"excerpt":{"rendered":"\u00a9 Iconsport La posture du sauveur, encore \u00a0 Le titre du JDD est sans appel : \u00ab\u00a0Je veux&hellip;\n","protected":false},"author":2,"featured_media":160553,"comment_status":"","ping_status":"","sticky":false,"template":"","format":"standard","meta":{"footnotes":""},"categories":[2817],"tags":[1111,11,1997,215,21464,1446,1440,2263,1777,674,1011,27,8294,1987,7285,29224,4654,8295,12,2219,4653,5355,471,25,9874,15980,4102,16428,3693,9870],"class_list":{"0":"post-160552","1":"post","2":"type-post","3":"status-publish","4":"format-standard","5":"has-post-thumbnail","7":"category-bordeaux","8":"tag-actu","9":"tag-actualites","10":"tag-bordeaux","11":"tag-commerce","12":"tag-continuation","13":"tag-dans","14":"tag-encore","15":"tag-equipe","16":"tag-eu","17":"tag-europe","18":"tag-fr","19":"tag-france","20":"tag-gerard","21":"tag-girondins","22":"tag-jours","23":"tag-jugera","24":"tag-kahn","25":"tag-lopez","26":"tag-news","27":"tag-nouvelle-aquitaine","28":"tag-oliver","29":"tag-plan","30":"tag-pour","31":"tag-republique-francaise","32":"tag-sauver","33":"tag-silence","34":"tag-sort","35":"tag-tacle","36":"tag-tribunal","37":"tag-veut"},"share_on_mastodon":{"url":"https:\/\/pubeurope.com\/@fr\/114646996995596744","error":""},"_links":{"self":[{"href":"https:\/\/www.europesays.com\/fr\/wp-json\/wp\/v2\/posts\/160552","targetHints":{"allow":["GET"]}}],"collection":[{"href":"https:\/\/www.europesays.com\/fr\/wp-json\/wp\/v2\/posts"}],"about":[{"href":"https:\/\/www.europesays.com\/fr\/wp-json\/wp\/v2\/types\/post"}],"author":[{"embeddable":true,"href":"https:\/\/www.europesays.com\/fr\/wp-json\/wp\/v2\/users\/2"}],"replies":[{"embeddable":true,"href":"https:\/\/www.europesays.com\/fr\/wp-json\/wp\/v2\/comments?post=160552"}],"version-history":[{"count":0,"href":"https:\/\/www.europesays.com\/fr\/wp-json\/wp\/v2\/posts\/160552\/revisions"}],"wp:featuredmedia":[{"embeddable":true,"href":"https:\/\/www.europesays.com\/fr\/wp-json\/wp\/v2\/media\/160553"}],"wp:attachment":[{"href":"https:\/\/www.europesays.com\/fr\/wp-json\/wp\/v2\/media?parent=160552"}],"wp:term":[{"taxonomy":"category","embeddable":true,"href":"https:\/\/www.europesays.com\/fr\/wp-json\/wp\/v2\/categories?post=160552"},{"taxonomy":"post_tag","embeddable":true,"href":"https:\/\/www.europesays.com\/fr\/wp-json\/wp\/v2\/tags?post=160552"}],"curies":[{"name":"wp","href":"https:\/\/api.w.org\/{rel}","templated":true}]}}