{"id":160554,"date":"2025-06-08T09:18:09","date_gmt":"2025-06-08T09:18:09","guid":{"rendered":"https:\/\/www.europesays.com\/fr\/160554\/"},"modified":"2025-06-08T09:18:09","modified_gmt":"2025-06-08T09:18:09","slug":"video-un-professeur-de-luniversite-de-toulouse-repense-le-debut-du-genre-humain-grace-a-ces-precieux-os","status":"publish","type":"post","link":"https:\/\/www.europesays.com\/fr\/160554\/","title":{"rendered":"VID\u00c9O. Un professeur de l&rsquo;Universit\u00e9 de Toulouse repense le d\u00e9but du genre humain gr\u00e2ce \u00e0 ces pr\u00e9cieux os"},"content":{"rendered":"<p>            Par<br \/>\n        <strong><br \/>\n            <a href=\"https:\/\/actu.fr\/auteur\/lea-afonso\" title=\"Consulter tous les articles de L\u00e9a Afonso\" rel=\"nofollow noopener\" target=\"_blank\">L\u00e9a Afonso<\/a><br \/>\n        <\/strong><\/p>\n<p>        Publi\u00e9 le<\/p>\n<p>            8 juin 2025 \u00e0 10h10        <\/p>\n<p>Le professeur <strong>Jos\u00e9 Braga,<\/strong> pal\u00e9oanthropologue et enseignant \u00e0 l\u2019Universit\u00e9 de <a href=\"https:\/\/actu.fr\/toulouse\/\" rel=\"nofollow noopener\" target=\"_blank\">Toulouse<\/a>, a publi\u00e9 ce mardi 3\u00a0juin 2025 une \u00e9tude marquante dans la revue Nature Communications. Gr\u00e2ce \u00e0 l\u2019analyse de deux <strong>fossiles de m\u00e2choires<\/strong> appartenant \u00e0 des <strong>nourrissons<\/strong> ayant v\u00e9cu il y a <strong>plus de deux millions d\u2019ann\u00e9es<\/strong>, il propose une r\u00e9interpr\u00e9tation du d\u00e9but de l\u2019histoire du genre Homo. Rencontre et explications.<\/p>\n<p>Deux fossiles d\u2019enfants qui changent la donne<\/p>\n<p class=\" wall-content\">\u00c0 premi\u00e8re vue, ce ne sont que de simples <strong>m\u00e2choires de b\u00e9b\u00e9s<\/strong> que le professeur Braga tient dans ses mains. Et pourtant, ces fragments osseux <strong>vieux de plus de deux millions d\u2019ann\u00e9es<\/strong> \u2014 ou du moins leur repr\u00e9sentation \u2014 pourraient bien r\u00e9\u00e9crire une partie de notre Histoire.<\/p>\n<p class=\" wall-content\">\u00ab\u2009Il s\u2019agit de<strong> deux fossiles d\u2019enfants<\/strong>\u2009: <strong>deux mandibules et un maxillaire<\/strong>, pr\u00e9cise Jos\u00e9 Braga. L\u2019un provient d\u2019un b\u00e9b\u00e9 \u00e2g\u00e9 d\u2019environ 18\u00a0mois*, d\u00e9couvert dans le sud de l\u2019\u00c9thiopie, dat\u00e9 entre 2,1 et 2,2\u00a0millions d\u2019ann\u00e9es, et attribu\u00e9 \u00e0 l\u2019esp\u00e8ce Homo habilis. L\u2019autre, constitu\u00e9 d\u2019une mandibule et d\u2019un maxillaire appartenant \u00e0 un nourrisson de neuf mois, a \u00e9t\u00e9 mis au jour en Afrique du Sud. Il est dat\u00e9 entre 2 et 2,3\u00a0millions d\u2019ann\u00e9es et rattach\u00e9 \u00e0 une esp\u00e8ce proche de l\u2019Homo erectus\u2009\u00bb.<\/p>\n<p>    <img   decoding=\"async\" loading=\"lazy\" src=\"https:\/\/www.europesays.com\/fr\/wp-content\/uploads\/2025\/06\/machoires-11-960x640.jpg\" alt=\"La mandibule appartenant \u00e0 l'esp\u00e8ce Homo habilis \u00e0 gauxhe sur l'image, et la mandibule appartenant \u00e0 l'esp\u00e8ce Homo erectus \u00e0 droite de l'Homo erectus \" width=\"960\" height=\"640\"\/><br \/>\n    La mandibule appartenant \u00e0 l\u2019esp\u00e8ce Homo habilis \u00e0 gauche sur l\u2019image et la mandibule appartenant \u00e0 l\u2019esp\u00e8ce Homo erectus \u00e0 droite de l\u2019Homo erectus (\u00a9L\u00e9a Afonso \/ Actu Toulouse)<\/p>\n<p class=\" wall-content\">Ces fossiles, bien que d\u00e9couverts il y a plusieurs ann\u00e9es, n\u2019avaient pas encore livr\u00e9 tous leurs secrets. Effectivement, ils n\u00e9cessitaient des ann\u00e9es d\u2019\u00e9tudes, qui apportent aujourd\u2019hui un \u00e9clairage sur les premi\u00e8res esp\u00e8ces humaines.<\/p>\n<p>Un changement pour l\u2019Historie<\/p>\n<p class=\" wall-content\">Jusqu\u2019ici, les \u00e9tudes se concentraient principalement sur des fragments osseux appartenant \u00e0 des adultes uniquement. \u00c0 partir de cela, les chercheurs supposaient que les<strong> diff\u00e9rences morphologiques<\/strong> observ\u00e9es entre les esp\u00e8ces <strong>\u00e9taient dues \u00e0 des facteurs environnementaux.<\/strong><\/p>\n<p class=\" wall-content\">Mais d\u00e9sormais, \u00ab<strong>\u2009avec ces fossiles d\u2019enfants<\/strong>, une autre hypoth\u00e8se \u00e9merge, explique le professeur Braga. On a observ\u00e9 que la <strong>plasticit\u00e9 d\u00e9veloppementale<\/strong> \u2013 c\u2019est-\u00e0-dire la fa\u00e7on dont les structures osseuses se forment d\u00e8s les premi\u00e8res \u00e9tapes de la croissance \u2013 <strong>diff\u00e8re<\/strong> nettement entre les esp\u00e8ces, et ce, <strong>d\u00e8s la naissance\u2009\u00bb.<\/strong><\/p>\n<p class=\" wall-content\">Autrement dit, les distinctions morphologiques ne s\u2019expliquent pas seulement par l\u2019environnement, mais aussi par le d\u00e9veloppement sp\u00e9cifique li\u00e9 \u00e0 chaque esp\u00e8ce, et ce, d\u00e8s le plus jeune \u00e2ge.<\/p>\n<p class=\" wall-content\">\u00ab\u2009Dor\u00e9navant, nous avons donc <strong>deux hypoth\u00e8ses<\/strong> pour comprendre les origines du genre humain\u2009: <strong>l\u2019environnement<\/strong> et les diff\u00e9rences de <strong>plasticit\u00e9 d\u00e9veloppementales\u2009\u00bb<\/strong>, se f\u00e9licite le chercheur.<\/p>\n<p class=\" wall-content\"><a href=\"https:\/\/www.instagram.com\/p\/DKfLVG2N9_1\/embed\" title=\"Ouvrir le lien sur Instagram\" rel=\"nofollow noopener\" target=\"_blank\">Visualiser le contenu sur Instagram<\/a><\/p>\n<p>Plus proche des humains<\/p>\n<p class=\" wall-content\">Au-del\u00e0 de ces consid\u00e9rations th\u00e9oriques, l\u2019une des mandibules \u2013 celle attribu\u00e9e \u00e0 Homo erectus \u2013 r\u00e9v\u00e8le une ressemblance frappante avec celle d\u2019un b\u00e9b\u00e9 humain de nos jours.<\/p>\n<p class=\" wall-content\">\u00ab\u2009Si on compare la mandibule sud-africaine \u00e0 celle d\u2019un nourrisson d\u2019aujourd\u2019hui, les diff\u00e9rences sont minimes. Cela sugg\u00e8re que l\u2019Homo erectus \u00e9tait d\u00e9j\u00e0 tr\u00e8s proche de nous, morphologiquement parlant, malgr\u00e9 les deux millions d\u2019ann\u00e9es qui nous s\u00e9parent\u2009\u00bb, souligne Jos\u00e9 Braga.<\/p>\n<p>* l\u2019\u00e2ge des b\u00e9b\u00e9s auquel appartient le fossile est donn\u00e9 gr\u00e2ce \u00e0 l\u2019analyse des dents et notamment des couches d\u2019\u00e9mail dentaire<\/p>\n<p class=\" wall-content\">Suivez toute l\u2019actualit\u00e9 de vos villes et m\u00e9dias favoris en vous inscrivant \u00e0 <a href=\"https:\/\/moncompte.actu.fr\" title=\"D\u00e9couvez Mon Actu\" rel=\"nofollow noopener\" data-trk=\"{&quot;cta&quot;:{&quot;action&quot;:&quot;https:\\\/\\\/moncompte.actu.fr&quot;,&quot;category&quot;:&quot;mon compte&quot;,&quot;from&quot;:&quot;article footer&quot;,&quot;name&quot;:&quot;Mon actu&quot;,&quot;type&quot;:&quot;cta&quot;}}\" target=\"_blank\">Mon Actu<\/a>.<\/p>\n<p>                    <script async src=\"\/\/www.instagram.com\/embed.js\"><\/script><\/p>\n","protected":false},"excerpt":{"rendered":"Par L\u00e9a Afonso Publi\u00e9 le 8 juin 2025 \u00e0 10h10 Le professeur Jos\u00e9 Braga, pal\u00e9oanthropologue et enseignant \u00e0&hellip;\n","protected":false},"author":2,"featured_media":160555,"comment_status":"","ping_status":"","sticky":false,"template":"","format":"standard","meta":{"footnotes":""},"categories":[2816],"tags":[1111,11,1777,674,1011,27,937,12,2680,25,2631,2312,133],"class_list":{"0":"post-160554","1":"post","2":"type-post","3":"status-publish","4":"format-standard","5":"has-post-thumbnail","7":"category-toulouse","8":"tag-actu","9":"tag-actualites","10":"tag-eu","11":"tag-europe","12":"tag-fr","13":"tag-france","14":"tag-histoire","15":"tag-news","16":"tag-occitanie","17":"tag-republique-francaise","18":"tag-sciences-technologie","19":"tag-toulouse","20":"tag-video"},"share_on_mastodon":{"url":"https:\/\/pubeurope.com\/@fr\/114647000982641283","error":""},"_links":{"self":[{"href":"https:\/\/www.europesays.com\/fr\/wp-json\/wp\/v2\/posts\/160554","targetHints":{"allow":["GET"]}}],"collection":[{"href":"https:\/\/www.europesays.com\/fr\/wp-json\/wp\/v2\/posts"}],"about":[{"href":"https:\/\/www.europesays.com\/fr\/wp-json\/wp\/v2\/types\/post"}],"author":[{"embeddable":true,"href":"https:\/\/www.europesays.com\/fr\/wp-json\/wp\/v2\/users\/2"}],"replies":[{"embeddable":true,"href":"https:\/\/www.europesays.com\/fr\/wp-json\/wp\/v2\/comments?post=160554"}],"version-history":[{"count":0,"href":"https:\/\/www.europesays.com\/fr\/wp-json\/wp\/v2\/posts\/160554\/revisions"}],"wp:featuredmedia":[{"embeddable":true,"href":"https:\/\/www.europesays.com\/fr\/wp-json\/wp\/v2\/media\/160555"}],"wp:attachment":[{"href":"https:\/\/www.europesays.com\/fr\/wp-json\/wp\/v2\/media?parent=160554"}],"wp:term":[{"taxonomy":"category","embeddable":true,"href":"https:\/\/www.europesays.com\/fr\/wp-json\/wp\/v2\/categories?post=160554"},{"taxonomy":"post_tag","embeddable":true,"href":"https:\/\/www.europesays.com\/fr\/wp-json\/wp\/v2\/tags?post=160554"}],"curies":[{"name":"wp","href":"https:\/\/api.w.org\/{rel}","templated":true}]}}