{"id":160557,"date":"2025-06-08T09:20:10","date_gmt":"2025-06-08T09:20:10","guid":{"rendered":"https:\/\/www.europesays.com\/fr\/160557\/"},"modified":"2025-06-08T09:20:10","modified_gmt":"2025-06-08T09:20:10","slug":"concert-stars-80-vs-stars-90-a-lille-et-a-23h45-sur-m-6-renaud-est-apparu-comme-une-enorme-surprise","status":"publish","type":"post","link":"https:\/\/www.europesays.com\/fr\/160557\/","title":{"rendered":"Concert \u00ab\u00a0Stars 80 vs Stars 90\u00a0\u00bb \u00e0 Lille\u00a0: et \u00e0 23h45 sur M 6, Renaud est apparu comme une \u00e9norme surprise"},"content":{"rendered":"<p class=\"paragraph text_align_left\">Il est 23h45, le spectacle touche \u00e0 sa fin quand une voix \u00e9raill\u00e9e entonne dans le noir \u00ab Ta ta tin \u00bb. On a du mal \u00e0 y croire, le public aussi de m\u00eame que <a href=\"https:\/\/www.leparisien.fr\/culture-loisirs\/6play\/\" target=\"_blank\" rel=\"noreferrer nofollow noopener\">les t\u00e9l\u00e9spectateurs de M 6<\/a>, qui ne s\u2019y attendent pas du tout dans cette retransmission en direct, mais l\u2019homme qui appara\u00eet sur la sc\u00e8ne du stade Pierre B\u00e9r\u00e9govoy de Lille (<a href=\"https:\/\/www.leparisien.fr\/nord-59\/\" target=\"_blank\" rel=\"noreferrer nofollow noopener\">Nord<\/a>), pantalon noir, perfecto en cuir, santiag et bandana rouge, est bien Renaud. La surprise est \u00e9norme pour les 50 000 fans venus assister au show \u00ab Stars 80 vs Stars 90 \u00bb.<\/p>\n<p class=\"paragraph text_align_left\">Visiblement tr\u00e8s \u00e9mu, le chanteur de 73 ans prend son micro et se met \u00e0 interpr\u00e9ter \u00ab D\u00e8s que le vent soufflera \u00bb. L\u2019\u00e9motion est palpable \u00e0 Lille, et s\u00fbrement devant les \u00e9crans. Il est tout de suite rejoint par une dizaine d\u2019artistes, Jean-Pierre Mader, Vivian Savage\u2026, qui reprennent avec lui son tube sorti en 1983. M\u00eame si le regard est fatigu\u00e9 et la voix ab\u00eem\u00e9e, le chanteur semble heureux d\u2019\u00eatre sur sc\u00e8ne. Il reste pour la chanson finale, un autre tube des ann\u00e9es 80 et incontournable dans le Nord, \u00ab Les corons \u00bb de Pierre Bachelet dont il conna\u00eet le refrain par c\u0153ur.<\/p>\n<p class=\"paragraph text_align_left\">M\u00eame si son premier album est sorti dans les ann\u00e9es 70, <a href=\"https:\/\/www.leparisien.fr\/culture-loisirs\/musique\/je-suis-excessif-en-tout-le-chanteur-renaud-fete-ses-50-ans-de-carriere-23-04-2025-6SXH5JLVG5GT7AMORV4CHBZ2XY.php\" target=\"_self\" rel=\"nofollow noopener\">Renaud a travers\u00e9 les d\u00e9cennies<\/a> s\u2019imposant comme une star des ann\u00e9es 80 et des ann\u00e9es 90, le th\u00e8me de cette \u00ab battle \u00bb entre deux groupes d\u2019artistes, emmen\u00e9s par Sabrina pour les a\u00een\u00e9s et Oph\u00e9lie Winter pour les cadets. Loin, tr\u00e8s loin du cr\u00e9ateur de \u00ab Mistral gagnant \u00bb. Mais sa g\u00e9n\u00e9ration.<\/p>\n<p class=\"paragraph text_align_left\">Sa pr\u00e9sence \u00e0 Lille samedi soir \u00e9tait un bel hommage. Le public plus tr\u00e8s jeune qui depuis plus de deux heures donnait de la voix comme dans un karaok\u00e9 g\u00e9ant et s\u2019ondulait au son de hits de sa jeunesse \u00e9tait chaud comme la braise.<\/p>\n<p>Sabrina, Patrick Hernandez, Oph\u00e9lie Winter, Michael Jones\u2026<\/p>\n<p class=\"paragraph text_align_left\">Le principe de la soir\u00e9e est simple, une plong\u00e9e au c\u0153ur des ann\u00e9es 80 et 90 et participer \u00e0 une battle musicale exceptionnelle entre les vedettes des ann\u00e9es de ces deux d\u00e9cennies autour de diff\u00e9rents th\u00e8mes impos\u00e9s comme \u00ab Disco danse \u00bb \u2014 Patrick Hernandez \u00e9tait l\u2019un de ces h\u00e9ros \u00e0 cheveux gris \u2014 \u00ab Girls power \u00bb ou encore \u00ab Duos mythiques \u00bb. Avec les ann\u00e9es des tubes qui clignotent. Certains n\u2019avaient connu qu\u2019un \u00e9norme succ\u00e8s et puis s\u2019en va. Renaud lui, \u00e9tait l\u00e0 avant, puis apr\u00e8s.<\/p>\n<p class=\"paragraph text_align_left\">Une soir\u00e9e paillet\u00e9e et joyeuse qui avait pourtant tr\u00e8s mal commenc\u00e9 puisque durant les 2 premi\u00e8res minutes, les t\u00e9l\u00e9spectateurs n\u2019avaient pas de son derri\u00e8re leurs \u00e9crans. Tr\u00e8s g\u00eanant puisque c\u2019\u00e9tait le moment o\u00f9 avait \u00e9t\u00e9 mise en sc\u00e8ne dans les loges aux allures de vestiaire la r\u00e9union des artistes juste avant d\u2019entrer dans l\u2019ar\u00e8ne. On n\u2019entendait absolument rien et la col\u00e8re a d\u00e9bord\u00e9 sur les r\u00e9seaux sociaux. Le bug a dur\u00e9 deux minutes, jusqu\u2019\u00e0 l\u2019entr\u00e9e en sc\u00e8ne. Pour diff\u00e9rencier les deux \u00ab teams \u00bb, un Teddy bleu pour les uns, rouge pour les autres, d\u2019une d\u00e9cennie \u00e0 l\u2019autre.<\/p>\n<p class=\"paragraph text_align_left\">Sabrina, Patrick Hernandez, Phil Barney, William Picard de D\u00e9but de soir\u00e9e, Jean-Pierre Mader, \u00c9mile, Mario et Jean-Louis d\u2019\u00c9mile &amp; Images ou Joniece Jamison pour les bleus ann\u00e9es 80, H\u00e9l\u00e8ne S\u00e9gara, Larusso, Oph\u00e9lie Winter, Christiane de Zouk Machine ou encore Michael Jones pour les rouges des ann\u00e9es 90, il y avait du beau monde dans le stade de la capitale des Flandres.<\/p>\n<p class=\"paragraph text_align_left\">L\u2019\u00e9quipe des ann\u00e9es 80 a commenc\u00e9 le show avec une reprise de \u00ab Je r\u00eavais d\u2019un autre monde \u00bb de T\u00e9l\u00e9phone, puis celle des ann\u00e9es 90 a encha\u00een\u00e9 avec \u00ab J\u2019t\u2019emm\u00e8ne au vent \u00bb de <a href=\"https:\/\/www.leparisien.fr\/culture-loisirs\/musique\/au-debut-tout-le-monde-demandait-ou-etait-la-chanteuse-louise-attaque-fete-les-25-ans-de-son-premier-album-12-04-2022-BD3PET47CZB2FKEDUOLIHULRFE.php\" target=\"_blank\" rel=\"noreferrer nofollow noopener\">Louise Attaque<\/a>. Puis durant plus de deux heures, les tubes de ces deux d\u00e9cennies se sont encha\u00een\u00e9s.<\/p>\n<p>La magie Goldman toujours intacte<\/p>\n<p class=\"paragraph text_align_left\">\u00c0 l\u2019applaudim\u00e8tre, sans surprise \u00ab Born to Be Alive \u00bb avec au micro Patrick Hernandez a explos\u00e9 les compteurs tous comme \u00ab Les d\u00e9mons de Minuit \u00bb repris par 50 000 fans connaissant les paroles par c\u0153ur et reprenant \u00e0 l\u2019unisson \u00ab Qui \u00e7a qui \u00e7a \u00bb.<\/p>\n<p class=\"paragraph text_align_left\">M\u00eame folie autour de \u00ab Je te donne \u00bb de <a href=\"https:\/\/www.leparisien.fr\/culture-loisirs\/musique\/jean-jacques-goldman-a-ecrit-une-chanson-pour-le-concert-solidaire-du-bleuet-de-france-25-03-2025-TSZUTGQZ3FB6TADZCOF5TULOYA.php\" target=\"_self\" rel=\"nofollow noopener\">Jean-Jacques Goldman<\/a> chant\u00e9 par son musicien et partenaire Michael Jones qui, accompagn\u00e9 de toute sa bande d\u2019un soir, a encha\u00een\u00e9 sur plusieurs autres tubes du ma\u00eetre, \u00ab \u00c0 nos actes manqu\u00e9s \u00bb, \u00ab Au bout de mes r\u00eaves \u00bb et \u00ab Quand la musique est bonne \u00bb. Le public \u00e9tait en transe, la magie Goldman ne prend pas une ride.<\/p>\n<p class=\"paragraph text_align_left\">Samedi soir, c\u2019est une immense boum parfois un peu longuette mais toujours joyeuse qui s\u2019est tenue \u00e0 Lille. Jusqu\u2019\u00e0 l\u2019arriv\u00e9e non pas du d\u00e9mon de minuit mais du vieux pirate de Paname, bien plus qu\u2019une cerise sur le g\u00e2teau, une \u00e9norme pochette-surprise.<\/p>\n","protected":false},"excerpt":{"rendered":"Il est 23h45, le spectacle touche \u00e0 sa fin quand une voix \u00e9raill\u00e9e entonne dans le noir \u00ab&hellip;\n","protected":false},"author":2,"featured_media":160558,"comment_status":"","ping_status":"","sticky":false,"template":"","format":"standard","meta":{"footnotes":""},"categories":[2815],"tags":[1111,11,872,459,1777,674,1011,27,811,1307,873,12,25],"class_list":{"0":"post-160557","1":"post","2":"type-post","3":"status-publish","4":"format-standard","5":"has-post-thumbnail","7":"category-lille","8":"tag-actu","9":"tag-actualites","10":"tag-culture-et-loisirs","11":"tag-departements-horsidfo","12":"tag-eu","13":"tag-europe","14":"tag-fr","15":"tag-france","16":"tag-hauts-de-france","17":"tag-lille","18":"tag-musique","19":"tag-news","20":"tag-republique-francaise"},"share_on_mastodon":{"url":"https:\/\/pubeurope.com\/@fr\/114647008733222872","error":""},"_links":{"self":[{"href":"https:\/\/www.europesays.com\/fr\/wp-json\/wp\/v2\/posts\/160557","targetHints":{"allow":["GET"]}}],"collection":[{"href":"https:\/\/www.europesays.com\/fr\/wp-json\/wp\/v2\/posts"}],"about":[{"href":"https:\/\/www.europesays.com\/fr\/wp-json\/wp\/v2\/types\/post"}],"author":[{"embeddable":true,"href":"https:\/\/www.europesays.com\/fr\/wp-json\/wp\/v2\/users\/2"}],"replies":[{"embeddable":true,"href":"https:\/\/www.europesays.com\/fr\/wp-json\/wp\/v2\/comments?post=160557"}],"version-history":[{"count":0,"href":"https:\/\/www.europesays.com\/fr\/wp-json\/wp\/v2\/posts\/160557\/revisions"}],"wp:featuredmedia":[{"embeddable":true,"href":"https:\/\/www.europesays.com\/fr\/wp-json\/wp\/v2\/media\/160558"}],"wp:attachment":[{"href":"https:\/\/www.europesays.com\/fr\/wp-json\/wp\/v2\/media?parent=160557"}],"wp:term":[{"taxonomy":"category","embeddable":true,"href":"https:\/\/www.europesays.com\/fr\/wp-json\/wp\/v2\/categories?post=160557"},{"taxonomy":"post_tag","embeddable":true,"href":"https:\/\/www.europesays.com\/fr\/wp-json\/wp\/v2\/tags?post=160557"}],"curies":[{"name":"wp","href":"https:\/\/api.w.org\/{rel}","templated":true}]}}