{"id":160559,"date":"2025-06-08T09:22:09","date_gmt":"2025-06-08T09:22:09","guid":{"rendered":"https:\/\/www.europesays.com\/fr\/160559\/"},"modified":"2025-06-08T09:22:09","modified_gmt":"2025-06-08T09:22:09","slug":"arrete-pour-un-vol-de-parfum-il-casse-la-main-dun-policier","status":"publish","type":"post","link":"https:\/\/www.europesays.com\/fr\/160559\/","title":{"rendered":"arr\u00eat\u00e9 pour un vol de parfum, il casse la main d&rsquo;un policier"},"content":{"rendered":"<p>\u00ab\u00a0C\u2019est une audience \u00e0 th\u00e8me\u00a0\u00bb, soupire ce vendredi apr\u00e8s-midi le procureur Lafoug\u00e8re, en voyant d\u00e9filer les pr\u00e9venus aux profils bien similaires dans le box des comparutions imm\u00e9diates. De jeunes Alg\u00e9riens souvent d\u00e9j\u00e0 interdits de territoire, arr\u00eat\u00e9s pour des vols aggrav\u00e9s dans le centre-ville,<a href=\"https:\/\/www.laprovence.com\/article\/faits-divers-justice\/1731607782309915\/la-bac-en-premiere-ligne-lart-de-se-fondre-dans-le-decor-des-quartiers-a-marseille\" target=\"_blank\" rel=\"noopener\"> sous l\u2019empire tant\u00f4t d\u2019alcool, tant\u00f4t de m\u00e9dicaments, sinon des deux<\/a>. Tous ont aussi la m\u00eame explication\u00a0: ils devaient payer un loyer \u00e0 des bailleurs dont ils ne connaissent que le pr\u00e9nom.<\/p>\n","protected":false},"excerpt":{"rendered":"\u00ab\u00a0C\u2019est une audience \u00e0 th\u00e8me\u00a0\u00bb, soupire ce vendredi apr\u00e8s-midi le procureur Lafoug\u00e8re, en voyant d\u00e9filer les pr\u00e9venus aux&hellip;\n","protected":false},"author":2,"featured_media":160560,"comment_status":"","ping_status":"","sticky":false,"template":"","format":"standard","meta":{"footnotes":""},"categories":[2814],"tags":[17,1111,11,11354,10408,1777,674,274,1011,27,10041,884,12,2298,471,882,25,1175],"class_list":{"0":"post-160559","1":"post","2":"type-post","3":"status-publish","4":"format-standard","5":"has-post-thumbnail","7":"category-marseille","8":"tag-17","9":"tag-actu","10":"tag-actualites","11":"tag-arrete","12":"tag-casse","13":"tag-eu","14":"tag-europe","15":"tag-faits-divers-justice","16":"tag-fr","17":"tag-france","18":"tag-main","19":"tag-marseille","20":"tag-news","21":"tag-parfum","22":"tag-pour","23":"tag-provence-alpes-cote-dazur","24":"tag-republique-francaise","25":"tag-vol"},"share_on_mastodon":{"url":"https:\/\/pubeurope.com\/@fr\/114647016631594651","error":""},"_links":{"self":[{"href":"https:\/\/www.europesays.com\/fr\/wp-json\/wp\/v2\/posts\/160559","targetHints":{"allow":["GET"]}}],"collection":[{"href":"https:\/\/www.europesays.com\/fr\/wp-json\/wp\/v2\/posts"}],"about":[{"href":"https:\/\/www.europesays.com\/fr\/wp-json\/wp\/v2\/types\/post"}],"author":[{"embeddable":true,"href":"https:\/\/www.europesays.com\/fr\/wp-json\/wp\/v2\/users\/2"}],"replies":[{"embeddable":true,"href":"https:\/\/www.europesays.com\/fr\/wp-json\/wp\/v2\/comments?post=160559"}],"version-history":[{"count":0,"href":"https:\/\/www.europesays.com\/fr\/wp-json\/wp\/v2\/posts\/160559\/revisions"}],"wp:featuredmedia":[{"embeddable":true,"href":"https:\/\/www.europesays.com\/fr\/wp-json\/wp\/v2\/media\/160560"}],"wp:attachment":[{"href":"https:\/\/www.europesays.com\/fr\/wp-json\/wp\/v2\/media?parent=160559"}],"wp:term":[{"taxonomy":"category","embeddable":true,"href":"https:\/\/www.europesays.com\/fr\/wp-json\/wp\/v2\/categories?post=160559"},{"taxonomy":"post_tag","embeddable":true,"href":"https:\/\/www.europesays.com\/fr\/wp-json\/wp\/v2\/tags?post=160559"}],"curies":[{"name":"wp","href":"https:\/\/api.w.org\/{rel}","templated":true}]}}