{"id":160563,"date":"2025-06-08T09:24:10","date_gmt":"2025-06-08T09:24:10","guid":{"rendered":"https:\/\/www.europesays.com\/fr\/160563\/"},"modified":"2025-06-08T09:24:10","modified_gmt":"2025-06-08T09:24:10","slug":"la-meteo-de-ce-dimanche-8-juin-a-lyon","status":"publish","type":"post","link":"https:\/\/www.europesays.com\/fr\/160563\/","title":{"rendered":"La m\u00e9t\u00e9o de ce dimanche 8 juin \u00e0 Lyon"},"content":{"rendered":"<p>                            <img loading=\"lazy\" width=\"886\" height=\"553\" class=\"attachment-article size-article wp-post-image lazyload\" alt=\"Nuages au dessus de Lyon. @WilliamPham\" decoding=\"async\" src=\"https:\/\/www.europesays.com\/fr\/wp-content\/uploads\/2025\/06\/Nuage-Saone-@WilliamPham-e1696395312914.jpg\" data-eio-rwidth=\"886\" data-eio-rheight=\"553\"\/><\/p>\n<p>Photo d\u2019illustration. @WilliamPham<\/p>\n<p class=\"content\" style=\"font-size:1.2em;font-weight:700\">Apr\u00e8s un d\u00e9but de journ\u00e9e nuageux, le ciel devrait se d\u00e9gager progressivement, avec des temp\u00e9ratures agr\u00e9ables ce dimanche 8 juin \u00e0 Lyon.<\/p>\n<p>Les Lyonnais devront composer ce dimanche matin avec un ciel tr\u00e8s nuageux, accompagn\u00e9 de quelques pluies \u00e9parses en d\u00e9but de journ\u00e9e. Les temp\u00e9ratures oscilleront autour de 19\u00b0C en matin\u00e9e, sous l\u2019influence d\u2019une l\u00e9g\u00e8re brise de nord-ouest.<\/p>\n<p>Le temps devrait toutefois s\u2019am\u00e9liorer en cours de journ\u00e9e : des \u00e9claircies sont attendues \u00e0 partir de la fin de matin\u00e9e, et les temp\u00e9ratures atteindront des valeurs agr\u00e9ables, autour de 23\u00b0C au plus fort de l\u2019apr\u00e8s-midi. En soir\u00e9e, le mercure redescendra progressivement, avoisinant les 17\u00b0C, sous un ciel d\u00e9gag\u00e9 pour la nuit.<\/p>\n<p><strong>Lire aussi : <a href=\"https:\/\/www.lyoncapitale.fr\/actualite\/pollution-a-lyon-les-vents-forts-favorisent-une-amelioration-de-la-qualite-de-lair-a-lyon\" target=\"_blank\" rel=\"noreferrer noopener nofollow\">Pollution \u00e0 Lyon : les vents forts favorisent une am\u00e9lioration de la qualit\u00e9 de l\u2019air \u00e0 Lyon<\/a><\/strong><\/p>\n","protected":false},"excerpt":{"rendered":"Photo d\u2019illustration. @WilliamPham Apr\u00e8s un d\u00e9but de journ\u00e9e nuageux, le ciel devrait se d\u00e9gager progressivement, avec des temp\u00e9ratures&hellip;\n","protected":false},"author":2,"featured_media":160564,"comment_status":"","ping_status":"","sticky":false,"template":"","format":"standard","meta":{"footnotes":""},"categories":[1889],"tags":[1111,11,2430,1777,674,1011,27,2428,2487,12,25],"class_list":{"0":"post-160563","1":"post","2":"type-post","3":"status-publish","4":"format-standard","5":"has-post-thumbnail","7":"category-lyon","8":"tag-actu","9":"tag-actualites","10":"tag-auvergne-rhone-alpes","11":"tag-eu","12":"tag-europe","13":"tag-fr","14":"tag-france","15":"tag-lyon","16":"tag-meteo","17":"tag-news","18":"tag-republique-francaise"},"share_on_mastodon":{"url":"https:\/\/pubeurope.com\/@fr\/114647024558199779","error":""},"_links":{"self":[{"href":"https:\/\/www.europesays.com\/fr\/wp-json\/wp\/v2\/posts\/160563","targetHints":{"allow":["GET"]}}],"collection":[{"href":"https:\/\/www.europesays.com\/fr\/wp-json\/wp\/v2\/posts"}],"about":[{"href":"https:\/\/www.europesays.com\/fr\/wp-json\/wp\/v2\/types\/post"}],"author":[{"embeddable":true,"href":"https:\/\/www.europesays.com\/fr\/wp-json\/wp\/v2\/users\/2"}],"replies":[{"embeddable":true,"href":"https:\/\/www.europesays.com\/fr\/wp-json\/wp\/v2\/comments?post=160563"}],"version-history":[{"count":0,"href":"https:\/\/www.europesays.com\/fr\/wp-json\/wp\/v2\/posts\/160563\/revisions"}],"wp:featuredmedia":[{"embeddable":true,"href":"https:\/\/www.europesays.com\/fr\/wp-json\/wp\/v2\/media\/160564"}],"wp:attachment":[{"href":"https:\/\/www.europesays.com\/fr\/wp-json\/wp\/v2\/media?parent=160563"}],"wp:term":[{"taxonomy":"category","embeddable":true,"href":"https:\/\/www.europesays.com\/fr\/wp-json\/wp\/v2\/categories?post=160563"},{"taxonomy":"post_tag","embeddable":true,"href":"https:\/\/www.europesays.com\/fr\/wp-json\/wp\/v2\/tags?post=160563"}],"curies":[{"name":"wp","href":"https:\/\/api.w.org\/{rel}","templated":true}]}}