{"id":160565,"date":"2025-06-08T09:25:08","date_gmt":"2025-06-08T09:25:08","guid":{"rendered":"https:\/\/www.europesays.com\/fr\/160565\/"},"modified":"2025-06-08T09:25:08","modified_gmt":"2025-06-08T09:25:08","slug":"un-train-percute-une-voiture-270-passagers-bloques","status":"publish","type":"post","link":"https:\/\/www.europesays.com\/fr\/160565\/","title":{"rendered":"un train percute une voiture, 270 passagers bloqu\u00e9s"},"content":{"rendered":"<p class=\"content\" style=\"font-size:1.2em;font-weight:700\">L\u2019accident, survenu t\u00f4t ce dimanche matin dans l&rsquo;Ain, n\u2019a fait aucun bless\u00e9. La circulation ferroviaire a \u00e9t\u00e9 perturb\u00e9e plusieurs heures.<\/p>\n<p>Le trafic ferroviaire entre Lyon et Dijon a \u00e9t\u00e9 fortement perturb\u00e9 ce dimanche matin, apr\u00e8s une collision entre un TER et une voiture au niveau de la commune de Coligny (Ain). L\u2019accident s\u2019est produit vers 4h40, au passage \u00e0 niveau n\u00b056, route de Roman\u00e8che, rapporte <a href=\"https:\/\/c.leprogres.fr\/faits-divers-justice\/2025\/06\/08\/coligny-un-train-percute-une-voiture-270-passagers-bloques\" target=\"_blank\" rel=\"noreferrer noopener nofollow\">Le Progr\u00e8s<\/a>.<\/p>\n<p>Selon les premiers \u00e9l\u00e9ments recueillis par la gendarmerie, l\u2019un des pneus du v\u00e9hicule se serait bloqu\u00e9 sur la voie pour une raison encore inconnue, immobilisant la voiture sur les rails. Les deux occupants, deux hommes d\u2019une trentaine d\u2019ann\u00e9es originaires de Marboz et de Bresse Vallons, ont toutefois r\u00e9ussi \u00e0 sortir du v\u00e9hicule \u00e0 temps, \u00e9chappant ainsi \u00e0 la collision sans blessures.<\/p>\n<p>Une reprise du trafic vers 7h30<\/p>\n<p>Le TER, qui assurait la liaison Dijon-Lyon, transportait 270 passagers. Le train a d\u00fb \u00eatre immobilis\u00e9 plusieurs heures sur place. Les passagers ont pu reprendre leur trajet vers 7h30, apr\u00e8s les op\u00e9rations de s\u00e9curisation et de v\u00e9rification des installations. Une enqu\u00eate est en cours pour d\u00e9terminer les circonstances exactes de cet incident.<\/p>\n<p><strong>Lire aussi : <a href=\"https:\/\/www.lyoncapitale.fr\/actualite\/un-train-percute-un-arbre-pres-de-lyon-le-trafic-interrompu-sur-deux-lignes\" target=\"_blank\" rel=\"noreferrer noopener nofollow\">Un train percute un arbre pr\u00e8s de Lyon, le trafic interrompu sur deux lignes<\/a><\/strong><\/p>\n","protected":false},"excerpt":{"rendered":"L\u2019accident, survenu t\u00f4t ce dimanche matin dans l&rsquo;Ain, n\u2019a fait aucun bless\u00e9. La circulation ferroviaire a \u00e9t\u00e9 perturb\u00e9e&hellip;\n","protected":false},"author":2,"featured_media":160566,"comment_status":"","ping_status":"","sticky":false,"template":"","format":"standard","meta":{"footnotes":""},"categories":[1889],"tags":[119,1111,11,2430,1777,674,118,1011,27,2428,12,25],"class_list":{"0":"post-160565","1":"post","2":"type-post","3":"status-publish","4":"format-standard","5":"has-post-thumbnail","7":"category-lyon","8":"tag-accident","9":"tag-actu","10":"tag-actualites","11":"tag-auvergne-rhone-alpes","12":"tag-eu","13":"tag-europe","14":"tag-faits-divers","15":"tag-fr","16":"tag-france","17":"tag-lyon","18":"tag-news","19":"tag-republique-francaise"},"share_on_mastodon":{"url":"https:\/\/pubeurope.com\/@fr\/114647028400395832","error":""},"_links":{"self":[{"href":"https:\/\/www.europesays.com\/fr\/wp-json\/wp\/v2\/posts\/160565","targetHints":{"allow":["GET"]}}],"collection":[{"href":"https:\/\/www.europesays.com\/fr\/wp-json\/wp\/v2\/posts"}],"about":[{"href":"https:\/\/www.europesays.com\/fr\/wp-json\/wp\/v2\/types\/post"}],"author":[{"embeddable":true,"href":"https:\/\/www.europesays.com\/fr\/wp-json\/wp\/v2\/users\/2"}],"replies":[{"embeddable":true,"href":"https:\/\/www.europesays.com\/fr\/wp-json\/wp\/v2\/comments?post=160565"}],"version-history":[{"count":0,"href":"https:\/\/www.europesays.com\/fr\/wp-json\/wp\/v2\/posts\/160565\/revisions"}],"wp:featuredmedia":[{"embeddable":true,"href":"https:\/\/www.europesays.com\/fr\/wp-json\/wp\/v2\/media\/160566"}],"wp:attachment":[{"href":"https:\/\/www.europesays.com\/fr\/wp-json\/wp\/v2\/media?parent=160565"}],"wp:term":[{"taxonomy":"category","embeddable":true,"href":"https:\/\/www.europesays.com\/fr\/wp-json\/wp\/v2\/categories?post=160565"},{"taxonomy":"post_tag","embeddable":true,"href":"https:\/\/www.europesays.com\/fr\/wp-json\/wp\/v2\/tags?post=160565"}],"curies":[{"name":"wp","href":"https:\/\/api.w.org\/{rel}","templated":true}]}}