{"id":160567,"date":"2025-06-08T09:29:09","date_gmt":"2025-06-08T09:29:09","guid":{"rendered":"https:\/\/www.europesays.com\/fr\/160567\/"},"modified":"2025-06-08T09:29:09","modified_gmt":"2025-06-08T09:29:09","slug":"emeches-et-mecontents-ils-cassent-le-pare-chocs-et-le-pare-brise-dun-bus-de-la-ratp","status":"publish","type":"post","link":"https:\/\/www.europesays.com\/fr\/160567\/","title":{"rendered":"\u00ab\u00a0\u00e9m\u00e9ch\u00e9s et m\u00e9contents\u00a0\u00bb, ils cassent le pare-chocs et le pare-brise d&rsquo;un bus de la RATP"},"content":{"rendered":"<p>            Par<br \/>\n        <strong><br \/>\n            <a href=\"https:\/\/actu.fr\/auteur\/redaction-paris\" title=\"Consulter tous les articles de R\u00e9daction Paris\" target=\"_blank\" rel=\"noopener\">R\u00e9daction Paris<\/a><br \/>\n        <\/strong><\/p>\n<p>        Publi\u00e9 le<\/p>\n<p>            8 juin 2025 \u00e0 11h25        <\/p>\n<p>Une r\u00e9action pour le moins excessive. Dans la nuit du vendredi\u00a06 au samedi 7\u00a0juin, un bus de la <a href=\"https:\/\/actu.fr\/tag\/ratp\" target=\"_blank\" rel=\"noopener\">RATP<\/a> a \u00e9t\u00e9 attaqu\u00e9 par <strong>plusieurs personnes<\/strong> \u00e0 <a href=\"https:\/\/actu.fr\/ile-de-france\/puteaux_92062\" target=\"_blank\" rel=\"noopener\">Puteaux<\/a>, dans le quartier de <a href=\"https:\/\/actu.fr\/tag\/la-defense\" target=\"_blank\" rel=\"noopener\">La D\u00e9fense<\/a> (Hauts-de-Seine), comme l\u2019a d\u00e9plor\u00e9 sur le r\u00e9seau social X le repr\u00e9sentant CGT et \u00e9lu \u00e0 la commission sant\u00e9, s\u00e9curit\u00e9 et conditions de travail (CSSCT) de la r\u00e9gie, Amhed Berrahal.<\/p>\n<p>Les auteurs en fuite<\/p>\n<p class=\" wall-content\">D\u2019apr\u00e8s le compte rendu, les faits se sont d\u00e9roul\u00e9s \u00e0 la fin de service sur la <strong>ligne 178<\/strong>, vers 2\u00a0heures du matin, alors que le machiniste s\u2019appr\u00eatait \u00e0 rentrer au d\u00e9p\u00f4t. Une donn\u00e9e peu au go\u00fbt des \u00ab\u2009individus\u2009\u00bb. \u00ab<strong>\u2009Em\u00e9ch\u00e9s et m\u00e9contents<\/strong>\u2009\u00bb, ces derniers ont \u00ab\u2009cass\u00e9 le <strong>pare-brise<\/strong> c\u00f4t\u00e9 conducteur et le <strong>pare-chocs<\/strong> avec des objets contendants\u00a0\u00bb, explique la RATP.\u00a0<\/p>\n<p class=\" wall-content\">\n<p class=\" wall-content\">Le conducteur \u00e9tait \u00e0 l\u2019int\u00e9rieur du bus au moment des faits. Apr\u00e8s avoir endommag\u00e9 le v\u00e9hicule, ils \u00ab\u2009ont pris la fuite\u2009\u00bb, indique la RATP dans son r\u00e9cit.\u00a0De son c\u00f4t\u00e9, le chauffeur a \u00ab<strong>\u2009\u00e9t\u00e9 pris en charge<\/strong>\u2009\u00bb par une voiture de la r\u00e9gie apr\u00e8s avoir alert\u00e9 les secours. \u00ab\u2009Une <strong>plainte<\/strong> va \u00eatre d\u00e9pos\u00e9e\u2009\u00bb, pr\u00e9cise la RATP, qui \u00ab\u00a0condamne avec la plus grande fermet\u00e9 cet acte de violence inacceptable\u00a0\u00bb.\u00a0<\/p>\n<p class=\" wall-content\">En d\u00e9cembre\u00a02024, deux agressions s\u2019\u00e9taient produites \u00e0 Paris et \u00e0 Montreuil (Seine-Saint-Denis), comme nous l\u2019avions <a href=\"https:\/\/actu.fr\/ile-de-france\/paris_75056\/ratp-crachats-brulures-deux-chauffeurs-de-bus-victimes-d-agressions-a-paris-et-en-seine-saint-denis_62058958.html\" target=\"_blank\" rel=\"noopener\">rapport\u00e9<\/a>. Des faits qui s\u2019inscrivent de <strong>tensions croissantes<\/strong>. D\u2019apr\u00e8s <a href=\"https:\/\/www.leparisien.fr\/info-paris-ile-de-france-oise\/transports\/grand-paris-les-agressions-de-chauffeurs-de-bus-ont-augmente-de-102-en-trois-ans-10-02-2025-Z4F6XXWVRFA7LNB7AK4HWBW7LQ.php\" target=\"_blank\" rel=\"noopener\">Le Parisien<\/a>, les agressions ont augment\u00e9 de <strong>102\u2009%<\/strong> entre trois ans, passant de 690 en 2021 \u00e0 1\u2009400 en 2024.<\/p>\n<p class=\" wall-content\">Suivez toute l\u2019actualit\u00e9 de vos villes et m\u00e9dias favoris en vous inscrivant \u00e0 <a href=\"https:\/\/moncompte.actu.fr\" title=\"D\u00e9couvez Mon Actu\" rel=\"nofollow noopener\" data-trk=\"{&quot;cta&quot;:{&quot;action&quot;:&quot;https:\\\/\\\/moncompte.actu.fr&quot;,&quot;category&quot;:&quot;mon compte&quot;,&quot;from&quot;:&quot;article footer&quot;,&quot;name&quot;:&quot;Mon actu&quot;,&quot;type&quot;:&quot;cta&quot;}}\" target=\"_blank\">Mon Actu<\/a>.<\/p>\n","protected":false},"excerpt":{"rendered":"Par R\u00e9daction Paris Publi\u00e9 le 8 juin 2025 \u00e0 11h25 Une r\u00e9action pour le moins excessive. Dans la&hellip;\n","protected":false},"author":2,"featured_media":160568,"comment_status":"","ping_status":"","sticky":false,"template":"","format":"standard","meta":{"footnotes":""},"categories":[1888],"tags":[1111,1928,11,1927,1777,674,118,1011,27,1877,12,1926,626,1925,625,25],"class_list":{"0":"post-160567","1":"post","2":"type-post","3":"status-publish","4":"format-standard","5":"has-post-thumbnail","7":"category-paris","8":"tag-actu","9":"tag-actu-paris","10":"tag-actualites","11":"tag-actualites-paris","12":"tag-eu","13":"tag-europe","14":"tag-faits-divers","15":"tag-fr","16":"tag-france","17":"tag-la-defense","18":"tag-news","19":"tag-news-paris","20":"tag-paris","21":"tag-paris-news","22":"tag-ratp","23":"tag-republique-francaise"},"share_on_mastodon":{"url":"https:\/\/pubeurope.com\/@fr\/114647044123771676","error":""},"_links":{"self":[{"href":"https:\/\/www.europesays.com\/fr\/wp-json\/wp\/v2\/posts\/160567","targetHints":{"allow":["GET"]}}],"collection":[{"href":"https:\/\/www.europesays.com\/fr\/wp-json\/wp\/v2\/posts"}],"about":[{"href":"https:\/\/www.europesays.com\/fr\/wp-json\/wp\/v2\/types\/post"}],"author":[{"embeddable":true,"href":"https:\/\/www.europesays.com\/fr\/wp-json\/wp\/v2\/users\/2"}],"replies":[{"embeddable":true,"href":"https:\/\/www.europesays.com\/fr\/wp-json\/wp\/v2\/comments?post=160567"}],"version-history":[{"count":0,"href":"https:\/\/www.europesays.com\/fr\/wp-json\/wp\/v2\/posts\/160567\/revisions"}],"wp:featuredmedia":[{"embeddable":true,"href":"https:\/\/www.europesays.com\/fr\/wp-json\/wp\/v2\/media\/160568"}],"wp:attachment":[{"href":"https:\/\/www.europesays.com\/fr\/wp-json\/wp\/v2\/media?parent=160567"}],"wp:term":[{"taxonomy":"category","embeddable":true,"href":"https:\/\/www.europesays.com\/fr\/wp-json\/wp\/v2\/categories?post=160567"},{"taxonomy":"post_tag","embeddable":true,"href":"https:\/\/www.europesays.com\/fr\/wp-json\/wp\/v2\/tags?post=160567"}],"curies":[{"name":"wp","href":"https:\/\/api.w.org\/{rel}","templated":true}]}}