{"id":16058,"date":"2025-04-10T23:14:17","date_gmt":"2025-04-10T23:14:17","guid":{"rendered":"https:\/\/www.europesays.com\/fr\/16058\/"},"modified":"2025-04-10T23:14:17","modified_gmt":"2025-04-10T23:14:17","slug":"louis-ferreira-va-retrouver-son-terrain-de-jeu-actualite","status":"publish","type":"post","link":"https:\/\/www.europesays.com\/fr\/16058\/","title":{"rendered":"Louis Ferreira va retrouver son terrain de jeu &#8211; Actualit\u00e9"},"content":{"rendered":"<p style=\"text-align: justify;\">Louis Ferreira prend des rep\u00e8res, petit \u00e0 petit. Dimanche dernier, il a termin\u00e9 6e de Bourg-Arbent-Bourg, apr\u00e8s avoir pris la poudre d&rsquo;escampette (<strong><a href=\"https:\/\/www.directvelo.com\/actualite\/119714\/bourg-arbent-bourg-classement\" target=\"_blank\" rel=\"nofollow noopener\">voir classement<\/a><\/strong>). \u00ab\u00a0\u00c7a a \u00e9t\u00e9 tr\u00e8s dur. J&rsquo;\u00e9tais d\u00e9j\u00e0 \u00e0 fond d\u00e8s qu&rsquo;on est sortis au kilom\u00e8tre 80. Quand \u00e7a a attaqu\u00e9 \u00e0 4-5 bornes de l&rsquo;arriv\u00e9e, c&rsquo;\u00e9tait compliqu\u00e9. J\u2019ai p\u00e9t\u00e9 et apr\u00e8s je me suis dit qu\u2019il fallait quand m\u00eame essayer d&rsquo;aller faire 6e. J&rsquo;ai fini comme j&rsquo;ai pu\u00a0\u00bb, souffle le coureur de Bourg-en-Bresse Ain Cyclisme. Avec un \u00e9cart jamais tr\u00e8s important, l&rsquo;\u00e9chapp\u00e9e dans laquelle il figurait n&rsquo;a pas eu le choix que d&rsquo;\u00e9craser les p\u00e9dales. \u00ab\u00a0On n&rsquo;a jamais d\u00e9branch\u00e9. On a roul\u00e9 aussi vite qu&rsquo;on pouvait. J&rsquo;esp\u00e9rais que Victor (Loulergue) et Huw (Buck Jones) arrivent \u00e0 sortir dans la bosse et reviennent. Heureusement, c&rsquo;est ce qu&rsquo;ils ont fait\u00a0\u00bb.<\/p>\n<p>Finalement, ses co\u00e9quipiers ont \u00e9t\u00e9 pi\u00e9g\u00e9s par Colin Savioz dans le sprint, mais Louis Ferreira est bien parvenu \u00e0 d\u00e9crocher une place d&rsquo;honneur derri\u00e8re les cinq hommes de t\u00eate. Nouveau venu dans l&rsquo;est de la France, l&rsquo;ancien coureur de l&rsquo;Oc\u00e9ane Top 16 commence \u00e0 se lancer apr\u00e8s un hiver difficile. \u00ab\u00a0Je progresse de semaine en semaine. J&rsquo;ai eu un hiver contrari\u00e9 par une blessure. Au d\u00e9but d\u00e9cembre, j&rsquo;ai eu une fracture de fatigue au bassin. Je n&rsquo;ai roul\u00e9 ni en d\u00e9cembre ni en janvier. Je suis plut\u00f4t content de revenir \u00e0 ce niveau. L\u00e0 je pars aux Ardennes. J&rsquo;esp\u00e8re que je vais encore passer un cap et \u00eatre au top de ma forme pour l\u2019Alpes Is\u00e8re Tour\u00a0\u00bb.<\/p>\n<p><strong>UNE PREMI\u00c8RE EN CLASSE 2, AVANT UNE PREMI\u00c8RE DANS LES COLS<\/strong><\/p>\n<p>Tent\u00e9 par cette nouvelle aventure apr\u00e8s sa victoire au Tour du Beaujolais, le calendrier Bourg-en-Bresse Ain Cyclisme lui permet de d\u00e9couvrir des \u00e9preuves de plus haut niveau. \u00ab\u00a0Je voulais vraiment changer compl\u00e8tement de calendrier. Christian (Milesi, directeur sportif, NDLR) m&rsquo;avait dit qu&rsquo;on passerait peut-\u00eatre Conti F\u00e9d\u00e9rale. D\u00e9couvrir les Classe 2 comme l\u2019Alpes Is\u00e8re Tour, c&rsquo;est ce qui m&rsquo;a motiv\u00e9\u00a0\u00bb. Mais c&rsquo;est donc par le Circuit des Ardennes, qui d\u00e9bute ce mercredi, qu&rsquo;il va passer. \u00ab\u00a0J&rsquo;y vais avec l\u2019ambition de d\u00e9couvrir. Je n&rsquo;ai jamais fait de Classe 2. Je n&rsquo;ai aucune id\u00e9e de ce que je peux faire. J&rsquo;ai envie de voir si j&rsquo;arrive \u00e0 bien me placer avant les bosses. Je veux m&rsquo;accrocher le plus longtemps avec les meilleurs et voir ce que \u00e7a donne\u00a0\u00bb.<\/p>\n<p>Si les bosses \u00ab\u00a0manquaient un peu de pourcentage et surtout de longueur\u00a0\u00bb sur Bourg-Arbent-Bourg dimanche dernier, la difficult\u00e9 devrait monter d&rsquo;un cran dans les Ardennes. Mais Louis Ferreira attend que les bosses deviennent des cols. \u00ab\u00a0J&rsquo;aime bien les efforts d&rsquo;une demi-heure dans les cols assez raides. C\u2019est l\u00e0 o\u00f9 mon rapport poids-puissance fait la diff\u00e9rence. Mais je me suis quand m\u00eame fait plaisir \u00e0 l&rsquo;avant aujourd&rsquo;hui (dimanche)\u00a0\u00bb. Logique, donc, que l&rsquo;Alpes Is\u00e8re Tour soit tr\u00e8s pr\u00e9sent dans son esprit. \u00ab\u00a0C\u2019est un gros objectif. Je n&rsquo;ai jamais fait une \u00e9tape \u00e0 4000-5000 m\u00e8tres de d\u00e9nivel\u00e9 positif. Je n&rsquo;ai aucune id\u00e9e de mes limites. Je veux voir o\u00f9 je peux aller\u00a0\u00bb. Premier \u00e9l\u00e9ment de r\u00e9ponse cette semaine, avant le test en montagne.<\/p>\n","protected":false},"excerpt":{"rendered":"Louis Ferreira prend des rep\u00e8res, petit \u00e0 petit. Dimanche dernier, il a termin\u00e9 6e de Bourg-Arbent-Bourg, apr\u00e8s avoir&hellip;\n","protected":false},"author":2,"featured_media":16059,"comment_status":"","ping_status":"","sticky":false,"template":"","format":"standard","meta":{"footnotes":""},"categories":[1411],"tags":[834,828,836,829,837,827,83,826,824,823,1154,207,814,817,815,816,822,821,832,211,839,1011,27,820,818,819,835,831,830,833,838,60,212,208,825],"class_list":{"0":"post-16058","1":"post","2":"type-post","3":"status-publish","4":"format-standard","5":"has-post-thumbnail","7":"category-cyclisme","8":"tag-attaque","9":"tag-belgique","10":"tag-braquet","11":"tag-bretagne","12":"tag-chute","13":"tag-competition","14":"tag-coupe-de-france","15":"tag-coureur","16":"tag-course-cyclisme","17":"tag-course-cycliste","18":"tag-cycling","19":"tag-cyclisme","20":"tag-direct","21":"tag-direct-velo","22":"tag-directvelo","23":"tag-directvelo-com","24":"tag-epreuve","25":"tag-epreuve-cycliste","26":"tag-federation-francaise-de-cyclisme","27":"tag-ffc","28":"tag-flandres","29":"tag-fr","30":"tag-france","31":"tag-live","32":"tag-live-course","33":"tag-live-epreuve","34":"tag-peloton","35":"tag-radio-peloton","36":"tag-radio-tour","37":"tag-ravitaillement","38":"tag-relance","39":"tag-sports","40":"tag-uci","41":"tag-velo","42":"tag-velos"},"share_on_mastodon":{"url":"https:\/\/pubeurope.com\/@fr\/114316211879531354","error":""},"_links":{"self":[{"href":"https:\/\/www.europesays.com\/fr\/wp-json\/wp\/v2\/posts\/16058","targetHints":{"allow":["GET"]}}],"collection":[{"href":"https:\/\/www.europesays.com\/fr\/wp-json\/wp\/v2\/posts"}],"about":[{"href":"https:\/\/www.europesays.com\/fr\/wp-json\/wp\/v2\/types\/post"}],"author":[{"embeddable":true,"href":"https:\/\/www.europesays.com\/fr\/wp-json\/wp\/v2\/users\/2"}],"replies":[{"embeddable":true,"href":"https:\/\/www.europesays.com\/fr\/wp-json\/wp\/v2\/comments?post=16058"}],"version-history":[{"count":0,"href":"https:\/\/www.europesays.com\/fr\/wp-json\/wp\/v2\/posts\/16058\/revisions"}],"wp:featuredmedia":[{"embeddable":true,"href":"https:\/\/www.europesays.com\/fr\/wp-json\/wp\/v2\/media\/16059"}],"wp:attachment":[{"href":"https:\/\/www.europesays.com\/fr\/wp-json\/wp\/v2\/media?parent=16058"}],"wp:term":[{"taxonomy":"category","embeddable":true,"href":"https:\/\/www.europesays.com\/fr\/wp-json\/wp\/v2\/categories?post=16058"},{"taxonomy":"post_tag","embeddable":true,"href":"https:\/\/www.europesays.com\/fr\/wp-json\/wp\/v2\/tags?post=16058"}],"curies":[{"name":"wp","href":"https:\/\/api.w.org\/{rel}","templated":true}]}}