{"id":160582,"date":"2025-06-08T09:37:09","date_gmt":"2025-06-08T09:37:09","guid":{"rendered":"https:\/\/www.europesays.com\/fr\/160582\/"},"modified":"2025-06-08T09:37:09","modified_gmt":"2025-06-08T09:37:09","slug":"cherki-ol-voudra-valider-sa-premiere-contre-lallemagne","status":"publish","type":"post","link":"https:\/\/www.europesays.com\/fr\/160582\/","title":{"rendered":"Cherki (OL) voudra valider sa premi\u00e8re contre l&rsquo;Allemagne"},"content":{"rendered":"<p>                            <img width=\"770\" height=\"433\" src=\"https:\/\/www.europesays.com\/fr\/wp-content\/uploads\/2025\/06\/Cherki-770x433.jpg\" class=\"attachment-article size-article wp-post-image\" alt=\"Cherki et Mbapp\u00e9 en \u00e9quipe de France\" decoding=\"async\" fetchpriority=\"high\"  \/><\/p>\n<p>Cherki et Mbapp\u00e9 en \u00e9quipe de France (Photo by FRANCK FIFE \/ AFP)<\/p>\n<p>Probablement titulaire face \u00e0 l&rsquo;Allemagne ce dimanche (15 heures), Rayan Cherki conna\u00eetra sa deuxi\u00e8me s\u00e9lection avec la France. Avec l&rsquo;envie de r\u00e9p\u00e9ter la prestation r\u00e9alis\u00e9e contre l&rsquo;Espagne jeudi. <\/p>\n<p>Il aurait sans doute aim\u00e9 jouer pour un titre, pour un troph\u00e9e. Ce dimanche, Rayan <strong>Cherki <\/strong>va d\u00e9fier l&rsquo;Allemagne avec la France. Une rencontre comptant pour la troisi\u00e8me place de la Ligue des nations, qui n&rsquo;aura en r\u00e9alit\u00e9 que peu d&rsquo;enjeux sportifs. Mais ce duel rev\u00eat toutefois une dimension particuli\u00e8re pour le milieu offensif de l&rsquo;OL. En effet, il devrait vivre sa premi\u00e8re titularisation avec les Bleus. <\/p>\n<p>Cela fait suite \u00e0 sa premi\u00e8re tr\u00e8s r\u00e9ussie avec la s\u00e9lection jeudi. Malgr\u00e9 la d\u00e9faite lors de la demi-finale contre l&rsquo;Espagne<a href=\"https:\/\/www.olympique-et-lyonnais.com\/pour-sa-premiere-en-bleus-cherki-na-pas-eu-froid-aux-yeux-contre-lespagne,364531.html\" rel=\"nofollow noopener\" target=\"_blank\"> jeudi (5-4)<\/a>, le Lyonnais s&rsquo;est signal\u00e9 \u00e0 son entr\u00e9e en jeu. Il a d&rsquo;abord marqu\u00e9 un but sublime, avant de d\u00e9livrer une avant-derni\u00e8re et une passe d\u00e9cisive, le tout en une trentaine de minutes. Profitant des forfaits de <a href=\"https:\/\/www.olympique-et-lyonnais.com\/bleus-dembele-et-barcola-forfaits-cherki-titulaire-contre-lallemagne,364725.html\" rel=\"nofollow noopener\" target=\"_blank\">plusieurs \u00e9l\u00e9ments<\/a> offensifs, il aura l&rsquo;occasion de valider sa premi\u00e8re s\u00e9lection pass\u00e9e avec succ\u00e8s. <\/p>\n<p>Dernier match avant son transfert ?<\/p>\n<p>\u00ab\u00a0J&rsquo;ai essay\u00e9 d&rsquo;apporter ma touche \u00e0 l&rsquo;\u00e9quipe, mais il faut continuer de travailler afin que mes co\u00e9quipiers prennent du plaisir\u00a0\u00bb, a-t-il d\u00e9clar\u00e9 au micro de la F\u00e9d\u00e9ration au sujet de ses d\u00e9buts chez les \u00ab\u00a0grands\u00a0\u00bb. Du plaisir, il esp\u00e8re en donner ce 8 juin \u00e0 partir de 15 heures. Il devrait commencer la partie dans le 11, avec donc plus de temps pour s&rsquo;exprimer. <\/p>\n<p>Ce pourrait \u00eatre sa derni\u00e8re apparition de la saison, m\u00eame <a href=\"https:\/\/www.olympique-et-lyonnais.com\/ol-mercato-lavenir-de-cherki-se-dessine,364535.html\" rel=\"nofollow noopener\" target=\"_blank\">si un transfert<\/a> \u00e0 Manchester City dans les prochaines heures changerait la donne. En effet, il serait alors susceptible de disputer la Coupe du monde des clubs entre le 14 juin et le 13 juillet. Mais nous n&rsquo;en sommes pas encore l\u00e0, et Rayan Cherki a d\u00e9j\u00e0 une affiche \u00e0 bien n\u00e9gocier face aux Allemands. Une sortie qui, si elle se passe bien, sera le point final sur un <a href=\"https:\/\/www.olympique-et-lyonnais.com\/ol-bleus-avec-cherki-les-pieds-parlent-deux-memes-pour-mbappe,364742.html\" rel=\"nofollow noopener\" target=\"_blank\">bon premier rassemblement<\/a> avec la France.<\/p>\n","protected":false},"excerpt":{"rendered":"Cherki et Mbapp\u00e9 en \u00e9quipe de France (Photo by FRANCK FIFE \/ AFP) Probablement titulaire face \u00e0 l&rsquo;Allemagne&hellip;\n","protected":false},"author":2,"featured_media":160583,"comment_status":"","ping_status":"","sticky":false,"template":"","format":"standard","meta":{"footnotes":""},"categories":[1587],"tags":[11,672,1804,4672,1805,1803,1777,674,27,1801,12,1802],"class_list":{"0":"post-160582","1":"post","2":"type-post","3":"status-publish","4":"format-standard","5":"has-post-thumbnail","7":"category-allemagne","8":"tag-actualites","9":"tag-allemagne","10":"tag-bundesrepublik-deutschland","11":"tag-cherki","12":"tag-de","13":"tag-deutschland","14":"tag-eu","15":"tag-europe","16":"tag-france","17":"tag-germany","18":"tag-news","19":"tag-republique-federale-dallemagne"},"share_on_mastodon":{"url":"https:\/\/pubeurope.com\/@fr\/114647075679758273","error":""},"_links":{"self":[{"href":"https:\/\/www.europesays.com\/fr\/wp-json\/wp\/v2\/posts\/160582","targetHints":{"allow":["GET"]}}],"collection":[{"href":"https:\/\/www.europesays.com\/fr\/wp-json\/wp\/v2\/posts"}],"about":[{"href":"https:\/\/www.europesays.com\/fr\/wp-json\/wp\/v2\/types\/post"}],"author":[{"embeddable":true,"href":"https:\/\/www.europesays.com\/fr\/wp-json\/wp\/v2\/users\/2"}],"replies":[{"embeddable":true,"href":"https:\/\/www.europesays.com\/fr\/wp-json\/wp\/v2\/comments?post=160582"}],"version-history":[{"count":0,"href":"https:\/\/www.europesays.com\/fr\/wp-json\/wp\/v2\/posts\/160582\/revisions"}],"wp:featuredmedia":[{"embeddable":true,"href":"https:\/\/www.europesays.com\/fr\/wp-json\/wp\/v2\/media\/160583"}],"wp:attachment":[{"href":"https:\/\/www.europesays.com\/fr\/wp-json\/wp\/v2\/media?parent=160582"}],"wp:term":[{"taxonomy":"category","embeddable":true,"href":"https:\/\/www.europesays.com\/fr\/wp-json\/wp\/v2\/categories?post=160582"},{"taxonomy":"post_tag","embeddable":true,"href":"https:\/\/www.europesays.com\/fr\/wp-json\/wp\/v2\/tags?post=160582"}],"curies":[{"name":"wp","href":"https:\/\/api.w.org\/{rel}","templated":true}]}}