{"id":160596,"date":"2025-06-08T09:46:09","date_gmt":"2025-06-08T09:46:09","guid":{"rendered":"https:\/\/www.europesays.com\/fr\/160596\/"},"modified":"2025-06-08T09:46:09","modified_gmt":"2025-06-08T09:46:09","slug":"roland-garros-sinner-a-lentrainement-avec-la-pepite-du-tennis-francais-avant-sa-finale-contre-alcaraz","status":"publish","type":"post","link":"https:\/\/www.europesays.com\/fr\/160596\/","title":{"rendered":"Roland Garros > Sinner \u00e0 l&rsquo;entra\u00eenement avec la p\u00e9pite du tennis fran\u00e7ais avant sa finale contre Alcaraz"},"content":{"rendered":"<p>Pr\u00e9sent ce samedi apr\u00e8s\u2010midi pour son dernier vrai entra\u00ee\u00adne\u00adment avant d\u2019af\u00adfronter Carlos Alcaraz en finale de Roland\u2010Garros (\u00e0 partir de 15h ce dimanche), Jannik Sinner a choisi un parte\u00adnaire particulier.<\/p>\n<p>En effet, le num\u00e9ro 1 mondial a tap\u00e9 la balle avec le jeune espoir fran\u00ad\u00e7ais, Mo\u00efse Kouam\u00e9, 834e mondial \u00e0 16 ans et r\u00e9cem\u00adment invit\u00e9 sur les quali\u00adfi\u00adca\u00adtions du Grand Chelem pari\u00adsien o\u00f9 il s\u2019est inclin\u00e9 d\u2019entr\u00e9e.\u00a0<\/p>\n<blockquote class=\"twitter-tweet\">\n<p lang=\"fr\" dir=\"ltr\">Je me prom\u00e8ne tran\u00adquille\u00adment dans les all\u00e9es de <a href=\"https:\/\/twitter.com\/hashtag\/RolandGarros?src=hash&amp;ref_src=twsrc%5Etfw\" data-wpel-link=\"external\" target=\"_blank\" rel=\"nofollow external noopener\">#RolandGarros<\/a> et tombe sur un entra\u00ee\u00adne\u00adment entre Sinner et <a href=\"https:\/\/twitter.com\/moisekouame09?ref_src=twsrc%5Etfw\" data-wpel-link=\"external\" target=\"_blank\" rel=\"nofollow external noopener\">@moisekouame09<\/a> \ud83e\udd29 <a href=\"https:\/\/t.co\/28PN3wJyUl\" data-wpel-link=\"external\" target=\"_blank\" rel=\"nofollow external noopener\">pic.twitter.com\/28PN3wJyUl<\/a><\/p>\n<p>\u2014 Jorro (@Jorro84) <a href=\"https:\/\/twitter.com\/Jorro84\/status\/1931338402114277763?ref_src=twsrc%5Etfw\" data-wpel-link=\"external\" target=\"_blank\" rel=\"nofollow external noopener\">June 7,\u00a02025<\/a><\/p><\/blockquote>\n<p>Forc\u00e9ment un grand moment pour la p\u00e9pite tricolore.\u00a0<\/p>\n<p class=\"post-published-date\" style=\"color: silver; font-size: 75%; text-align: left;\">Publi\u00e9 le dimanche 8 juin 2025 \u00e0 10:10<\/p>\n<p><script async src=\"https:\/\/platform.twitter.com\/widgets.js\" charset=\"utf-8\"><\/script><\/p>\n","protected":false},"excerpt":{"rendered":"Pr\u00e9sent ce samedi apr\u00e8s\u2010midi pour son dernier vrai entra\u00ee\u00adne\u00adment avant d\u2019af\u00adfronter Carlos Alcaraz en finale de Roland\u2010Garros (\u00e0&hellip;\n","protected":false},"author":2,"featured_media":160597,"comment_status":"","ping_status":"","sticky":false,"template":"","format":"standard","meta":{"footnotes":""},"categories":[1415],"tags":[1744,1011,27,2127,60,1467],"class_list":{"0":"post-160596","1":"post","2":"type-post","3":"status-publish","4":"format-standard","5":"has-post-thumbnail","7":"category-tennis","8":"tag-alcaraz","9":"tag-fr","10":"tag-france","11":"tag-sinner","12":"tag-sports","13":"tag-tennis"},"share_on_mastodon":{"url":"https:\/\/pubeurope.com\/@fr\/114647110927829642","error":""},"_links":{"self":[{"href":"https:\/\/www.europesays.com\/fr\/wp-json\/wp\/v2\/posts\/160596","targetHints":{"allow":["GET"]}}],"collection":[{"href":"https:\/\/www.europesays.com\/fr\/wp-json\/wp\/v2\/posts"}],"about":[{"href":"https:\/\/www.europesays.com\/fr\/wp-json\/wp\/v2\/types\/post"}],"author":[{"embeddable":true,"href":"https:\/\/www.europesays.com\/fr\/wp-json\/wp\/v2\/users\/2"}],"replies":[{"embeddable":true,"href":"https:\/\/www.europesays.com\/fr\/wp-json\/wp\/v2\/comments?post=160596"}],"version-history":[{"count":0,"href":"https:\/\/www.europesays.com\/fr\/wp-json\/wp\/v2\/posts\/160596\/revisions"}],"wp:featuredmedia":[{"embeddable":true,"href":"https:\/\/www.europesays.com\/fr\/wp-json\/wp\/v2\/media\/160597"}],"wp:attachment":[{"href":"https:\/\/www.europesays.com\/fr\/wp-json\/wp\/v2\/media?parent=160596"}],"wp:term":[{"taxonomy":"category","embeddable":true,"href":"https:\/\/www.europesays.com\/fr\/wp-json\/wp\/v2\/categories?post=160596"},{"taxonomy":"post_tag","embeddable":true,"href":"https:\/\/www.europesays.com\/fr\/wp-json\/wp\/v2\/tags?post=160596"}],"curies":[{"name":"wp","href":"https:\/\/api.w.org\/{rel}","templated":true}]}}