{"id":160598,"date":"2025-06-08T09:48:11","date_gmt":"2025-06-08T09:48:11","guid":{"rendered":"https:\/\/www.europesays.com\/fr\/160598\/"},"modified":"2025-06-08T09:48:11","modified_gmt":"2025-06-08T09:48:11","slug":"alex-marquez-a-eu-un-moment-dillusion-avant-de-capituler","status":"publish","type":"post","link":"https:\/\/www.europesays.com\/fr\/160598\/","title":{"rendered":"\u00c1lex M\u00e1rquez a eu un \u00ab\u00a0moment d&rsquo;illusion\u00a0\u00bb avant de capituler"},"content":{"rendered":"<p>Un pilote est-il en mesure de battre <a href=\"https:\/\/fr.motorsport.com\/driver\/marc-marquez\/92646\/\" target=\"_blank\" rel=\"noopener\">Marc M\u00e1rquez<\/a> ce week-end\u00a0? <a href=\"https:\/\/fr.motorsport.com\/driver\/alex-marquez\/96324\/\" target=\"_blank\" rel=\"noopener\">\u00c1lex M\u00e1rquez<\/a> a bri\u00e8vement cru que ce serait lui samedi, avant de revenir \u00e0 la raison. \u00c0 terre en EL2, le pilote Gresini a fait un \u00ab\u00a0tour assez propre\u00a0\u00bb en qualifications et \u00e0 pu prendre la deuxi\u00e8me place derri\u00e8re son fr\u00e8re. Lors du sprint, il a h\u00e9rit\u00e9 de la t\u00eate au d\u00e9part, quand Marc M\u00e1rquez a gliss\u00e9, et a men\u00e9 les premiers tours.<\/p>\n<p>\u00c1lex M\u00e1rquez pensait alors avoir une chance de victoire, mais il ignorait que Marc n&rsquo;\u00e9tait pas si loin. Remont\u00e9 au deuxi\u00e8me rang d\u00e8s le deuxi\u00e8me tour, le leader du championnat avait 0&Prime;685 \u00e0 combler, ce qu&rsquo;il a fait sans se pr\u00e9cipiter pour prendre la t\u00eate \u00e0 l&rsquo;entame du sixi\u00e8me tour. De son c\u00f4t\u00e9, \u00c1lex M\u00e1rquez a compris que tenter de trop r\u00e9sister ne m\u00e8nerait \u00e0 rien.<\/p>\n<p>\u00ab\u00a0J&rsquo;ai eu un moment d&rsquo;illusion o\u00f9 je me suis dit &lsquo;Je peux gagner'\u00a0\u00bb, a-t-il reconnu. \u00ab\u00a0Je l&rsquo;ai vu patiner au d\u00e9part, je me suis dit &lsquo;Peut-\u00eatre qu&rsquo;il a des soucis, peut-\u00eatre qu&rsquo;il sera huiti\u00e8me ou neuvi\u00e8me et que je pourrai m&rsquo;\u00e9chapper&rsquo;. Mais il m&rsquo;a dit qu&rsquo;il \u00e9tait d\u00e9j\u00e0 troisi\u00e8me au premier virage donc il n&rsquo;a pas perdu beaucoup de temps, c&rsquo;est assez court jusqu&rsquo;au premier virage ici.\u00a0\u00bb<\/p>\n<p>\u00ab\u00a0J&rsquo;ai juste essay\u00e9 de creuser l&rsquo;\u00e9cart, en me disant que Marc \u00e9tait un peu plus loin, mais aussi pour creuser l&rsquo;\u00e9cart sur [Franco] Morbidelli et tous les autres. Les quatre premiers tours ont \u00e9t\u00e9 tr\u00e8s bons, apr\u00e8s j&rsquo;ai \u00e9t\u00e9 un peu plus prudent. J&rsquo;\u00e9tais derri\u00e8re, il m&rsquo;avait doubl\u00e9, donc j&rsquo;ai juste essay\u00e9 de voir l&rsquo;arriv\u00e9e, de prendre des informations.\u00a0\u00bb<\/p>\n<p>\u00ab\u00a0\u00c7a fait [une m\u00e9daille] de plus. Ici, les risques \u00e0 prendre pour battre Marc sont trop \u00e9lev\u00e9s. \u00c7a n&rsquo;a pas vraiment de sens de continuer \u00e0 essayer parce qu&rsquo;on prendra [ces risques] et que \u00e7a ne sera peut-\u00eatre pas suffisant.\u00a0\u00bb<\/p>\n<p>   <img decoding=\"async\" draggable=\"false\" src=\"https:\/\/www.europesays.com\/fr\/wp-content\/uploads\/2025\/06\/1749376091_636_alex-marquez-gresini-racing-ma.jpg\" alt=\"Alex Marquez, Gresini Racing, Marc Marquez, Ducati Team\" width=\"1200\" height=\"800\" loading=\"lazy\"\/> <\/p>\n<p class=\"title\">\u00c1lex et Marc M\u00e1rquez apr\u00e8s la course sprint.<\/p>\n<p class=\"photographer\">Photo de: Lluis Gene \/ AFP via Getty Images<\/p>\n<p>S&rsquo;il a finalement renonc\u00e9 samedi, \u00c1lex M\u00e1rquez ne perd pas totalement espoir pour la course, tout en restant conscient du net avantage de son fr\u00e8re depuis le d\u00e9but des essais : \u00ab\u00a0On est dans un championnat o\u00f9 des choses peuvent toujours arriver. On a essay\u00e9 de faire notre mieux, pour \u00eatre l\u00e0, pour \u00eatre rapides [samedi] mais dans des conditions normales, si \u00e7a se passe normalement, ce sera dur de battre Marc. Mais comme je l&rsquo;ai dit, beaucoup de choses peuvent arriver. On essaie de faire de notre mieux, on essaie d&rsquo;\u00eatre l\u00e0.\u00a0\u00bb<\/p>\n<p>Mais perdre des risques inutiles pourrait finalement co\u00fbter tr\u00e8s cher\u00a0: \u00ab\u00a0Il peut gagner cinq points, mais je peux en perdre 20, on peut en perdre 25 ! Quand on arrive sur un circuit o\u00f9 Marc a montr\u00e9 qu&rsquo;il \u00e9tait meilleur que nous, pas d&rsquo;un cran mais d&rsquo;un cran et demi, il faut \u00eatre r\u00e9aliste. \u00c9videmment, [dimanche] je vais essayer de le battre. Je suis le premier \u00e0 vouloir gagner [dimanche] mais je dois \u00eatre tr\u00e8s intelligent et contr\u00f4ler ces risques. On sait que sur le papier, Marc est le favori ici.\u00a0\u00bb<\/p>\n<p>\u00c1lex M\u00e1rquez se m\u00e9fie \u00e9galement des autres pilotes. <a href=\"https:\/\/fr.motorsport.com\/driver\/fermin-aldeguer\/945314\/\" target=\"_blank\" rel=\"noopener\">Ferm\u00edn Aldeguer<\/a> a encore pris une belle troisi\u00e8me place samedi et <a href=\"https:\/\/fr.motorsport.com\/driver\/franco-morbidelli\/109417\/\" target=\"_blank\" rel=\"noopener\">Franco Morbidelli<\/a> \u00e9tait une menace dans les premiers tours. Ces deux pilotes, qui disposent d&rsquo;une Ducati GP24 identique \u00e0 la sienne, feront partie des candidats au podium ce dimanche.<\/p>\n<p>\u00ab\u00a0Ce ne sera pas non plus simple d&rsquo;\u00eatre deuxi\u00e8me, on a vu que Ferm\u00edn \u00e9tait tr\u00e8s rapide \u00e0 l&rsquo;avant. J&rsquo;en attendais un peu plus de la part de Franco. [Samedi] matin, il \u00e9tait super rapide avec un tendre us\u00e9 mais il a eu de petits soucis dans l&rsquo;apr\u00e8s-midi. Il faut \u00eatre tr\u00e8s concentr\u00e9s si [dimanche], on veut \u00eatre deuxi\u00e8mes. Si on a la possibilit\u00e9 d&rsquo;essayer de battre Marc, \u00e9videmment j&rsquo;essaierai.\u00a0\u00bb<\/p>\n<p>Lire aussi :<\/p>\n<p>Dans cet article<\/p>\n<p>    Vincent Lalanne-Sicaud\n<\/p>\n<p>    MotoGP\n<\/p>\n<p>    \u00c1lex M\u00e1rquez\n<\/p>\n<p>    Gresini Racing\n<\/p>\n<p>Soyez le premier inform\u00e9 et souscrivez aux alertes mails pour recevoir les infos en temps r\u00e9el<\/p>\n<p>    S&rsquo;abonner aux alertes de news<\/p>\n","protected":false},"excerpt":{"rendered":"Un pilote est-il en mesure de battre Marc M\u00e1rquez ce week-end\u00a0? \u00c1lex M\u00e1rquez a bri\u00e8vement cru que ce&hellip;\n","protected":false},"author":2,"featured_media":160599,"comment_status":"","ping_status":"","sticky":false,"template":"","format":"standard","meta":{"footnotes":""},"categories":[1413],"tags":[1011,27,26452,3452,1457,1456,1458,26453,60,7896],"class_list":{"0":"post-160598","1":"post","2":"type-post","3":"status-publish","4":"format-standard","5":"has-post-thumbnail","7":"category-moto","8":"tag-fr","9":"tag-france","10":"tag-gp-daragu00f3n","11":"tag-gresini-racing","12":"tag-moto","13":"tag-motocycle","14":"tag-motogp","15":"tag-motorland-aragu00f3n","16":"tag-sports","17":"tag-u00c1lex-mu00e1rquez"},"share_on_mastodon":{"url":"https:\/\/pubeurope.com\/@fr\/114647118852163751","error":""},"_links":{"self":[{"href":"https:\/\/www.europesays.com\/fr\/wp-json\/wp\/v2\/posts\/160598","targetHints":{"allow":["GET"]}}],"collection":[{"href":"https:\/\/www.europesays.com\/fr\/wp-json\/wp\/v2\/posts"}],"about":[{"href":"https:\/\/www.europesays.com\/fr\/wp-json\/wp\/v2\/types\/post"}],"author":[{"embeddable":true,"href":"https:\/\/www.europesays.com\/fr\/wp-json\/wp\/v2\/users\/2"}],"replies":[{"embeddable":true,"href":"https:\/\/www.europesays.com\/fr\/wp-json\/wp\/v2\/comments?post=160598"}],"version-history":[{"count":0,"href":"https:\/\/www.europesays.com\/fr\/wp-json\/wp\/v2\/posts\/160598\/revisions"}],"wp:featuredmedia":[{"embeddable":true,"href":"https:\/\/www.europesays.com\/fr\/wp-json\/wp\/v2\/media\/160599"}],"wp:attachment":[{"href":"https:\/\/www.europesays.com\/fr\/wp-json\/wp\/v2\/media?parent=160598"}],"wp:term":[{"taxonomy":"category","embeddable":true,"href":"https:\/\/www.europesays.com\/fr\/wp-json\/wp\/v2\/categories?post=160598"},{"taxonomy":"post_tag","embeddable":true,"href":"https:\/\/www.europesays.com\/fr\/wp-json\/wp\/v2\/tags?post=160598"}],"curies":[{"name":"wp","href":"https:\/\/api.w.org\/{rel}","templated":true}]}}