{"id":160600,"date":"2025-06-08T09:49:09","date_gmt":"2025-06-08T09:49:09","guid":{"rendered":"https:\/\/www.europesays.com\/fr\/160600\/"},"modified":"2025-06-08T09:49:09","modified_gmt":"2025-06-08T09:49:09","slug":"on-sait-ou-on-met-les-pieds-previent-xavier-sadourny-castres","status":"publish","type":"post","link":"https:\/\/www.europesays.com\/fr\/160600\/","title":{"rendered":"\u00abOn sait o\u00f9 on met les pieds\u00bb, pr\u00e9vient Xavier Sadourny (Castres)"},"content":{"rendered":"<p>Le manager castrais Xavier Sadourny s\u2019est projet\u00e9 sur le prochain barrage que son \u00e9quipe disputera \u00e0 Toulon samedi 14 juin prochain.<\/p>\n<p class=\"fig-paragraph\"><strong>Xavier Sadourny<\/strong>, manager de\u00a0<a href=\"http:\/\/www.lefigaro.fr\/sports\/rugby\/top-14\/top-14-l-ubb-dauphin-bayonne-a-l-avantage-du-terrain-toulouse-attend-le-rct-ou-castres-les-affiches-des-demi-finales-connues-20250607\" data-fig-type=\"NewsFlash\" data-gtm-custom-categorie=\"navigation\" data-gtm-custom-action=\"crossclick\" data-gtm-custom-label=\"Contextuel\" data-gtm-event=\"customEventSPE\" data-fig-domain=\"LEFIGARO\" rel=\"nofollow noopener\" target=\"_blank\">Castres<\/a>, apr\u00e8s la d\u00e9faite au\u00a0<a href=\"http:\/\/www.lefigaro.fr\/sports\/rugby\/top-14\/top-14-le-stade-francais-sauve-sa-peau-l-ubb-en-demi-finale-clermont-chipe-le-top-6-a-la-rochelle-les-enseignements-de-la-derniere-journee-20250607\" data-fig-type=\"NewsFlash\" data-gtm-custom-categorie=\"navigation\" data-gtm-custom-action=\"crossclick\" data-gtm-custom-label=\"Contextuel\" data-gtm-event=\"customEventSPE\" data-fig-domain=\"LEFIGARO\" rel=\"nofollow noopener\" target=\"_blank\">Stade Fran\u00e7ais<\/a>\u00a0: \u00ab Je pense qu\u2019on a fait un de nos plus mauvais matchs de la saison, on a manqu\u00e9 de ma\u00eetrise, on a manqu\u00e9 de pr\u00e9cision, on a manqu\u00e9 de beaucoup de choses mais on est qualifi\u00e9 et en m\u00eame temps \u00e7a aurait \u00e9t\u00e9 dur de ne pas \u00eatre qualifi\u00e9 vu la saison qu\u2019on fait. Sur les trois derniers mois, je pense qu\u2019on est cinqui\u00e8me ou sixi\u00e8me tout le temps. C\u2019est un sentiment un peu paradoxal, ce soir on est qualifi\u00e9 mais on est un petit peu d\u00e9\u00e7u de notre prestation. (&#8230;) L\u00e0, on fait partie des 8 meilleures \u00e9quipes europ\u00e9ennes, des 8 meilleures \u00e9quipes fran\u00e7aises, donc encore une fois c\u2019est g\u00e9nial.\u00a0<\/p>\n<p class=\"fig-paragraph\">Apr\u00e8s les joueurs \u00e7a reste des comp\u00e9titeurs, ils ne sont pas fous, on n\u2019a pas fait le match qu\u2019on voulait faire, mais encore une fois on est tomb\u00e9 sur une \u00e9quipe qui a su nous mettre la pression l\u00e0 o\u00f9 il fallait et on n\u2019a pas su s\u2019en sortir donc par contre on va apprendre, on va dig\u00e9rer, on va savourer parce qu\u2019encore une fois \u00e7a reste une qualification donc c\u2019est un chouette moment pour nous. (&#8230;) \u00c7a reste du rugby, \u00e0 nous de bien nous pr\u00e9parer pour faire un gros match l\u00e0-bas et de faire honneur au CO, \u00e0 nos supporters, on va se pr\u00e9parer, on sait o\u00f9 on met les pieds, le d\u00e9fi qui nous attend\u00bb.<\/p>\n","protected":false},"excerpt":{"rendered":"Le manager castrais Xavier Sadourny s\u2019est projet\u00e9 sur le prochain barrage que son \u00e9quipe disputera \u00e0 Toulon samedi&hellip;\n","protected":false},"author":2,"featured_media":160601,"comment_status":"","ping_status":"","sticky":false,"template":"","format":"standard","meta":{"footnotes":""},"categories":[1412],"tags":[525,7336,4590,1981,2313,814,1451,1452,1453,1454,1455,1011,27,955,4589,2311,1980,479,2259,60,478,2310,2312],"class_list":{"0":"post-160600","1":"post","2":"type-post","3":"status-publish","4":"format-standard","5":"has-post-thumbnail","7":"category-f1","8":"tag-calendrier","9":"tag-castres-olympique","10":"tag-championnat-france","11":"tag-classement","12":"tag-clermont","13":"tag-direct","14":"tag-f1","15":"tag-formula-1","16":"tag-formula1","17":"tag-formule-1","18":"tag-formule1","19":"tag-fr","20":"tag-france","21":"tag-match","22":"tag-phase-finale","23":"tag-racing","24":"tag-resultats","25":"tag-rugby","26":"tag-score","27":"tag-sports","28":"tag-top-14","29":"tag-toulon","30":"tag-toulouse"},"share_on_mastodon":{"url":"https:\/\/pubeurope.com\/@fr\/114647122770912071","error":""},"_links":{"self":[{"href":"https:\/\/www.europesays.com\/fr\/wp-json\/wp\/v2\/posts\/160600","targetHints":{"allow":["GET"]}}],"collection":[{"href":"https:\/\/www.europesays.com\/fr\/wp-json\/wp\/v2\/posts"}],"about":[{"href":"https:\/\/www.europesays.com\/fr\/wp-json\/wp\/v2\/types\/post"}],"author":[{"embeddable":true,"href":"https:\/\/www.europesays.com\/fr\/wp-json\/wp\/v2\/users\/2"}],"replies":[{"embeddable":true,"href":"https:\/\/www.europesays.com\/fr\/wp-json\/wp\/v2\/comments?post=160600"}],"version-history":[{"count":0,"href":"https:\/\/www.europesays.com\/fr\/wp-json\/wp\/v2\/posts\/160600\/revisions"}],"wp:featuredmedia":[{"embeddable":true,"href":"https:\/\/www.europesays.com\/fr\/wp-json\/wp\/v2\/media\/160601"}],"wp:attachment":[{"href":"https:\/\/www.europesays.com\/fr\/wp-json\/wp\/v2\/media?parent=160600"}],"wp:term":[{"taxonomy":"category","embeddable":true,"href":"https:\/\/www.europesays.com\/fr\/wp-json\/wp\/v2\/categories?post=160600"},{"taxonomy":"post_tag","embeddable":true,"href":"https:\/\/www.europesays.com\/fr\/wp-json\/wp\/v2\/tags?post=160600"}],"curies":[{"name":"wp","href":"https:\/\/api.w.org\/{rel}","templated":true}]}}