{"id":160606,"date":"2025-06-08T09:52:15","date_gmt":"2025-06-08T09:52:15","guid":{"rendered":"https:\/\/www.europesays.com\/fr\/160606\/"},"modified":"2025-06-08T09:52:15","modified_gmt":"2025-06-08T09:52:15","slug":"laura-smet-de-retour-a-paris-pour-se-rapprocher-de-sa-mere-nathalie-baye","status":"publish","type":"post","link":"https:\/\/www.europesays.com\/fr\/160606\/","title":{"rendered":"Laura Smet de retour \u00e0 Paris pour se rapprocher de sa m\u00e8re Nathalie Baye"},"content":{"rendered":"<p>En 2021, Laura Smet avait expliqu\u00e9 \u00e0 Madame Figaro avoir \u00ab\u00a0fait le choix de (s)&rsquo;\u00e9loigner de Paris et de ses mondanit\u00e9s\u00a0\u00bb pour \u00ab\u00a0\u00eatre dans le vrai\u00a0\u00bb. La fille de Johnny Hallyday et Nathalie Baye avait mis\u00e9\u00a0sur la c\u00f4te Atlantique, et plus pr\u00e9cis\u00e9ment le Cap-Ferret. Mais trois ans plus tard, c&rsquo;est \u00e0 Paris que <a class=\"link \" href=\"https:\/\/www.lepoint.fr\/video\/affaire-hallyday-laeticia-a-commis-l-irreparable-selon-laura-smet-16-07-2020-2384500_738.php\" rel=\"nofollow noopener\" target=\"_blank\" data-ylk=\"slk:la com\u00e9dienne;elm:context_link;itc:0;sec:content-canvas\">la com\u00e9dienne<\/a> serait retourn\u00e9e vivre, comme l&rsquo;annonce Voici. D&rsquo;apr\u00e8s le <a class=\"link \" href=\"https:\/\/www.voici.fr\/news-people\/exclu-laura-smet-inquiete-pour-sa-mere-nathalie-baye-pourquoi-elle-est-revenue-vivre-a-paris-aupres-delle-805700\" rel=\"nofollow noopener\" target=\"_blank\" data-ylk=\"slk:magazine;elm:context_link;itc:0;sec:content-canvas\">magazine<\/a> people, ce serait pour \u00ab\u00a0\u00eatre au plus pr\u00e8s de sa m\u00e8re\u00a0\u00bb. <\/p>\n<p>Le m\u00e9dia \u00e9voque \u00ab\u00a0la fragilit\u00e9 grandissante\u00a0\u00bb de Nathalie Baye, qui avait connu <a class=\"link \" href=\"https:\/\/www.lepoint.fr\/people\/l-actrice-nathalie-baye-hospitalisee-a-paris-03-02-2020-2361012_2116.php\" rel=\"nofollow noopener\" target=\"_blank\" data-ylk=\"slk:un souci de sant\u00e9;elm:context_link;itc:0;sec:content-canvas\">un souci de sant\u00e9<\/a> il y a quelques ann\u00e9es. Cependant, l&rsquo;actrice de\u00a076\u00a0ans et sa fille n&rsquo;ont pas r\u00e9agi aux propos du magazine. Une chose est s\u00fbre, avec sa fille \u00ab\u00a0\u00e0 trois rues\u00a0\u00bb de chez elle, la com\u00e9dienne de La Baule-les-Pins va avoir tout loisir de profiter de son petit-fils\u00a0!<\/p>\n<p>Un duo pop avec The Penelopes<\/p>\n<p>Laura Smet est en effet <a class=\"link \" href=\"https:\/\/www.lepoint.fr\/people\/laura-smet-enceinte-de-son-premier-enfant-25-06-2020-2381764_2116.php\" rel=\"nofollow noopener\" target=\"_blank\" data-ylk=\"slk:maman d&#039;un petit L\u00e9o;elm:context_link;itc:0;sec:content-canvas\">maman d&rsquo;un petit L\u00e9o<\/a>, n\u00e9 en octobre\u00a02020\u00a0de son mariage avec Rapha\u00ebl Lancrey-Javal. Le couple, ensemble depuis 2013, s&rsquo;est dit \u00ab\u00a0oui\u00a0\u00bb le 1er\u00a0d\u00e9cembre\u00a02018\u00a0\u00e0 la mairie du VIIe arrondissement de Paris.<\/p>\n<p>\u00c0 LIRE AUSSI <strong class=\"strong\"><a href=\"https:\/\/www.lepoint.fr\/people\/les-confidences-de-laura-smet-sur-le-couple-johnny-nathalie-baye-11-12-2024-2577694_2116.php\" rel=\"nofollow noopener\" target=\"_blank\" data-ylk=\"slk:\u00ab\u00a0Je sais qu&#039;il l&#039;a toujours aim\u00e9e\u00a0\u00bb\u00a0: Laura Smet se confie sur le couple\u00a0Johnny-Nathalie Baye;elm:context_link;itc:0;sec:content-canvas\" class=\"link \">\u00ab\u00a0Je sais qu&rsquo;il l&rsquo;a toujours aim\u00e9e\u00a0\u00bb\u00a0: Laura Smet se confie sur le couple\u00a0Johnny-Nathalie Baye<\/a><\/strong>Que de changements, en tout cas, pour Laura Smet qui vient \u00e9galement de sortir un single, \u00ab\u00a0Over-sensitivity\u00a0\u00bb, avec le groupe The Penelopes. Le clip a \u00e9t\u00e9 tourn\u00e9 \u00e0 Londres et la chanson a \u00e9t\u00e9 masteris\u00e9e aux l\u00e9gendaires studios d&rsquo;Abbey Road. <\/p>\n<p><a href=\"https:\/\/www.instagram.com\/reel\/DKRMCZriwTb\/?utm_source=ig_embed&amp;utm_campaign=loading\" rel=\"nofollow noopener\" target=\"_blank\" data-ylk=\"slk:Voir cette publication sur Instagram;elm:context_link;itc:0;sec:content-canvas\" class=\"link \">Voir cette publication sur Instagram<\/a> [&#8230;] <a href=\"https:\/\/www.lepoint.fr\/people\/laura-smet-de-retour-a-paris-pour-se-rapprocher-de-sa-mere-nathalie-baye-08-06-2025-2591492_2116.php\" rel=\"nofollow noopener\" target=\"_blank\" data-ylk=\"slk:Lire la suite;elm:context_link;itc:0;sec:content-canvas\" class=\"link \">Lire la suite<\/a><\/p>\n<p><script async src=\"\/\/www.instagram.com\/embed.js\"><\/script><\/p>\n","protected":false},"excerpt":{"rendered":"En 2021, Laura Smet avait expliqu\u00e9 \u00e0 Madame Figaro avoir \u00ab\u00a0fait le choix de (s)&rsquo;\u00e9loigner de Paris et&hellip;\n","protected":false},"author":2,"featured_media":160607,"comment_status":"","ping_status":"","sticky":false,"template":"","format":"standard","meta":{"footnotes":""},"categories":[1359],"tags":[58,59,1011,27,1304,15910,29228,28642,626,973,29229],"class_list":{"0":"post-160606","1":"post","2":"type-post","3":"status-publish","4":"format-standard","5":"has-post-thumbnail","7":"category-people","8":"tag-divertissement","9":"tag-entertainment","10":"tag-fr","11":"tag-france","12":"tag-johnny-hallyday","13":"tag-laura-smet","14":"tag-madame-figaro","15":"tag-nathalie-baye","16":"tag-paris","17":"tag-people","18":"tag-viie-arrondissement-de-paris"},"share_on_mastodon":{"url":"https:\/\/pubeurope.com\/@fr\/114647134792889375","error":""},"_links":{"self":[{"href":"https:\/\/www.europesays.com\/fr\/wp-json\/wp\/v2\/posts\/160606","targetHints":{"allow":["GET"]}}],"collection":[{"href":"https:\/\/www.europesays.com\/fr\/wp-json\/wp\/v2\/posts"}],"about":[{"href":"https:\/\/www.europesays.com\/fr\/wp-json\/wp\/v2\/types\/post"}],"author":[{"embeddable":true,"href":"https:\/\/www.europesays.com\/fr\/wp-json\/wp\/v2\/users\/2"}],"replies":[{"embeddable":true,"href":"https:\/\/www.europesays.com\/fr\/wp-json\/wp\/v2\/comments?post=160606"}],"version-history":[{"count":0,"href":"https:\/\/www.europesays.com\/fr\/wp-json\/wp\/v2\/posts\/160606\/revisions"}],"wp:featuredmedia":[{"embeddable":true,"href":"https:\/\/www.europesays.com\/fr\/wp-json\/wp\/v2\/media\/160607"}],"wp:attachment":[{"href":"https:\/\/www.europesays.com\/fr\/wp-json\/wp\/v2\/media?parent=160606"}],"wp:term":[{"taxonomy":"category","embeddable":true,"href":"https:\/\/www.europesays.com\/fr\/wp-json\/wp\/v2\/categories?post=160606"},{"taxonomy":"post_tag","embeddable":true,"href":"https:\/\/www.europesays.com\/fr\/wp-json\/wp\/v2\/tags?post=160606"}],"curies":[{"name":"wp","href":"https:\/\/api.w.org\/{rel}","templated":true}]}}