{"id":160612,"date":"2025-06-08T09:55:09","date_gmt":"2025-06-08T09:55:09","guid":{"rendered":"https:\/\/www.europesays.com\/fr\/160612\/"},"modified":"2025-06-08T09:55:09","modified_gmt":"2025-06-08T09:55:09","slug":"france-3-se-demarque-avec-un-episode-guadeloupeen-de-meurtres-a","status":"publish","type":"post","link":"https:\/\/www.europesays.com\/fr\/160612\/","title":{"rendered":"France 3 se d\u00e9marque avec un \u00e9pisode guadeloup\u00e9en de Meurtres \u00e0&#8230;"},"content":{"rendered":"<p>Les audiences du samedi 7 juin 2025 pour les programmes diffus\u00e9s en premi\u00e8re partie de soir\u00e9e.<\/p>\n<p class=\"fig-paragraph\">Ce samedi, France 3 s\u2019offre la premi\u00e8re place des audiences avec la diffusion de\u00a0<a href=\"https:\/\/tvmag.lefigaro.fr\/programme-tv\/programme\/meurtres-a-f441418258\" target=\"_blank\" rel=\"noopener nofollow\" data-gtm-custom-categorie=\"navigation\" data-gtm-custom-action=\"crossclick\" data-gtm-custom-label=\"Contextuel\" data-gtm-event=\"customEventSPE\">Meurtres \u00e0&#8230;<\/a>, qui a captiv\u00e9 2,8 millions de t\u00e9l\u00e9spectateurs. Cet \u00e9pisode, qui suivait les aventures d\u2019un policier de Bourges envoy\u00e9 en Guadeloupe, a donc r\u00e9uni 18,1% du public \u00e2g\u00e9 de 4 ans et plus. Le feuilleton a \u00e9galement convaincu 8,1% des Femmes Responsables Des Achats de moins de 50 ans.<\/p>\n<p class=\"fig-paragraph\"><a href=\"http:\/\/tvmag.lefigaro.fr\/programme-tv\/actu-tele\/c-est-comme-remonter-sur-un-velo-arthur-retrouve-des-anonymes-dans-le-dernier-cercle-20250607\" target=\"_blank\" data-fig-type=\"Article\" rel=\"noopener nofollow\" data-gtm-custom-categorie=\"navigation\" data-gtm-custom-action=\"crossclick\" data-gtm-custom-label=\"Contextuel\" data-gtm-event=\"customEventSPE\" data-fig-domain=\"TVMAG\">\u00abLe dernier cercle\u00bb<\/a>, jeu in\u00e9dit pr\u00e9sent\u00e9 par Arthur, offre la seconde place du classement \u00e0 TF1 en r\u00e9unissant 2,3 millions de t\u00e9l\u00e9spectateurs. 14,8% du public \u00e2g\u00e9 de 4 ans et plus a donc regard\u00e9 le lancement de ce concours o\u00f9 cinquante candidats &#8211; tous des anonymes &#8211; tentaient de remporter 50.000 euros. Parmi ces t\u00e9l\u00e9spectateurs, 30,2% faisaient partie des Femmes Responsables Des Achats de moins de 50 ans.<\/p>\n<p class=\"fig-body-link\">\n            \u00c0 lire aussi<br \/>\n        <a class=\"fig-body-link__link\" href=\"http:\/\/tvmag.lefigaro.fr\/programme-tv\/actu-tele\/c-est-comme-remonter-sur-un-velo-arthur-retrouve-des-anonymes-dans-le-dernier-cercle-20250607\" target=\"_blank\" data-fig-type=\"Article\" rel=\"noopener nofollow\" data-gtm-custom-categorie=\"navigation\" data-gtm-custom-action=\"crossclick\" data-gtm-custom-label=\"Contextuel\" data-gtm-event=\"customEventSPE\" data-fig-domain=\"TVMAG\">\u00abC\u2019est comme remonter sur un v\u00e9lo\u00bb\u00a0: Arthur retrouve des anonymes dans \u00abLe Dernier cercle\u00bb<br \/>\n    <\/a>\n<\/p>\n<p class=\"fig-paragraph\">France 2 arrive en troisi\u00e8me place avec la diffusion de\u00a0<a href=\"https:\/\/tvmag.lefigaro.fr\/programme-tv\/programme\/laurent-gerra-l-anniversaire-evenement-f1678237342\" target=\"_blank\" rel=\"noopener nofollow\" data-gtm-custom-categorie=\"navigation\" data-gtm-custom-action=\"crossclick\" data-gtm-custom-label=\"Contextuel\" data-gtm-event=\"customEventSPE\">\u00abLaurent Gerra, l\u2019anniversaire \u00e9v\u00e8nement\u00bb<\/a>\u00a0et r\u00e9unit 1,8 million de t\u00e9l\u00e9spectateurs. 35 ans de carri\u00e8re c\u00e9l\u00e9br\u00e9s au Th\u00e9\u00e2tre Marigny aux c\u00f4t\u00e9s de\u00a0<a href=\"http:\/\/tvmag.lefigaro.fr\/programme-tv\/people\/stephane-bern-ophelie-meunier-denis-brogniart-sortie-en-amoureux-pour-les-animateurs-tele-a-roland-garros-20250530\" target=\"_blank\" data-fig-type=\"Article\" rel=\"noopener nofollow\" data-gtm-custom-categorie=\"navigation\" data-gtm-custom-action=\"crossclick\" data-gtm-custom-label=\"Contextuel\" data-gtm-event=\"customEventSPE\" data-fig-domain=\"TVMAG\">St\u00e9phane Bern<\/a>\u00a0et d\u2019autres personnalit\u00e9s, cet anniversaire a donc convaincu 12,6% du public \u00e2g\u00e9 de 4 ans et plus. Sur la cible des Femmes Responsables Des Achats de moins de 50 ans, la Deux se contente d\u2019un score de 2%.<\/p>\n<p class=\"fig-paragraph\">M6 se hisse \u00e0 la quatri\u00e8me place en attirant 1,2 million de t\u00e9l\u00e9spectateurs devant\u00a0<a href=\"https:\/\/tvmag.lefigaro.fr\/programme-tv\/programme\/stars-80-vs-stars-90-la-grande-battle-f1423734133\" target=\"_blank\" rel=\"noopener nofollow\" data-gtm-custom-categorie=\"navigation\" data-gtm-custom-action=\"crossclick\" data-gtm-custom-label=\"Contextuel\" data-gtm-event=\"customEventSPE\">\u00abStars 80 vs. Stars 90\u00a0: la grande battle\u00bb<\/a>. La Six a donc convaincu 7,6% du public \u00e2g\u00e9 de 4 ans et plus, mais aussi 12,7% des Femmes Responsables Des Achats de moins de 50 ans.<\/p>\n<p class=\"fig-paragraph\">France 5 arrive non loin derri\u00e8re avec un num\u00e9ro d\u2019<a href=\"https:\/\/tvmag.lefigaro.fr\/programme-tv\/programme\/echappees-belles-d1291187962\" target=\"_blank\" rel=\"noopener nofollow\" data-gtm-custom-categorie=\"navigation\" data-gtm-custom-action=\"crossclick\" data-gtm-custom-label=\"Contextuel\" data-gtm-event=\"customEventSPE\">\u00ab\u00c9chapp\u00e9es Belles\u00bb<\/a>\u00a0dans les C\u00f4tes-d\u2019Armor, attisant la curiosit\u00e9 de 1,1 million de t\u00e9l\u00e9spectateurs. 7,4% du public \u00e2g\u00e9 de 4 ans et plus ainsi que 2,9% des Femmes Responsables Des Achats de moins de 50 ans \u00e9taient donc devant la Cinq et ce num\u00e9ro pr\u00e9sent\u00e9 par\u00a0<a href=\"http:\/\/www.lefigaro.fr\/decideurs\/portraits\/avoir-ete-guide-m-a-aide-a-devenir-animateur-ismael-khelifa-en-echappee-romanesque-20241028\" target=\"_blank\" data-fig-type=\"Article\" rel=\"noopener nofollow\" data-gtm-custom-categorie=\"navigation\" data-gtm-custom-action=\"crossclick\" data-gtm-custom-label=\"Contextuel\" data-gtm-event=\"customEventSPE\" data-fig-domain=\"LEFIGARO\">Isma\u00ebl Khelifa.<\/a><\/p>\n<p class=\"fig-tv-audience__title\">Audiences de 1\u00e8re partie de soir\u00e9e du samedi 7 juin<\/p>\n<tr>\n<td class=\"fig-tv-audience__position\">1<\/td>\n<td class=\"fig-tv-audience__channel-container\">\n                        <a class=\"fig-channel-media fig-channel-media--no-margin\" href=\"https:\/\/tvmag.lefigaro.fr\/programme-tv\/chaine\/80\/tous-les-programmes-de-france-3\" title=\"Programme TV France 3\" rel=\"nofollow noopener\" target=\"_blank\"><br \/>\n        <img   alt=\"Programme TV France 3\" class=\"fig-img\"\/><\/p>\n<p>    <\/a><\/p>\n<\/td>\n<td class=\"fig-tv-audience__data\">\n                    <a href=\"https:\/\/tvmag.lefigaro.fr\/programme-tv\/programme\/meurtres-a-f441418258\" class=\"fig-tv-audience__program-title\" rel=\"nofollow noopener\" target=\"_blank\"><br \/>\n                        Meurtres \u00e0&#8230;<br \/>\n                    <\/a><\/p>\n<p>                        2\u202f872\u202f000 t\u00e9l\u00e9spectateurs<\/p>\n<p>                    18,1\u00a0%<\/p>\n<\/td>\n<\/tr>\n<tr>\n<td class=\"fig-tv-audience__position\">2<\/td>\n<td class=\"fig-tv-audience__channel-container\">\n                        <a class=\"fig-channel-media fig-channel-media--no-margin\" href=\"https:\/\/tvmag.lefigaro.fr\/programme-tv\/chaine\/192\/tous-les-programmes-de-tf1\" title=\"Programme TV TF1\" rel=\"nofollow noopener\" target=\"_blank\"><br \/>\n        <img   alt=\"Programme TV TF1\" class=\"fig-img\"\/><\/p>\n<p>    <\/a><\/p>\n<\/td>\n<td class=\"fig-tv-audience__data\">\n                    <a href=\"https:\/\/tvmag.lefigaro.fr\/programme-tv\/programme\/le-dernier-cercle-f1331469580\" class=\"fig-tv-audience__program-title\" rel=\"nofollow noopener\" target=\"_blank\"><br \/>\n                        Le dernier cercle<br \/>\n                    <\/a><\/p>\n<p>                        2\u202f397\u202f000 t\u00e9l\u00e9spectateurs<\/p>\n<p>                    14,8\u00a0%<\/p>\n<\/td>\n<\/tr>\n<tr>\n<td class=\"fig-tv-audience__position\">3<\/td>\n<td class=\"fig-tv-audience__channel-container\">\n                        <a class=\"fig-channel-media fig-channel-media--no-margin\" href=\"https:\/\/tvmag.lefigaro.fr\/programme-tv\/chaine\/4\/tous-les-programmes-de-france-2\" title=\"Programme TV France 2\" rel=\"nofollow noopener\" target=\"_blank\"><br \/>\n        <img   alt=\"Programme TV France 2\" class=\"fig-img\"\/><\/p>\n<p>    <\/a><\/p>\n<\/td>\n<td class=\"fig-tv-audience__data\">\n                    <a href=\"https:\/\/tvmag.lefigaro.fr\/programme-tv\/programme\/laurent-gerra-l-anniversaire-evenement-f1678237342\" class=\"fig-tv-audience__program-title\" rel=\"nofollow noopener\" target=\"_blank\"><br \/>\n                        Laurent Gerra, l&rsquo;anniversaire-\u00e9v\u00e9nement<br \/>\n                    <\/a><\/p>\n<p>                        1\u202f841\u202f000 t\u00e9l\u00e9spectateurs<\/p>\n<p>                    12,6\u00a0%<\/p>\n<\/td>\n<\/tr>\n<tr>\n<td class=\"fig-tv-audience__position\">4<\/td>\n<td class=\"fig-tv-audience__channel-container\">\n                        <a class=\"fig-channel-media fig-channel-media--no-margin\" href=\"https:\/\/tvmag.lefigaro.fr\/programme-tv\/chaine\/118\/tous-les-programmes-de-m6\" title=\"Programme TV M6\" rel=\"nofollow noopener\" target=\"_blank\"><br \/>\n        <img   alt=\"Programme TV M6\" class=\"fig-img\"\/><\/p>\n<p>    <\/a><\/p>\n<\/td>\n<td class=\"fig-tv-audience__data\">\n                    <a href=\"https:\/\/tvmag.lefigaro.fr\/programme-tv\/programme\/stars-80-vs-stars-90-la-grande-battle-f1423734133\" class=\"fig-tv-audience__program-title\" rel=\"nofollow noopener\" target=\"_blank\"><br \/>\n                        Stars 80 vs stars 90\u00a0: la grande battle<br \/>\n                    <\/a><\/p>\n<p>                        1\u202f288\u202f000 t\u00e9l\u00e9spectateurs<\/p>\n<p>                    7,9\u00a0%<\/p>\n<\/td>\n<\/tr>\n<tr>\n<td class=\"fig-tv-audience__position\">5<\/td>\n<td class=\"fig-tv-audience__channel-container\">\n                        <a class=\"fig-channel-media fig-channel-media--no-margin\" href=\"https:\/\/tvmag.lefigaro.fr\/programme-tv\/chaine\/47\/tous-les-programmes-de-france-5\" title=\"Programme TV France 5\" rel=\"nofollow noopener\" target=\"_blank\"><br \/>\n        <img   alt=\"Programme TV France 5\" class=\"fig-img\"\/><\/p>\n<p>    <\/a><\/p>\n<\/td>\n<td class=\"fig-tv-audience__data\">\n                    <a href=\"https:\/\/tvmag.lefigaro.fr\/programme-tv\/programme\/echappees-belles-f1359376483\" class=\"fig-tv-audience__program-title\" rel=\"nofollow noopener\" target=\"_blank\"><br \/>\n                        Echapp\u00e9es belles<br \/>\n                    <\/a><\/p>\n<p>                        1\u202f175\u202f000 t\u00e9l\u00e9spectateurs<\/p>\n<p>                    7,4\u00a0%<\/p>\n<\/td>\n<\/tr>\n<tr aria-hidden=\"true\">\n<td class=\"fig-tv-audience__position\">6<\/td>\n<td class=\"fig-tv-audience__channel-container\">\n                        <a class=\"fig-channel-media fig-channel-media--no-margin\" href=\"https:\/\/tvmag.lefigaro.fr\/programme-tv\/chaine\/111\/tous-les-programmes-de-arte\" title=\"Programme TV Arte\" rel=\"nofollow noopener\" target=\"_blank\"><br \/>\n        <img   alt=\"Programme TV Arte\" class=\"fig-img\"\/><\/p>\n<p>    <\/a><\/p>\n<\/td>\n<td class=\"fig-tv-audience__data\">\n                    <a href=\"https:\/\/tvmag.lefigaro.fr\/programme-tv\/programme\/les-mysteres-du-linceul-de-turin-f2004785266\" class=\"fig-tv-audience__program-title\" rel=\"nofollow noopener\" target=\"_blank\"><br \/>\n                        Les myst\u00e8res du linceul de Turin<br \/>\n                    <\/a><\/p>\n<p>                        652\u202f000 t\u00e9l\u00e9spectateurs<\/p>\n<p>                    4,1\u00a0%<\/p>\n<\/td>\n<\/tr>\n<tr aria-hidden=\"true\">\n<td class=\"fig-tv-audience__position\">7<\/td>\n<td class=\"fig-tv-audience__channel-container\">\n                        <a class=\"fig-channel-media fig-channel-media--no-margin\" href=\"https:\/\/tvmag.lefigaro.fr\/programme-tv\/chaine\/195\/tous-les-programmes-de-tmc\" title=\"Programme TV TMC\" rel=\"nofollow noopener\" target=\"_blank\"><br \/>\n        <img   alt=\"Programme TV TMC\" class=\"fig-img\"\/><\/p>\n<p>    <\/a><\/p>\n<\/td>\n<td class=\"fig-tv-audience__data\">\n                    <a href=\"https:\/\/tvmag.lefigaro.fr\/programme-tv\/programme\/columbo-f1107072760\" class=\"fig-tv-audience__program-title\" rel=\"nofollow noopener\" target=\"_blank\"><br \/>\n                        Columbo<br \/>\n                    <\/a><\/p>\n<p>                        438\u202f000 t\u00e9l\u00e9spectateurs<\/p>\n<p>                    2,9\u00a0%<\/p>\n<\/td>\n<\/tr>\n<tr aria-hidden=\"true\">\n<td class=\"fig-tv-audience__position\">8<\/td>\n<td class=\"fig-tv-audience__channel-container\">\n                        <a class=\"fig-channel-media fig-channel-media--no-margin\" href=\"https:\/\/tvmag.lefigaro.fr\/programme-tv\/chaine\/446\/tous-les-programmes-de-tfx\" title=\"Programme TV TFX\" rel=\"nofollow noopener\" target=\"_blank\"><br \/>\n        <img   alt=\"Programme TV TFX\" class=\"fig-img\"\/><\/p>\n<p>    <\/a><\/p>\n<\/td>\n<td class=\"fig-tv-audience__data\">\n                    <a href=\"https:\/\/tvmag.lefigaro.fr\/programme-tv\/programme\/chroniques-criminelles-f1823430461\" class=\"fig-tv-audience__program-title\" rel=\"nofollow noopener\" target=\"_blank\"><br \/>\n                        Chroniques criminelles<br \/>\n                    <\/a><\/p>\n<p>                        333\u202f000 t\u00e9l\u00e9spectateurs<\/p>\n<p>                    2,1\u00a0%<\/p>\n<\/td>\n<\/tr>\n<tr aria-hidden=\"true\">\n<td class=\"fig-tv-audience__position\">9<\/td>\n<td class=\"fig-tv-audience__channel-container\">\n                        <a class=\"fig-channel-media fig-channel-media--no-margin\" href=\"https:\/\/tvmag.lefigaro.fr\/programme-tv\/chaine\/482\/tous-les-programmes-de-gulli\" title=\"Programme TV Gulli\" rel=\"nofollow noopener\" target=\"_blank\"><br \/>\n        <img   alt=\"Programme TV Gulli\" class=\"fig-img\"\/><\/p>\n<p>    <\/a><\/p>\n<\/td>\n<td class=\"fig-tv-audience__data\">\n                    <a href=\"https:\/\/tvmag.lefigaro.fr\/programme-tv\/programme\/le-grand-betisier-des-animaux-f980023184\" class=\"fig-tv-audience__program-title\" rel=\"nofollow noopener\" target=\"_blank\"><br \/>\n                        Le grand b\u00eatisier des animaux<br \/>\n                    <\/a><\/p>\n<p>                        268\u202f000 t\u00e9l\u00e9spectateurs<\/p>\n<p>                    1,7\u00a0%<\/p>\n<\/td>\n<\/tr>\n<tr aria-hidden=\"true\">\n<td class=\"fig-tv-audience__position\">10<\/td>\n<td class=\"fig-tv-audience__channel-container\">\n                        <a class=\"fig-channel-media fig-channel-media--no-margin\" href=\"https:\/\/tvmag.lefigaro.fr\/programme-tv\/chaine\/119\/tous-les-programmes-de-w9\" title=\"Programme TV W9\" rel=\"nofollow noopener\" target=\"_blank\"><br \/>\n        <img   alt=\"Programme TV W9\" class=\"fig-img\"\/><\/p>\n<p>    <\/a><\/p>\n<\/td>\n<td class=\"fig-tv-audience__data\">\n                    <a href=\"https:\/\/tvmag.lefigaro.fr\/programme-tv\/programme\/la-petite-histoire-de-france-f1144743024\" class=\"fig-tv-audience__program-title\" rel=\"nofollow noopener\" target=\"_blank\"><br \/>\n                        La petite histoire de France<br \/>\n                    <\/a><\/p>\n<p>                        234\u202f000 t\u00e9l\u00e9spectateurs<\/p>\n<p>                    1,6\u00a0%<\/p>\n<\/td>\n<\/tr>\n<tr aria-hidden=\"true\">\n<td class=\"fig-tv-audience__position\">11<\/td>\n<td class=\"fig-tv-audience__channel-container\">\n                        <a class=\"fig-channel-media fig-channel-media--no-margin\" href=\"https:\/\/tvmag.lefigaro.fr\/programme-tv\/chaine\/458\/tous-les-programmes-de-cstar\" title=\"Programme TV CSTAR\" rel=\"nofollow noopener\" target=\"_blank\"><br \/>\n        <img   alt=\"Programme TV CSTAR\" class=\"fig-img\"\/><\/p>\n<p>    <\/a><\/p>\n<\/td>\n<td class=\"fig-tv-audience__data\">\n                    <a href=\"https:\/\/tvmag.lefigaro.fr\/programme-tv\/programme\/rugby-top-14-f116022384\" class=\"fig-tv-audience__program-title\" rel=\"nofollow noopener\" target=\"_blank\"><br \/>\n                        Rugby\u00a0: Top 14<br \/>\n                    <\/a><\/p>\n<p>                        249\u202f000 t\u00e9l\u00e9spectateurs<\/p>\n<p>                    1,6\u00a0%<\/p>\n<\/td>\n<\/tr>\n<tr aria-hidden=\"true\">\n<td class=\"fig-tv-audience__position\">12<\/td>\n<td class=\"fig-tv-audience__channel-container\">\n                        <a class=\"fig-channel-media fig-channel-media--no-margin\" href=\"https:\/\/tvmag.lefigaro.fr\/programme-tv\/chaine\/1402\/tous-les-programmes-de-rmc-story\" title=\"Programme TV RMC Story\" rel=\"nofollow noopener\" target=\"_blank\"><br \/>\n        <img   alt=\"Programme TV RMC Story\" class=\"fig-img\"\/><\/p>\n<p>    <\/a><\/p>\n<\/td>\n<td class=\"fig-tv-audience__data\">\n                    <a href=\"https:\/\/tvmag.lefigaro.fr\/programme-tv\/programme\/retour-a-l-instinct-primaire-60-jours-dans-la-jungle-f178875308\" class=\"fig-tv-audience__program-title\" rel=\"nofollow noopener\" target=\"_blank\"><br \/>\n                        Retour \u00e0 l&rsquo;instinct primaire\u00a0: 60 jours dans la jungle<br \/>\n                    <\/a><\/p>\n<p>                        208\u202f000 t\u00e9l\u00e9spectateurs<\/p>\n<p>                    1,3\u00a0%<\/p>\n<\/td>\n<\/tr>\n<tr aria-hidden=\"true\">\n<td class=\"fig-tv-audience__position\">13<\/td>\n<td class=\"fig-tv-audience__channel-container\">\n                        <a class=\"fig-channel-media fig-channel-media--no-margin\" href=\"https:\/\/tvmag.lefigaro.fr\/programme-tv\/chaine\/1400\/tous-les-programmes-de-rmc-decouverte\" title=\"Programme TV RMC D\u00e9couverte\" rel=\"nofollow noopener\" target=\"_blank\"><br \/>\n        <img   alt=\"Programme TV RMC D\u00e9couverte\" class=\"fig-img\"\/><\/p>\n<p>    <\/a><\/p>\n<\/td>\n<td class=\"fig-tv-audience__data\">\n                    <a href=\"https:\/\/tvmag.lefigaro.fr\/programme-tv\/programme\/le-mystere-d-oak-island-f1431626487\" class=\"fig-tv-audience__program-title\" rel=\"nofollow noopener\" target=\"_blank\"><br \/>\n                        Le myst\u00e8re d&rsquo;Oak Island<br \/>\n                    <\/a><\/p>\n<p>                        180\u202f000 t\u00e9l\u00e9spectateurs<\/p>\n<p>                    1,1\u00a0%<\/p>\n<\/td>\n<\/tr>\n<tr aria-hidden=\"true\">\n<td class=\"fig-tv-audience__position\">14<\/td>\n<td class=\"fig-tv-audience__channel-container\">\n                        <a class=\"fig-channel-media fig-channel-media--no-margin\" href=\"https:\/\/tvmag.lefigaro.fr\/programme-tv\/chaine\/1404\/tous-les-programmes-de-tf1-series-films\" title=\"Programme TV TF1 S\u00e9ries Films\" rel=\"nofollow noopener\" target=\"_blank\"><br \/>\n        <img   alt=\"Programme TV TF1 S\u00e9ries Films\" class=\"fig-img\"\/><\/p>\n<p>    <\/a><\/p>\n<\/td>\n<td class=\"fig-tv-audience__data\">\n                    <a href=\"https:\/\/tvmag.lefigaro.fr\/programme-tv\/programme\/josephine-ange-gardien-f1737624963\" class=\"fig-tv-audience__program-title\" rel=\"nofollow noopener\" target=\"_blank\"><br \/>\n                        Jos\u00e9phine, ange gardien<br \/>\n                    <\/a><\/p>\n<p>                        150\u202f000 t\u00e9l\u00e9spectateurs<\/p>\n<p>                    1\u00a0%<\/p>\n<\/td>\n<\/tr>\n<tr aria-hidden=\"true\">\n<td class=\"fig-tv-audience__position\">15<\/td>\n<td class=\"fig-tv-audience__channel-container\">\n                        <a class=\"fig-channel-media fig-channel-media--no-margin\" href=\"https:\/\/tvmag.lefigaro.fr\/programme-tv\/chaine\/1403\/tous-les-programmes-de-6ter\" title=\"Programme TV 6ter\" rel=\"nofollow noopener\" target=\"_blank\"><br \/>\n        <img   alt=\"Programme TV 6ter\" class=\"fig-img\"\/><\/p>\n<p>    <\/a><\/p>\n<\/td>\n<td class=\"fig-tv-audience__data\">\n                    <a href=\"https:\/\/tvmag.lefigaro.fr\/programme-tv\/programme\/bones-f148508185\" class=\"fig-tv-audience__program-title\" rel=\"nofollow noopener\" target=\"_blank\"><br \/>\n                        Bones<br \/>\n                    <\/a><\/p>\n<p>                        132\u202f000 t\u00e9l\u00e9spectateurs<\/p>\n<p>                    0,8\u00a0%<\/p>\n<\/td>\n<\/tr>\n<tr aria-hidden=\"true\">\n<td class=\"fig-tv-audience__position\">16<\/td>\n<td class=\"fig-tv-audience__channel-container\">\n                        <a class=\"fig-channel-media fig-channel-media--no-margin\" href=\"https:\/\/tvmag.lefigaro.fr\/programme-tv\/chaine\/1399\/tous-les-programmes-de-cherie-25\" title=\"Programme TV Ch\u00e9rie 25\" rel=\"nofollow noopener\" target=\"_blank\"><br \/>\n        <img   alt=\"Programme TV Ch\u00e9rie 25\" class=\"fig-img\"\/><\/p>\n<p>    <\/a><\/p>\n<\/td>\n<td class=\"fig-tv-audience__data\">\n                    <a href=\"https:\/\/tvmag.lefigaro.fr\/programme-tv\/programme\/aurora-teagarden-drame-en-coulisse-f93035422\" class=\"fig-tv-audience__program-title\" rel=\"nofollow noopener\" target=\"_blank\"><br \/>\n                        Aurora Teagarden\u00a0: Drame en coulisse<br \/>\n                    <\/a><\/p>\n<p>                        120\u202f000 t\u00e9l\u00e9spectateurs<\/p>\n<p>                    0,8\u00a0%<\/p>\n<\/td>\n<\/tr>\n<p>            Voir plus<\/p>\n<p class=\"fig-paragraph\"><strong>\u00c0 VOIR AUSSI <\/strong>&#8211; \u00ab Ce snobisme \u00e0 la fran\u00e7aise&#8230;\u00bb : Bruno Debrandt r\u00e8gle ses comptes avec le milieu du cin\u00e9ma<\/p>\n","protected":false},"excerpt":{"rendered":"Les audiences du samedi 7 juin 2025 pour les programmes diffus\u00e9s en premi\u00e8re partie de soir\u00e9e. Ce samedi,&hellip;\n","protected":false},"author":2,"featured_media":160613,"comment_status":"","ping_status":"","sticky":false,"template":"","format":"standard","meta":{"footnotes":""},"categories":[1356],"tags":[2376,2374,2369,2370,2371,2372,2367,2378,2377,2373,58,59,1011,27,876,594,2375,503,502,252,199,1364,2368],"class_list":{"0":"post-160612","1":"post","2":"type-post","3":"status-publish","4":"format-standard","5":"has-post-thumbnail","7":"category-television","8":"tag-analyse-audience-tv","9":"tag-audience-programme-tv","10":"tag-audience-tv","11":"tag-audience-tv-hier","12":"tag-audience-tv-hier-soir","13":"tag-audience-tv-jour-par-jour","14":"tag-audiences","15":"tag-audiences-television","16":"tag-audiences-tv","17":"tag-audimat","18":"tag-divertissement","19":"tag-entertainment","20":"tag-fr","21":"tag-france","22":"tag-france-3","23":"tag-france-2","24":"tag-meilleure-audience-tv","25":"tag-programme-tele","26":"tag-programme-tv","27":"tag-television","28":"tag-tf1","29":"tag-tv","30":"tag-tv-ce-soir"},"share_on_mastodon":{"url":"https:\/\/pubeurope.com\/@fr\/114647146455960051","error":""},"_links":{"self":[{"href":"https:\/\/www.europesays.com\/fr\/wp-json\/wp\/v2\/posts\/160612","targetHints":{"allow":["GET"]}}],"collection":[{"href":"https:\/\/www.europesays.com\/fr\/wp-json\/wp\/v2\/posts"}],"about":[{"href":"https:\/\/www.europesays.com\/fr\/wp-json\/wp\/v2\/types\/post"}],"author":[{"embeddable":true,"href":"https:\/\/www.europesays.com\/fr\/wp-json\/wp\/v2\/users\/2"}],"replies":[{"embeddable":true,"href":"https:\/\/www.europesays.com\/fr\/wp-json\/wp\/v2\/comments?post=160612"}],"version-history":[{"count":0,"href":"https:\/\/www.europesays.com\/fr\/wp-json\/wp\/v2\/posts\/160612\/revisions"}],"wp:featuredmedia":[{"embeddable":true,"href":"https:\/\/www.europesays.com\/fr\/wp-json\/wp\/v2\/media\/160613"}],"wp:attachment":[{"href":"https:\/\/www.europesays.com\/fr\/wp-json\/wp\/v2\/media?parent=160612"}],"wp:term":[{"taxonomy":"category","embeddable":true,"href":"https:\/\/www.europesays.com\/fr\/wp-json\/wp\/v2\/categories?post=160612"},{"taxonomy":"post_tag","embeddable":true,"href":"https:\/\/www.europesays.com\/fr\/wp-json\/wp\/v2\/tags?post=160612"}],"curies":[{"name":"wp","href":"https:\/\/api.w.org\/{rel}","templated":true}]}}