{"id":160614,"date":"2025-06-08T09:56:11","date_gmt":"2025-06-08T09:56:11","guid":{"rendered":"https:\/\/www.europesays.com\/fr\/160614\/"},"modified":"2025-06-08T09:56:11","modified_gmt":"2025-06-08T09:56:11","slug":"julien-dore-ben-mazue-retour-sur-les-concerts-marquants-du-samedi","status":"publish","type":"post","link":"https:\/\/www.europesays.com\/fr\/160614\/","title":{"rendered":"Julien Dor\u00e9, Ben Mazu\u00e9&#8230; Retour sur les concerts marquants du samedi"},"content":{"rendered":"<p>            Par<br \/>\n        <strong><br \/>\n            <a href=\"https:\/\/actu.fr\/auteur\/a-boukar\" title=\"Consulter tous les articles de Auria Boukar\" target=\"_blank\" rel=\"noopener\">Auria Boukar<\/a><br \/>\n        <\/strong><\/p>\n<p>        Publi\u00e9 le<\/p>\n<p>            7 juin 2025 \u00e0 22h18        <\/p>\n<p data-end=\"508\">Le festival <a href=\"https:\/\/actu.fr\/tag\/papillons-de-nuit\" target=\"_blank\" rel=\"noopener\">Papillons de nuit <\/a>poursuit sa 23e \u00e9dition avec une deuxi\u00e8me soir\u00e9e riche en joie et bonne humeur.<\/p>\n<p data-end=\"508\" class=\" wall-content\">Apr\u00e8s une ouverture r\u00e9ussie la veille malgr\u00e9 la pluie, le public a retrouv\u00e9 ce samedi 7\u00a0juin une programmation \u00e9clectique m\u00ealant chanson fran\u00e7aise, pop introspective et \u00e9lectro survolt\u00e9e.<\/p>\n<p data-end=\"768\" class=\" wall-content\">En d\u00e9but de soir\u00e9e, <b data-end=\"543\">Ben Mazu\u00e9<\/b> a offert un moment suspendu, m\u00ealant po\u00e9sie du quotidien et puissance sc\u00e9nique. Avec sa voix douce et ses textes cisel\u00e9s, il a su captiver la foule r\u00e9unie devant la sc\u00e8ne Vulcain.<\/p>\n<p>Solann et Jyeuhair, la nouvelle g\u00e9n\u00e9ration \u00e0 l\u2019honneur<br \/>\n    <img   decoding=\"async\" loading=\"lazy\" class=\"size-large\" src=\"https:\/\/www.europesays.com\/fr\/wp-content\/uploads\/2025\/06\/3a1c8076844862e1c80768448022c8v-960x640.jpg\" alt=\"Les fans de Solann sont au rendez-vous des Papillons de nuit 2025.\" width=\"960\" height=\"640\"\/><br \/>\n    Les fans de Solann sont au rendez-vous des Papillons de nuit 2025. \u00a9La Gazette de la Manche<\/p>\n<p data-end=\"1128\" class=\" wall-content\">La sc\u00e8ne s\u2019est ensuite ouverte \u00e0 <b data-end=\"813\">Solann<\/b>, dont la sensibilit\u00e9 et la sinc\u00e9rit\u00e9 ont touch\u00e9 les festivaliers. Port\u00e9e par une \u00e9criture fine et une pr\u00e9sence d\u00e9licate, la jeune artiste a su s\u00e9duire un public curieux et attentif. <b data-end=\"1008\">Jyeuhair<\/b>, lui, a apport\u00e9 une touche plus urbaine et exp\u00e9rimentale, avec un set audacieux entre spoken word et beats hypnotiques.<\/p>\n<p>Julien Dor\u00e9, la star d\u00e9cal\u00e9e<\/p>\n<p data-end=\"1504\" class=\" wall-content\"><b data-end=\"1187\">Julien Dor\u00e9<\/b> \u00e9tait attendu un peu plus tard pour un show \u00e0 la hauteur de sa r\u00e9putation, oscillant entre humour, romantisme et tubes interg\u00e9n\u00e9rationnels. Il fait une chenille g\u00e9ante sur le site du festival.<\/p>\n<p data-end=\"1504\" class=\" wall-content\">Puis, le groupe funk Ast\u00e9r\u00e9otypie et la fanfare M\u00e9lotronic vont enchanter la sc\u00e8ne Er\u00e9bia. Enfin, le duo <b data-end=\"1352\">Ofenbach<\/b> cl\u00f4turera cette deuxi\u00e8me journ\u00e9e avec un set \u00e9lectro explosif, promettant de faire danser du monde \u00e0 <a href=\"https:\/\/actu.fr\/normandie\/saint-laurent-de-cuves_50499\" target=\"_blank\" rel=\"noopener\">Saint-Laurent-de-Cuves<\/a> jusqu\u2019au bout de la nuit.<\/p>\n<p data-end=\"1673\" class=\" wall-content\">Le festival continue ce dimanche, avec encore de nombreux artistes \u00e0 d\u00e9couvrir. Une chose est s\u00fbre\u2009: les Papillons de nuit n\u2019ont pas fini de faire vibrer la Normandie.<\/p>\n<p class=\" wall-content\">Suivez toute l\u2019actualit\u00e9 de vos villes et m\u00e9dias favoris en vous inscrivant \u00e0 <a href=\"https:\/\/moncompte.actu.fr\" title=\"D\u00e9couvez Mon Actu\" rel=\"nofollow noopener\" data-trk=\"{&quot;cta&quot;:{&quot;action&quot;:&quot;https:\\\/\\\/moncompte.actu.fr&quot;,&quot;category&quot;:&quot;mon compte&quot;,&quot;from&quot;:&quot;article footer&quot;,&quot;name&quot;:&quot;Mon actu&quot;,&quot;type&quot;:&quot;cta&quot;}}\" target=\"_blank\">Mon Actu<\/a>.<\/p>\n","protected":false},"excerpt":{"rendered":"Par Auria Boukar Publi\u00e9 le 7 juin 2025 \u00e0 22h18 Le festival Papillons de nuit poursuit sa 23e&hellip;\n","protected":false},"author":2,"featured_media":160615,"comment_status":"","ping_status":"","sticky":false,"template":"","format":"standard","meta":{"footnotes":""},"categories":[1355],"tags":[58,59,29230,1011,27,1652,1361,873,23784],"class_list":{"0":"post-160614","1":"post","2":"type-post","3":"status-publish","4":"format-standard","5":"has-post-thumbnail","7":"category-musique","8":"tag-divertissement","9":"tag-entertainment","10":"tag-festival-papillons-de-nuit","11":"tag-fr","12":"tag-france","13":"tag-loisirs-culture","14":"tag-music","15":"tag-musique","16":"tag-sud-manche"},"share_on_mastodon":{"url":"https:\/\/pubeurope.com\/@fr\/114647150420945758","error":""},"_links":{"self":[{"href":"https:\/\/www.europesays.com\/fr\/wp-json\/wp\/v2\/posts\/160614","targetHints":{"allow":["GET"]}}],"collection":[{"href":"https:\/\/www.europesays.com\/fr\/wp-json\/wp\/v2\/posts"}],"about":[{"href":"https:\/\/www.europesays.com\/fr\/wp-json\/wp\/v2\/types\/post"}],"author":[{"embeddable":true,"href":"https:\/\/www.europesays.com\/fr\/wp-json\/wp\/v2\/users\/2"}],"replies":[{"embeddable":true,"href":"https:\/\/www.europesays.com\/fr\/wp-json\/wp\/v2\/comments?post=160614"}],"version-history":[{"count":0,"href":"https:\/\/www.europesays.com\/fr\/wp-json\/wp\/v2\/posts\/160614\/revisions"}],"wp:featuredmedia":[{"embeddable":true,"href":"https:\/\/www.europesays.com\/fr\/wp-json\/wp\/v2\/media\/160615"}],"wp:attachment":[{"href":"https:\/\/www.europesays.com\/fr\/wp-json\/wp\/v2\/media?parent=160614"}],"wp:term":[{"taxonomy":"category","embeddable":true,"href":"https:\/\/www.europesays.com\/fr\/wp-json\/wp\/v2\/categories?post=160614"},{"taxonomy":"post_tag","embeddable":true,"href":"https:\/\/www.europesays.com\/fr\/wp-json\/wp\/v2\/tags?post=160614"}],"curies":[{"name":"wp","href":"https:\/\/api.w.org\/{rel}","templated":true}]}}