{"id":160618,"date":"2025-06-08T09:58:09","date_gmt":"2025-06-08T09:58:09","guid":{"rendered":"https:\/\/www.europesays.com\/fr\/160618\/"},"modified":"2025-06-08T09:58:09","modified_gmt":"2025-06-08T09:58:09","slug":"schizophrenie-bipolarite-lenquete-choc-de-ufc-que-choisir-sur-linjustice-sanitaire-qui-ecourte-la-vie-des-malades","status":"publish","type":"post","link":"https:\/\/www.europesays.com\/fr\/160618\/","title":{"rendered":"Schizophr\u00e9nie, bipolarit\u00e9 : l\u2019enqu\u00eate choc de UFC-Que Choisir sur l\u2019injustice sanitaire qui \u00e9courte la vie des malades"},"content":{"rendered":"<p>\t\t\t\t\t Une surmortalit\u00e9 ignor\u00e9e du grand public<\/p>\n<p data-start=\"701\" data-end=\"1019\">Lorsqu\u2019on \u00e9voque les troubles psychiatriques comme la <strong data-start=\"755\" data-end=\"799\">schizophr\u00e9nie ou les troubles bipolaires<\/strong>, l\u2019image qui vient souvent \u00e0 l\u2019esprit est celle d\u2019un risque suicidaire \u00e9lev\u00e9. Si ce risque existe, il n\u2019explique <strong data-start=\"913\" data-end=\"942\">qu\u2019une partie minoritaire<\/strong> de la baisse drastique d\u2019esp\u00e9rance de vie. Le c\u0153ur du probl\u00e8me est ailleurs.<\/p>\n<p data-start=\"1021\" data-end=\"1281\"><strong data-start=\"1021\" data-end=\"1056\">Ce sont les maladies somatiques<\/strong>, notamment cardiovasculaires, m\u00e9taboliques ou respiratoires, <strong data-start=\"1118\" data-end=\"1142\">qui tuent en silence<\/strong> les personnes atteintes de troubles psychiques. Le ph\u00e9nom\u00e8ne est massif, document\u00e9, mais trop peu connu en dehors des milieux sp\u00e9cialis\u00e9s.<\/p>\n<p> Une longue liste de pathologies associ\u00e9es<\/p>\n<p data-start=\"1329\" data-end=\"1574\">Les troubles psychiques s\u00e9v\u00e8res sont <strong data-start=\"1366\" data-end=\"1420\">fr\u00e9quemment associ\u00e9s \u00e0 d\u2019autres maladies physiques<\/strong>, dont la prise en charge est souvent retard\u00e9e, voire absente. En cause : la fatigue psychique, le manque d\u2019acc\u00e8s aux soins, mais aussi la stigmatisation.<\/p>\n<p data-start=\"1576\" data-end=\"1647\">Voici un tableau des pathologies les plus courantes chez ces patients :<\/p>\n<tr data-start=\"1649\" data-end=\"1786\">\n<strong data-start=\"1651\" data-end=\"1674\">Pathologie associ\u00e9e<\/strong><br \/>\n<strong data-start=\"1705\" data-end=\"1720\">Explication<\/strong><br \/>\n<\/tr>\n<tr data-start=\"1926\" data-end=\"2069\">\n<td data-start=\"1926\" data-end=\"1980\" data-col-size=\"md\">Maladies cardiovasculaires (hypertension, AVC\u2026)<\/td>\n<td data-col-size=\"md\" data-start=\"1980\" data-end=\"2069\">Plus fr\u00e9quentes que dans la population g\u00e9n\u00e9rale, li\u00e9es aux traitements et mode de vie<\/td>\n<\/tr>\n<tr data-start=\"2070\" data-end=\"2207\">\n<td data-start=\"2070\" data-end=\"2124\" data-col-size=\"md\">Diab\u00e8te de type 2<\/td>\n<td data-col-size=\"md\" data-start=\"2124\" data-end=\"2207\">Surrepr\u00e9sent\u00e9, souvent mal diagnostiqu\u00e9 ou d\u00e9couvert en urgence<\/td>\n<\/tr>\n<tr data-start=\"2208\" data-end=\"2345\">\n<td data-start=\"2208\" data-end=\"2262\" data-col-size=\"md\">Apn\u00e9es du sommeil<\/td>\n<td data-col-size=\"md\" data-start=\"2262\" data-end=\"2345\">Peu d\u00e9pist\u00e9es, pourtant fr\u00e9quentes<\/td>\n<\/tr>\n<tr data-start=\"2346\" data-end=\"2484\">\n<td data-start=\"2346\" data-end=\"2401\" data-col-size=\"md\">BPCO (bronchopneumopathie chronique obstructive)<\/td>\n<td data-col-size=\"md\" data-start=\"2401\" data-end=\"2484\">Tabagisme massif chez ces patients<\/td>\n<\/tr>\n<tr data-start=\"2485\" data-end=\"2622\">\n<td data-start=\"2485\" data-end=\"2539\" data-col-size=\"md\">Troubles digestifs et sexuels<\/td>\n<td data-start=\"2539\" data-end=\"2622\" data-col-size=\"md\">Souvent n\u00e9glig\u00e9s faute de consultation somatique r\u00e9guli\u00e8re<\/td>\n<\/tr>\n<tr data-start=\"2623\" data-end=\"2760\">\n<td data-start=\"2623\" data-end=\"2677\" data-col-size=\"md\">Probl\u00e8mes bucco-dentaires<\/td>\n<td data-start=\"2677\" data-end=\"2760\" data-col-size=\"md\">Peu de suivi dentaire, cons\u00e9quences inflammatoires importantes<\/td>\n<\/tr>\n<p data-start=\"2762\" data-end=\"2899\"><strong data-start=\"2762\" data-end=\"2782\">Ces comorbidit\u00e9s<\/strong> ne sont pas uniquement li\u00e9es aux troubles psychiques eux-m\u00eames. Elles sont aussi <strong data-start=\"2864\" data-end=\"2898\">exacerb\u00e9es par les traitements<\/strong>.<\/p>\n<p> Des m\u00e9dicaments qui aggravent les risques physiques<\/p>\n<p data-start=\"2957\" data-end=\"3327\">Les antipsychotiques de nouvelle g\u00e9n\u00e9ration, souvent indispensables pour stabiliser les sympt\u00f4mes, <strong data-start=\"3056\" data-end=\"3117\">provoquent tr\u00e8s fr\u00e9quemment une prise de poids importante<\/strong>, une modification du m\u00e9tabolisme, une r\u00e9sistance accrue \u00e0 l\u2019insuline. Ces effets secondaires augmentent m\u00e9caniquement le risque de diab\u00e8te, d\u2019hypertension, de cholest\u00e9rol et donc d\u2019accidents cardiovasculaires.<\/p>\n<p data-start=\"3329\" data-end=\"3537\">Certains patients prennent <strong data-start=\"3356\" data-end=\"3394\">plusieurs m\u00e9dicaments en parall\u00e8le<\/strong>, ce qui aggrave encore ces effets. Le corps m\u00e9dical est parfois d\u00e9muni pour \u00e9quilibrer les b\u00e9n\u00e9fices psychiatriques et les risques somatiques.<\/p>\n<p> Un acc\u00e8s aux soins largement insuffisant<\/p>\n<p data-start=\"3584\" data-end=\"3949\">L\u2019autre grande cause de cette surmortalit\u00e9, c\u2019est <strong data-start=\"3634\" data-end=\"3719\">le retard ou l\u2019absence de diagnostic et de prise en charge des maladies physiques<\/strong>. De nombreux patients n\u2019ont <strong data-start=\"3748\" data-end=\"3775\">pas de m\u00e9decin traitant<\/strong>, ou ne consultent jamais un g\u00e9n\u00e9raliste en dehors de leur suivi psychiatrique. Quand ils le font, c\u2019est souvent trop tard, en pleine crise ou lors d\u2019un passage aux urgences.<\/p>\n<p data-start=\"3951\" data-end=\"4134\"><strong data-start=\"3951\" data-end=\"3992\">Les cancers sont d\u00e9tect\u00e9s tardivement<\/strong>, les protocoles m\u00e9dicaux ne sont pas suivis correctement, par manque de compr\u00e9hension, de motivation ou de coordination entre professionnels.<\/p>\n<p data-start=\"4136\" data-end=\"4508\"><strong data-start=\"4136\" data-end=\"4166\">Le cloisonnement des soins<\/strong> entre la psychiatrie et la m\u00e9decine g\u00e9n\u00e9rale aggrave cette situation. Seulement 20 % des patients suivis pour des troubles psychiques sont pris en charge \u00e0 l\u2019h\u00f4pital psychiatrique, o\u00f9 des unit\u00e9s de m\u00e9decine g\u00e9n\u00e9rale existent parfois. Les autres sont orient\u00e9s vers les <strong data-start=\"4435\" data-end=\"4468\">centres m\u00e9dico-psychologiques<\/strong>, qui ne proposent pas ce type de suivi.<\/p>\n<p> Des solutions existent\u2026 mais restent rares<\/p>\n<p data-start=\"4557\" data-end=\"4759\">Des <strong data-start=\"4561\" data-end=\"4587\">psychiatres de liaison<\/strong> peuvent jouer un r\u00f4le crucial pour connecter les soins somatiques et psychiatriques, mais ils sont <strong data-start=\"4687\" data-end=\"4715\">encore trop peu nombreux<\/strong> et pr\u00e9sents dans trop peu d\u2019\u00e9tablissements.<\/p>\n<p data-start=\"4761\" data-end=\"4807\">L\u2019enqu\u00eate souligne plusieurs pistes urgentes :<\/p>\n<ul data-start=\"4808\" data-end=\"5188\">\n<li data-start=\"4808\" data-end=\"4895\"><strong data-start=\"4810\" data-end=\"4862\">Cr\u00e9er davantage d\u2019unit\u00e9s de m\u00e9decine polyvalente<\/strong> dans les h\u00f4pitaux psychiatriques<\/li>\n<li data-start=\"4808\" data-end=\"4895\"><strong data-start=\"4898\" data-end=\"4944\">Former les psychiatres et les g\u00e9n\u00e9ralistes<\/strong> aux besoins somatiques sp\u00e9cifiques des patients atteints de troubles mentaux<\/li>\n<li data-start=\"4808\" data-end=\"4895\"><strong data-start=\"5024\" data-end=\"5070\">Faciliter les parcours de soins coordonn\u00e9s<\/strong> entre ville et h\u00f4pital<\/li>\n<li data-start=\"4808\" data-end=\"4895\"><strong data-start=\"5096\" data-end=\"5131\">Accompagner les proches aidants<\/strong>, souvent seuls face \u00e0 l\u2019\u00e9volution des troubles physiques<\/li>\n<\/ul>\n<p> Des familles d\u00e9munies face \u00e0 une spirale de d\u00e9gradation<\/p>\n<p data-start=\"5250\" data-end=\"5480\">Comme le r\u00e9sume le Dr Nabil Hallouche, psychiatre et pr\u00e9sident de l\u2019ANP3SM, <strong data-start=\"5326\" data-end=\"5431\">les proches sont souvent angoiss\u00e9s par la prise de poids importante et les complications m\u00e9taboliques<\/strong>, mais ne trouvent que peu de r\u00e9ponses concr\u00e8tes.<\/p>\n<p data-start=\"5482\" data-end=\"5742\"><strong data-start=\"5482\" data-end=\"5590\">L\u2019esp\u00e9rance de vie de ces patients ne peut \u00eatre am\u00e9lior\u00e9e qu\u2019\u00e0 condition de sortir du silo psychiatrique<\/strong>, de repenser l\u2019accompagnement global de leur sant\u00e9, et de traiter les maladies somatiques avec la m\u00eame vigilance que pour n\u2019importe quel autre patient.<\/p>\n<p data-start=\"5482\" data-end=\"5742\">Source : <a href=\"https:\/\/www.quechoisir.org\/enquete-psychiatrie-la-double-peine-pour-les-malades-n167164\/\" target=\"_blank\" rel=\"noopener\">UFC Que Choisir<\/a><\/p>\n","protected":false},"excerpt":{"rendered":"Une surmortalit\u00e9 ignor\u00e9e du grand public Lorsqu\u2019on \u00e9voque les troubles psychiatriques comme la schizophr\u00e9nie ou les troubles bipolaires,&hellip;\n","protected":false},"author":2,"featured_media":160619,"comment_status":"","ping_status":"","sticky":false,"template":"","format":"standard","meta":{"footnotes":""},"categories":[10],"tags":[28395,1011,27,72,56,71,2072,29231,4649],"class_list":{"0":"post-160618","1":"post","2":"type-post","3":"status-publish","4":"format-standard","5":"has-post-thumbnail","7":"category-sante","8":"tag-bipolarite","9":"tag-fr","10":"tag-france","11":"tag-health","12":"tag-push","13":"tag-sante","14":"tag-sante-mentale","15":"tag-schizophrenie","16":"tag-ufc-que-choisir"},"share_on_mastodon":{"url":"https:\/\/pubeurope.com\/@fr\/114647158215344022","error":""},"_links":{"self":[{"href":"https:\/\/www.europesays.com\/fr\/wp-json\/wp\/v2\/posts\/160618","targetHints":{"allow":["GET"]}}],"collection":[{"href":"https:\/\/www.europesays.com\/fr\/wp-json\/wp\/v2\/posts"}],"about":[{"href":"https:\/\/www.europesays.com\/fr\/wp-json\/wp\/v2\/types\/post"}],"author":[{"embeddable":true,"href":"https:\/\/www.europesays.com\/fr\/wp-json\/wp\/v2\/users\/2"}],"replies":[{"embeddable":true,"href":"https:\/\/www.europesays.com\/fr\/wp-json\/wp\/v2\/comments?post=160618"}],"version-history":[{"count":0,"href":"https:\/\/www.europesays.com\/fr\/wp-json\/wp\/v2\/posts\/160618\/revisions"}],"wp:featuredmedia":[{"embeddable":true,"href":"https:\/\/www.europesays.com\/fr\/wp-json\/wp\/v2\/media\/160619"}],"wp:attachment":[{"href":"https:\/\/www.europesays.com\/fr\/wp-json\/wp\/v2\/media?parent=160618"}],"wp:term":[{"taxonomy":"category","embeddable":true,"href":"https:\/\/www.europesays.com\/fr\/wp-json\/wp\/v2\/categories?post=160618"},{"taxonomy":"post_tag","embeddable":true,"href":"https:\/\/www.europesays.com\/fr\/wp-json\/wp\/v2\/tags?post=160618"}],"curies":[{"name":"wp","href":"https:\/\/api.w.org\/{rel}","templated":true}]}}