{"id":160629,"date":"2025-06-08T10:04:10","date_gmt":"2025-06-08T10:04:10","guid":{"rendered":"https:\/\/www.europesays.com\/fr\/160629\/"},"modified":"2025-06-08T10:04:10","modified_gmt":"2025-06-08T10:04:10","slug":"un-mont-sous-marin-albert-ii-ce-drole-de-cadeau-offert-par-emmanuel-macron-au-prince-de-monaco","status":"publish","type":"post","link":"https:\/\/www.europesays.com\/fr\/160629\/","title":{"rendered":"Un mont sous-marin Albert II, ce dr\u00f4le de cadeau offert par Emmanuel Macron au prince de Monaco"},"content":{"rendered":"<p>        <img decoding=\"async\" loading=\"lazy\" src=\"https:\/\/www.europesays.com\/fr\/wp-content\/uploads\/2025\/06\/2ad768c_sirius-fs-upload-1-oeayvocxwurq-1749371578440-000-49ku2tz.jpg\"  width=\"728\" height=\"410\" alt=\"Emmanuel Macron n\u2019est pas arriv\u00e9 les mains vides \u00e0 Monaco ce samedi 7\u00a0juin.\"\/>  <\/p>\n<p>LUDOVIC MARIN \/ AFP<\/p>\n<p>Emmanuel Macron n\u2019est pas arriv\u00e9 les mains vides \u00e0 Monaco ce samedi 7\u00a0juin.<\/p>\n<p class=\"asset asset-text\">POLITIQUE &#8211; La diplomatie du cadeau. Lors de ses visites d\u2019\u00c9tat, Emmanuel Macron ne vient pas les mains vides. Il a encore eu l\u2019occasion de le prouver ce samedi 7\u00a0juin lors de son d\u00e9placement \u00e0 <a href=\"https:\/\/www.huffingtonpost.fr\/sport\/article\/monaco-battu-en-finale-par-fenerbahce-pas-de-2e-euroligue-pour-le-basket-francais_250503.html\" rel=\"nofollow noopener\" target=\"_blank\">Monaco<\/a>. Re\u00e7u en grande pompe par le prince Albert II, <a href=\"https:\/\/www.huffingtonpost.fr\/politique\/article\/maprimrenov-suspendue-macron-fustige-le-detricotage-de-sa-politique-climatique_251073.html\" rel=\"nofollow noopener\" target=\"_blank\">le Pr\u00e9sident fran\u00e7ais<\/a> a fait fort en lui offrant un mont sous-marin qui portera son nom.<\/p>\n<p class=\"asset asset-text\">Selon l\u2019\u00c9lys\u00e9e, il s\u2019agit d\u2019un \u00ab\u00a0relief sous-marin majeur\u00a0\u00bb, situ\u00e9 dans l\u2019Oc\u00e9an Indien, et d\u00e9couvert par le Service hydrographique de la Marine nationale. Ainsi, le futur mont Albert II \u00ab\u00a0mesure 1\u00a0958 m\u00e8tres comme l\u2019ann\u00e9e de naissance du prince\u00a0\u00bb, \u00e2g\u00e9 de 67\u00a0ans. Cette d\u00e9signation a \u00e9t\u00e9 valid\u00e9e par l\u2019Organisation hydrographique internationale (OHI), prend soin de pr\u00e9ciser l\u2019entourage du chef de l\u2019\u00c9tat.<\/p>\n<p class=\"asset asset-text\">Une fa\u00e7on pour Emmanuel Macron de rendre hommage \u00e0 l\u2019action d\u2019Albert II pour la protection des mers, alors que s\u2019ouvrira cette semaine <a href=\"https:\/\/www.huffingtonpost.fr\/environnement\/article\/le-premier-bulletin-du-barometre-starfish-sur-l-etat-des-oceans-n-est-guere-reluisant_251081.html\" rel=\"nofollow noopener\" target=\"_blank\">la conf\u00e9rence internationale des Nations unies<\/a> sur les oc\u00e9ans \u00e0 Nice, voisine du Rocher.<\/p>\n<p class=\"asset asset-text\">Autre cadeau, tout aussi atypique\u00a0: une raquette de tennis baptis\u00e9e \u00ab\u00a0Rafa no5\u00a0\u00bb et produite \u00e0 seulement 92 exemplaires pour c\u00e9l\u00e9brer la carri\u00e8re du champion espagnol Rafael Nadal, quatorze fois victorieux du tournoi de Roland Garros, dont la finale masculine a lieu ce 8\u00a0juin. L\u00e0 non plus, rien n\u2019est laiss\u00e9 au hasard puisque le chiffre 5 du nom de la raquette renvoie symboliquement \u00e0 2005, ann\u00e9e de l\u2019intronisation d\u2019Albert II, passionn\u00e9 de tennis, qui c\u00e9l\u00e9brera cet \u00e9t\u00e9 ses vingt ans de r\u00e8gne.\u00a0Co\u00efncidence\u00a0: l\u2019ann\u00e9e 2005 marque aussi le tout premier sacre de Rafael Nadal au tournoi de Monte-Carlo, qu\u2019il remportera ensuite onze fois lors de sa carri\u00e8re.<\/p>\n<p class=\"asset asset-text\">Et puisque tout cela ne suffisait pas\u00a0: Emmanuel Macron a laiss\u00e9 \u00e0 son h\u00f4te une \u00e9dition originale illustr\u00e9e de 1880 des \u00ab\u00a0Voyageurs du XIXe\u00a0si\u00e8cle\u00a0\u00bb de Jules Verne, un r\u00e9cit des grands voyages et grands voyageurs du si\u00e8cle de l\u2019auteur. Un cadeau qui fait \u00e9cho au grand-p\u00e8re du prince, Albert Ier, \u00ab\u00a0explorateur lui-m\u00eame, notamment par ses campagnes oc\u00e9anographiques, et passionn\u00e9 par les progr\u00e8s techniques, des th\u00e8mes chers \u00e0 Jules Verne\u00a0\u00bb, explique l\u2019\u00c9lys\u00e9e. D\u00e9cid\u00e9ment, Albert II est g\u00e2t\u00e9.<\/p>\n","protected":false},"excerpt":{"rendered":"LUDOVIC MARIN \/ AFP Emmanuel Macron n\u2019est pas arriv\u00e9 les mains vides \u00e0 Monaco ce samedi 7\u00a0juin. POLITIQUE&hellip;\n","protected":false},"author":2,"featured_media":160630,"comment_status":"","ping_status":"","sticky":false,"template":"","format":"standard","meta":{"footnotes":""},"categories":[4],"tags":[11,29232,1073,1011,27,12,316,25],"class_list":{"0":"post-160629","1":"post","2":"type-post","3":"status-publish","4":"format-standard","5":"has-post-thumbnail","7":"category-france","8":"tag-actualites","9":"tag-albert-ii","10":"tag-emmanuel-macron","11":"tag-fr","12":"tag-france","13":"tag-news","14":"tag-politique","15":"tag-republique-francaise"},"share_on_mastodon":{"url":"https:\/\/pubeurope.com\/@fr\/114647181837242487","error":""},"_links":{"self":[{"href":"https:\/\/www.europesays.com\/fr\/wp-json\/wp\/v2\/posts\/160629","targetHints":{"allow":["GET"]}}],"collection":[{"href":"https:\/\/www.europesays.com\/fr\/wp-json\/wp\/v2\/posts"}],"about":[{"href":"https:\/\/www.europesays.com\/fr\/wp-json\/wp\/v2\/types\/post"}],"author":[{"embeddable":true,"href":"https:\/\/www.europesays.com\/fr\/wp-json\/wp\/v2\/users\/2"}],"replies":[{"embeddable":true,"href":"https:\/\/www.europesays.com\/fr\/wp-json\/wp\/v2\/comments?post=160629"}],"version-history":[{"count":0,"href":"https:\/\/www.europesays.com\/fr\/wp-json\/wp\/v2\/posts\/160629\/revisions"}],"wp:featuredmedia":[{"embeddable":true,"href":"https:\/\/www.europesays.com\/fr\/wp-json\/wp\/v2\/media\/160630"}],"wp:attachment":[{"href":"https:\/\/www.europesays.com\/fr\/wp-json\/wp\/v2\/media?parent=160629"}],"wp:term":[{"taxonomy":"category","embeddable":true,"href":"https:\/\/www.europesays.com\/fr\/wp-json\/wp\/v2\/categories?post=160629"},{"taxonomy":"post_tag","embeddable":true,"href":"https:\/\/www.europesays.com\/fr\/wp-json\/wp\/v2\/tags?post=160629"}],"curies":[{"name":"wp","href":"https:\/\/api.w.org\/{rel}","templated":true}]}}