{"id":160631,"date":"2025-06-08T10:05:10","date_gmt":"2025-06-08T10:05:10","guid":{"rendered":"https:\/\/www.europesays.com\/fr\/160631\/"},"modified":"2025-06-08T10:05:10","modified_gmt":"2025-06-08T10:05:10","slug":"pierre-moscovici-pas-convaincu-par-lannee-blanche-pour-le-budget-2026","status":"publish","type":"post","link":"https:\/\/www.europesays.com\/fr\/160631\/","title":{"rendered":"Pierre Moscovici pas convaincu par l\u2019\u00abann\u00e9e blanche\u00bb pour le budget 2026"},"content":{"rendered":"<p>Le premier pr\u00e9sident de la Cour des comptes pr\u00e9f\u00e9rerait une r\u00e9forme \u00abstructurelle\u00bb des politiques publiques plut\u00f4t que le \u00abrabot\u00bb envisag\u00e9 par le gouvernement.<\/p>\n<p class=\"fig-paragraph\">La piste d&rsquo;une\u00a0<a href=\"http:\/\/www.lefigaro.fr\/conjoncture\/budget-le-gouvernement-propose-une-annee-blanche-aux-elus-20250526\" data-fig-type=\"Article\" data-gtm-custom-categorie=\"navigation\" data-gtm-custom-action=\"crossclick\" data-gtm-custom-label=\"Contextuel\" data-gtm-event=\"customEventSPE\" data-fig-domain=\"LEFIGARO\" target=\"_blank\" rel=\"noopener\">\u00abann\u00e9e blanche\u00bb pour le budget 2026<\/a>\u00a0n&rsquo;a pas les faveurs de Pierre Moscovici, premier pr\u00e9sident de la Cour des comptes, car \u00abon ne le fait qu&rsquo;une fois\u00bb, et qu&rsquo;un tel gel ne permet pas de \u00abr\u00e9former les politiques publiques\u00bb, d\u00e9clare-t-il dimanche au micro de RadioJ. Le premier ministre Fran\u00e7ois Bayrou doit annoncer d&rsquo;ici au 14 juillet ses orientations pour le prochain budget, pour d\u00e9gager 40 milliards d&rsquo;euros d&rsquo;efforts. Plusieurs pistes circulent dont celle d&rsquo;une \u00abann\u00e9e blanche\u00bb, soit un gel budg\u00e9taire.<\/p>\n<p class=\"fig-paragraph\">\u00abEn mati\u00e8re de d\u00e9penses publiques, je suis toujours favorable \u00e0 une approche structurelle, celle qui r\u00e9forme les politiques publiques, plus qu&rsquo;\u00e0 n&rsquo;importe quelle forme de rabot\u00bb, indique Pierre Moscovici dans cet entretien, qui sera diffus\u00e9 dimanche en d\u00e9but d&rsquo;apr\u00e8s-midi. Une \u00abann\u00e9e blanche\u00bb, \u00abce serait ce qu&rsquo;on appelle un \u201cone shot\u201d. On le fait une fois et apr\u00e8s, qu&rsquo;est-ce que vous faites? Alors que ce n&rsquo;est pas en 2026 qu&rsquo;il faut faire des efforts, c&rsquo;est en 26, 27, 28, 29 et 30 au moins. Et pour cela il faut modifier les politiques publiques\u00bb, juge-t-il.<\/p>\n<p>L\u2019outil fiscal doit \u00eatre utilis\u00e9 \u00abmarginalement\u00bb<\/p>\n<p class=\"fig-paragraph\">\u00abIl y a un effort important \u00e0 faire\u00bb, \u00e0 partager \u00abentre toutes les cat\u00e9gories d&rsquo;institutions publiques, il faut faire des \u00e9conomies sur l&rsquo;\u00c9tat, sur les collectivit\u00e9s locales et sur la s\u00e9curit\u00e9 sociale\u00bb, argumente-t-il. \u00abCe doit \u00eatre partag\u00e9 entre les Fran\u00e7ais en fonction de leur capacit\u00e9 contributive, plus vous avez de moyens, plus vous devez payer\u00bb et \u00abil faut d&rsquo;abord faire des \u00e9conomies en d\u00e9penses, et ensuite, \u00e9ventuellement, marginalement et de fa\u00e7on juste, recourir \u00e0 l&rsquo;outil fiscal\u00bb, ajoute Pierre Moscovici.<\/p>\n<p class=\"fig-body-link\">\n            \u00c0 lire aussi<br \/>\n        <a class=\"fig-body-link__link fig-premium-mark\" href=\"http:\/\/www.lefigaro.fr\/conjoncture\/retraites-allocations-impot-sur-le-revenu-comment-l-annee-blanche-pourrait-generer-des-milliards-d-economies-20250604\" data-fig-type=\"Article\" data-gtm-custom-categorie=\"navigation\" data-gtm-custom-action=\"crossclick\" data-gtm-custom-label=\"Contextuel\" data-gtm-event=\"customEventSPE\" data-fig-domain=\"LEFIGARO\" target=\"_blank\" rel=\"noopener\">Retraites, allocations, imp\u00f4t sur le revenu&#8230; Comment l\u2019\u00abann\u00e9e blanche\u00bb pourrait g\u00e9n\u00e9rer des milliards d\u2019\u00e9conomies<br \/>\n    <\/a>\n<\/p>\n<p class=\"fig-paragraph\">Alors que les d\u00e9penses publiques atteignent \u00ab57% du PIB (&#8230;), le taux le plus \u00e9lev\u00e9 d&rsquo;Europe. Si nous revenions progressivement vers 54, 55, on aurait juste un peu minci, (&#8230;) on n&rsquo;aurait pas fondu. On n&rsquo;est pas en train d&rsquo;imposer l&rsquo;aust\u00e9rit\u00e9 aux Fran\u00e7ais\u00bb, qui consisterait \u00e0 \u00abtoucher aux prestations, (&#8230;) casser le service public\u00bb, fait-il valoir.<\/p>\n<p class=\"fig-paragraph\">Interrog\u00e9 sur une \u00e9ventuelle candidature \u00e0 la\u00a0<a href=\"http:\/\/www.lefigaro.fr\/politique\/presidentielle-2027-olivier-faure-evoque-la-possibilite-d-une-primaire-pour-designer-un-candidat-commun-de-la-gauche-et-des-ecologistes-20250607\" data-fig-type=\"NewsFlash\" data-gtm-custom-categorie=\"navigation\" data-gtm-custom-action=\"crossclick\" data-gtm-custom-label=\"Contextuel\" data-gtm-event=\"customEventSPE\" data-fig-domain=\"LEFIGARO\" target=\"_blank\" rel=\"noopener\">pr\u00e9sidentielle en 2027<\/a>, Pierre Moscovici indique qu&rsquo;en septembre 2026, \u00e0 l&rsquo;issue de son mandat \u00e0 la Cour des comptes, il serait \u00abun homme libre. Je participerai au d\u00e9bat politique, je participerai aussi \u00e0 la r\u00e9flexion sur l&rsquo;\u00e9lection pr\u00e9sidentielle. Candidat, je n&rsquo;y pense m\u00eame pas\u00bb, affirme-t-il. \u00abVous pouvez y penser ou pas?\u00bb le relance le journaliste: \u00ab\u00e7a peut me venir comme \u00e7a peut ne pas me venir, quand je vois toutes les personnes qui y pensent&#8230; Je n&rsquo;ai jamais \u00e9t\u00e9 obs\u00e9d\u00e9 par la pr\u00e9sidentielle\u00bb, r\u00e9pond Pierre Moscovici.<\/p>\n","protected":false},"excerpt":{"rendered":"Le premier pr\u00e9sident de la Cour des comptes pr\u00e9f\u00e9rerait une r\u00e9forme \u00abstructurelle\u00bb des politiques publiques plut\u00f4t que le&hellip;\n","protected":false},"author":2,"featured_media":160632,"comment_status":"","ping_status":"","sticky":false,"template":"","format":"standard","meta":{"footnotes":""},"categories":[2],"tags":[339,11,340,29233,343,345,350,130,344,352,349,33,341,313,1011,27,346,342,353,351,347,12,348,354],"class_list":{"0":"post-160631","1":"post","2":"type-post","3":"status-publish","4":"format-standard","5":"has-post-thumbnail","7":"category-actualites","8":"tag-actualite-economique","9":"tag-actualites","10":"tag-bourse","11":"tag-budget-de-letat","12":"tag-cac-40","13":"tag-chef-dentreprise","14":"tag-concurrence","15":"tag-consommation","16":"tag-creation-dentreprise","17":"tag-crise","18":"tag-delocalisations","19":"tag-economie","20":"tag-emploi","21":"tag-entreprises","22":"tag-fr","23":"tag-france","24":"tag-grands-patrons","25":"tag-impots","26":"tag-licenciements","27":"tag-monopole","28":"tag-multinationales","29":"tag-news","30":"tag-privatisation","31":"tag-unio"},"share_on_mastodon":{"url":"https:\/\/pubeurope.com\/@fr\/114647185706301712","error":""},"_links":{"self":[{"href":"https:\/\/www.europesays.com\/fr\/wp-json\/wp\/v2\/posts\/160631","targetHints":{"allow":["GET"]}}],"collection":[{"href":"https:\/\/www.europesays.com\/fr\/wp-json\/wp\/v2\/posts"}],"about":[{"href":"https:\/\/www.europesays.com\/fr\/wp-json\/wp\/v2\/types\/post"}],"author":[{"embeddable":true,"href":"https:\/\/www.europesays.com\/fr\/wp-json\/wp\/v2\/users\/2"}],"replies":[{"embeddable":true,"href":"https:\/\/www.europesays.com\/fr\/wp-json\/wp\/v2\/comments?post=160631"}],"version-history":[{"count":0,"href":"https:\/\/www.europesays.com\/fr\/wp-json\/wp\/v2\/posts\/160631\/revisions"}],"wp:featuredmedia":[{"embeddable":true,"href":"https:\/\/www.europesays.com\/fr\/wp-json\/wp\/v2\/media\/160632"}],"wp:attachment":[{"href":"https:\/\/www.europesays.com\/fr\/wp-json\/wp\/v2\/media?parent=160631"}],"wp:term":[{"taxonomy":"category","embeddable":true,"href":"https:\/\/www.europesays.com\/fr\/wp-json\/wp\/v2\/categories?post=160631"},{"taxonomy":"post_tag","embeddable":true,"href":"https:\/\/www.europesays.com\/fr\/wp-json\/wp\/v2\/tags?post=160631"}],"curies":[{"name":"wp","href":"https:\/\/api.w.org\/{rel}","templated":true}]}}