{"id":160639,"date":"2025-06-08T10:09:43","date_gmt":"2025-06-08T10:09:43","guid":{"rendered":"https:\/\/www.europesays.com\/fr\/160639\/"},"modified":"2025-06-08T10:09:43","modified_gmt":"2025-06-08T10:09:43","slug":"rencontre-et-dedicaces-au-17e-salon-des-auteurs-lorrains","status":"publish","type":"post","link":"https:\/\/www.europesays.com\/fr\/160639\/","title":{"rendered":"Rencontre et d\u00e9dicaces au 17e salon des auteurs lorrains"},"content":{"rendered":"<p>Une quarantaine d\u2019\u00e9crivains du Grand-Est proposeront et d\u00e9dicaceront leurs ouvrages (romans, nouvelles, r\u00e9cits historiques, po\u00e9sie, contes et l\u00e9gendes, BD) au 17e salon des auteurs lorrains organis\u00e9 par l\u2019association de d\u00e9fense et d\u2019illustration de la litt\u00e9rature en Lorraine (ADILL). Invit\u00e9 d\u2019honneur\u00a0: le romancier G\u00e9rald Tenenbaum.<\/p>\n<p class=\"note\">Dimanche 8\u00a0juin, de 10\u00a0h \u00e0 18\u00a0h, au centre culturel Les Ecraignes,<\/p>\n<p class=\"note\">6, rue Albert-1er , \u00e0 Villers-l\u00e8s-Nancy. Entr\u00e9e libre.<\/p>\n","protected":false},"excerpt":{"rendered":"Une quarantaine d\u2019\u00e9crivains du Grand-Est proposeront et d\u00e9dicaceront leurs ouvrages (romans, nouvelles, r\u00e9cits historiques, po\u00e9sie, contes et l\u00e9gendes,&hellip;\n","protected":false},"author":2,"featured_media":160640,"comment_status":"","ping_status":"","sticky":false,"template":"","format":"standard","meta":{"footnotes":""},"categories":[9635],"tags":[1111,11,1687,1704,1777,674,1685,1011,27,775,2410,10262,1702,12,25,10261],"class_list":{"0":"post-160639","1":"post","2":"type-post","3":"status-publish","4":"format-standard","5":"has-post-thumbnail","7":"category-nancy","8":"tag-actu","9":"tag-actualites","10":"tag-culture-loisirs","11":"tag-edition-nancy-et-agglomeration","12":"tag-eu","13":"tag-europe","14":"tag-foire-et-salon","15":"tag-fr","16":"tag-france","17":"tag-grand-est","18":"tag-livres-bd","19":"tag-metropole-du-grand-nancy-54b5","20":"tag-nancy","21":"tag-news","22":"tag-republique-francaise","23":"tag-villers-les-nancy"},"share_on_mastodon":{"url":"https:\/\/pubeurope.com\/@fr\/114647201417125944","error":""},"_links":{"self":[{"href":"https:\/\/www.europesays.com\/fr\/wp-json\/wp\/v2\/posts\/160639","targetHints":{"allow":["GET"]}}],"collection":[{"href":"https:\/\/www.europesays.com\/fr\/wp-json\/wp\/v2\/posts"}],"about":[{"href":"https:\/\/www.europesays.com\/fr\/wp-json\/wp\/v2\/types\/post"}],"author":[{"embeddable":true,"href":"https:\/\/www.europesays.com\/fr\/wp-json\/wp\/v2\/users\/2"}],"replies":[{"embeddable":true,"href":"https:\/\/www.europesays.com\/fr\/wp-json\/wp\/v2\/comments?post=160639"}],"version-history":[{"count":0,"href":"https:\/\/www.europesays.com\/fr\/wp-json\/wp\/v2\/posts\/160639\/revisions"}],"wp:featuredmedia":[{"embeddable":true,"href":"https:\/\/www.europesays.com\/fr\/wp-json\/wp\/v2\/media\/160640"}],"wp:attachment":[{"href":"https:\/\/www.europesays.com\/fr\/wp-json\/wp\/v2\/media?parent=160639"}],"wp:term":[{"taxonomy":"category","embeddable":true,"href":"https:\/\/www.europesays.com\/fr\/wp-json\/wp\/v2\/categories?post=160639"},{"taxonomy":"post_tag","embeddable":true,"href":"https:\/\/www.europesays.com\/fr\/wp-json\/wp\/v2\/tags?post=160639"}],"curies":[{"name":"wp","href":"https:\/\/api.w.org\/{rel}","templated":true}]}}