{"id":160659,"date":"2025-06-08T10:22:25","date_gmt":"2025-06-08T10:22:25","guid":{"rendered":"https:\/\/www.europesays.com\/fr\/160659\/"},"modified":"2025-06-08T10:22:25","modified_gmt":"2025-06-08T10:22:25","slug":"a-strasbourg-le-hall-des-chars-va-se-transformer-avec-2-salles","status":"publish","type":"post","link":"https:\/\/www.europesays.com\/fr\/160659\/","title":{"rendered":"\u00e0 Strasbourg, le Hall des Chars va se transformer avec 2 salles"},"content":{"rendered":"<p>    <img loading=\"lazy\" width=\"1800\" height=\"900\" src=\"https:\/\/www.europesays.com\/fr\/wp-content\/uploads\/2025\/04\/jeanne-callthepolice.jpg\" class=\"attachment-full size-full\" alt=\"\" id=\"imageLove\" decoding=\"async\"  \/><\/p>\n<p id=\"breadcrumbs\"><a href=\"https:\/\/pokaa.fr\/\" target=\"_blank\" rel=\"noopener\">Accueil<\/a> \/ <a href=\"https:\/\/pokaa.fr\/categories\/actu\/\" target=\"_blank\" rel=\"noopener\">Info locale<\/a> \/ <a href=\"https:\/\/pokaa.fr\/categories\/actu\/culture\/\" target=\"_blank\" rel=\"noopener\">Culture<\/a> \/ Projet \u00e0 5,2 millions d\u2019\u20ac : \u00e0 Strasbourg, le Hall des Chars va se transformer avec 2 salles<\/p>\n<p>                    Culture<\/p>\n<p class=\"p1\"><b>Alors que La Laiterie est encore en travaux jusqu\u2019\u00e0 la fin de l\u2019ann\u00e9e, une fois ce chantier termin\u00e9, un nouveau prendra le relais dans le quartier : celui du Hall des Chars. Il sera agrandi pour accueillir \u00e0 la fois l\u2019Espace K et Le Club, l\u2019ancienne petite salle de La Laiterie. Deux nouvelles salles de 300 personnes chacune pour deux nouvelles identit\u00e9s, qui arriveront en 2028.<\/b><\/p>\n<p>Stras-culture, \u00e7a continue. Apr\u00e8s le lancement des travaux de La Laiterie, qui sont en cours jusqu\u2019\u00e0 la fin de l\u2019ann\u00e9e 2025, <a href=\"https:\/\/pokaa.fr\/2025\/03\/10\/strasbourg-en-travaux-le-musee-alsacien-va-bientot-fermer-ses-portes-pour-2-ans\/\" target=\"_blank\" rel=\"noopener\">la r\u00e9fection du Mus\u00e9e alsacien<\/a>, <a href=\"https:\/\/pokaa.fr\/2025\/04\/14\/budget-de-120-millions-deuros-lopera-de-strasbourg-sera-entierement-renove-dici-2033\/\" target=\"_blank\" rel=\"noopener\">l\u2019annonce de la transformation de l\u2019Op\u00e9ra<\/a>, <a href=\"https:\/\/pokaa.fr\/2024\/04\/10\/surprise-a-strasbourg-lopera-demenage-au-palais-des-fetes-des-2026\/\" target=\"_blank\" rel=\"noopener\">la r\u00e9novation du Palais des F\u00eates<\/a> et <a href=\"https:\/\/pokaa.fr\/2025\/04\/04\/six-ans-apres-on-connait-enfin-la-date-de-reouverture-du-musee-zoologique-de-strasbourg\/\" target=\"_blank\" rel=\"noopener\">le grand retour du Mus\u00e9e zoologique<\/a>, <b>les projets culturels continuent d\u2019avancer<\/b>.<\/p>\n<p>                <a href=\"https:\/\/pokaa.fr\/2024\/03\/27\/strasbourg-la-laiterie\/\" target=\"_blank\" rel=\"noopener\"><br \/>\n                    <img width=\"450\" height=\"270\" src=\"https:\/\/www.europesays.com\/fr\/wp-content\/uploads\/2025\/06\/laiterie-weber-keiling-associes-450x270.png\" class=\"attachment-card-horizontal--same-subject size-card-horizontal--same-subject wp-post-image\" alt=\"\" decoding=\"async\" loading=\"lazy\"\/>                <\/a><\/p>\n<p class=\"p1\">Dans le cas d\u00e9velopp\u00e9 aujourd\u2019hui, le programme est dans la continuit\u00e9 du chantier de La Laiterie : comme annonc\u00e9 depuis le d\u00e9but du projet, Le Club, la deuxi\u00e8me salle, va d\u00e9m\u00e9nager dans le cabinet des curiosit\u00e9s du Hall des Chars, situ\u00e9 rue du Hohwald. <b>Ainsi, de gros travaux vont \u00eatre men\u00e9s sur les 1 000 m2 du b\u00e2timent, pour avoir deux nouvelles salles : une pour Le Club, l\u2019autre pour l\u2019Espace K<\/b>.<\/p>\n<p class=\"p1\">Le coeur du projet, men\u00e9 par l\u2019agence d\u2019architectes Dominique Coulon &amp; associ\u00e9s, est de permettre aux deux structures de fonctionner ind\u00e9pendamment l\u2019une de l\u2019autre, et de ne pas se marcher sur les pieds. <b>Un gros travail sur l\u2019acoustique sera ainsi r\u00e9alis\u00e9 avec des zones tampons entre les deux salles<\/b>. Enfin, les porteurs\/ses de projet esp\u00e8rent que les publics, et les travailleurs\/ses du Club et de l\u2019Espace K, pourront se croiser et pourquoi pas collaborer.<\/p>\n<p>                <img width=\"667\" height=\"500\" src=\"https:\/\/www.europesays.com\/fr\/wp-content\/uploads\/2025\/06\/img-9499-667x500.jpg\" class=\"attachment-gallery size-gallery\" alt=\"IMG_9499\" data-full-url=\"https:\/\/pokaa.fr\/wp-content\/uploads\/2023\/05\/img-9499.jpg\" decoding=\"async\" loading=\"lazy\"  \/>            <\/p>\n<p>                <img width=\"875\" height=\"500\" src=\"https:\/\/www.europesays.com\/fr\/wp-content\/uploads\/2025\/06\/laiterie-875x500.png\" class=\"attachment-gallery size-gallery\" alt=\"Laiterie\" data-full-url=\"https:\/\/pokaa.fr\/wp-content\/uploads\/2024\/03\/27\/laiterie.png\" decoding=\"async\" loading=\"lazy\"  \/>            <\/p>\n<p>                    Ancienne Laiterie \/ Nouvelle Laiterie. 1. \u00a9 Nicolas Kaspar \/ Pokaa ; 2. \u00a9 Weber Keiling associes \/ Document remis<\/p>\n<p>Le Club : une ancienne petite salle qui devient grande<\/p>\n<p class=\"p2\">C\u00f4t\u00e9 travaux proprement dit, pour Le Club, il s\u2019agira notamment de pr\u00e9server le fonctionnement en duo avec la salle de La Laiterie, de permettre un meilleur accueil des files d\u2019attente, des artistes, de l\u2019espace fumeur, ou encore des livraisons logistiques. <b>Son entr\u00e9e se fera d\u00e9sormais par la rue du Ban-de-la-Roche<\/b>.<\/p>\n<p class=\"p2\">Elle poss\u00e8dera \u00e9galement une double fa\u00e7ade, pour prot\u00e9ger les riverain(e)s du bruit. De couleur sombre et pouvant contenir de la v\u00e9g\u00e9tation, elle fonctionnera comme une sorte de \u00ab sas de transition dedans \/ dehors \u00bb. <b>Enfin, la salle s\u2019\u00e9tendra sur 100 m2, avec une sc\u00e8ne de 55 m2, pouvant accueillir 300 personnes<\/b>.<\/p>\n<p>                <img width=\"667\" height=\"500\" src=\"https:\/\/www.europesays.com\/fr\/wp-content\/uploads\/2025\/06\/img-9497-667x500.jpg\" class=\"attachment-gallery size-gallery\" alt=\"IMG_9497\" data-full-url=\"https:\/\/pokaa.fr\/wp-content\/uploads\/2023\/05\/img-9497.jpg\" decoding=\"async\" loading=\"lazy\"  \/>            <\/p>\n<p>                <img width=\"717\" height=\"500\" src=\"https:\/\/www.europesays.com\/fr\/wp-content\/uploads\/2025\/06\/capture-decran-2025-06-06-a-094553-717x500.png\" class=\"attachment-gallery size-gallery\" alt=\"club laiterie\" data-full-url=\"https:\/\/pokaa.fr\/wp-content\/uploads\/2025\/06\/06\/capture-decran-2025-06-06-a-094553.png\" decoding=\"async\" loading=\"lazy\"  \/>            <\/p>\n<p>                    1. \u00a9 Nicolas Kaspar \/ Pokaa ; 2. \u00a9 Dominique Coulon &amp; associ\u00e9s \/ Document remis<\/p>\n<p>Nouvelle salle pour une nouvelle vie \u00e0 l\u2019Espace K<\/p>\n<p class=\"p1\">Alors que la fa\u00e7ade du Club sera plus sombre, celle de l\u2019Espace K sera plus claire et lumineuse, et pourra \u00eatre utilis\u00e9e comme un \u00e9cran pour afficher certains \u00e9v\u00e9nements. Au niveau de l\u2019\u00e9quipement en lui-m\u00eame, il y aura un nouveau hall pour organiser des ateliers, tenir des conf\u00e9rences ou des expositions. <b>Il y aura \u00e9galement une salle de plus de 200 m2, avec une sc\u00e8ne amovible et des gradins r\u00e9tractables allant de 184 personnes assises \u00e0 300 debout<\/b>. De quoi organiser une myriade d\u2019\u00e9v\u00e9nements.<\/p>\n<p class=\"p1\">Lors de la premi\u00e8re annonce du projet de la nouvelle Laiterie, <b>les membres de l\u2019Espace K avaient laiss\u00e9 poindre leurs inqui\u00e9tudes quant \u00e0 la fusion de leur espace avec l\u2019arriv\u00e9e du Club<\/b>. Reste \u00e0 voir si ce nouvel espace sera de nature \u00e0 les rassurer.<\/p>\n<p>                <a href=\"https:\/\/pokaa.fr\/2023\/05\/24\/une-cohabitation-impossible-techniquement-les-travaux-de-la-laiterie-inquietent-lespace-k\/\" target=\"_blank\" rel=\"noopener\"><br \/>\n                    <img width=\"404\" height=\"270\" src=\"https:\/\/www.europesays.com\/fr\/wp-content\/uploads\/2025\/06\/220325photo_14-scaled-e1650773082433.jpg\" class=\"attachment-card-horizontal--same-subject size-card-horizontal--same-subject wp-post-image\" alt=\"\" decoding=\"async\" loading=\"lazy\"\/>                <\/a><\/p>\n<p>    <img width=\"800\" height=\"600\" src=\"https:\/\/www.europesays.com\/fr\/wp-content\/uploads\/2025\/06\/capture-decran-2025-06-06-a-094540-800x600.png\" class=\"attachment-image-size-L size-image-size-L\" alt=\"espace k\" decoding=\"async\" loading=\"lazy\"  \/>         Le futur Espace K. \u00a9 Dominique Coulon &amp; associ\u00e9s \/ Document remis <\/p>\n<p>Les derni\u00e8res informations \u00e0 retenir<\/p>\n<p class=\"p1\">Les travaux de La Laiterie doivent se terminer \u00e0 la fin de l\u2019ann\u00e9e 2025. \u00c0 l\u2019\u00e9t\u00e9 2026, <b>des travaux d\u2019agencement seront \u00e0 l\u2019\u00e9tude dans la Salle des Colonnes de la Fabrique de Th\u00e9\u00e2tre, afin de permettre \u00e0 l\u2019Espace K de poursuivre son activit\u00e9 sur la dur\u00e9e des travaux<\/b>. Seront \u00e9galement men\u00e9s des travaux de r\u00e9am\u00e9nagement de l\u2019espace public sur les abords et au sein du quartier, qui devraient \u00eatre termin\u00e9s \u00e0 l\u2019\u00e9t\u00e9.<\/p>\n<p class=\"p1\">Ensuite, \u00e0 partir de septembre 2026, <b>le chantier du Hall des Chars prendra le relais pour une dur\u00e9e de 19 mois, ce qui nous emm\u00e8ne donc jusqu\u2019en 2028<\/b>. Co\u00fbt total du projet ? 5,2 millions d\u2019euros, dont 3,1 millions pour la partie travaux.<\/p>\n","protected":false},"excerpt":{"rendered":"Accueil \/ Info locale \/ Culture \/ Projet \u00e0 5,2 millions d\u2019\u20ac : \u00e0 Strasbourg, le Hall des&hellip;\n","protected":false},"author":2,"featured_media":160660,"comment_status":"","ping_status":"","sticky":false,"template":"","format":"standard","meta":{"footnotes":""},"categories":[2820],"tags":[1111,11,5244,251,29235,1777,674,1011,27,775,29236,12,25,640],"class_list":{"0":"post-160659","1":"post","2":"type-post","3":"status-publish","4":"format-standard","5":"has-post-thumbnail","7":"category-strasbourg","8":"tag-actu","9":"tag-actualites","10":"tag-club","11":"tag-culture","12":"tag-espace-k","13":"tag-eu","14":"tag-europe","15":"tag-fr","16":"tag-france","17":"tag-grand-est","18":"tag-laiterie","19":"tag-news","20":"tag-republique-francaise","21":"tag-strasbourg"},"share_on_mastodon":{"url":"https:\/\/pubeurope.com\/@fr\/114647252978227899","error":""},"_links":{"self":[{"href":"https:\/\/www.europesays.com\/fr\/wp-json\/wp\/v2\/posts\/160659","targetHints":{"allow":["GET"]}}],"collection":[{"href":"https:\/\/www.europesays.com\/fr\/wp-json\/wp\/v2\/posts"}],"about":[{"href":"https:\/\/www.europesays.com\/fr\/wp-json\/wp\/v2\/types\/post"}],"author":[{"embeddable":true,"href":"https:\/\/www.europesays.com\/fr\/wp-json\/wp\/v2\/users\/2"}],"replies":[{"embeddable":true,"href":"https:\/\/www.europesays.com\/fr\/wp-json\/wp\/v2\/comments?post=160659"}],"version-history":[{"count":0,"href":"https:\/\/www.europesays.com\/fr\/wp-json\/wp\/v2\/posts\/160659\/revisions"}],"wp:featuredmedia":[{"embeddable":true,"href":"https:\/\/www.europesays.com\/fr\/wp-json\/wp\/v2\/media\/160660"}],"wp:attachment":[{"href":"https:\/\/www.europesays.com\/fr\/wp-json\/wp\/v2\/media?parent=160659"}],"wp:term":[{"taxonomy":"category","embeddable":true,"href":"https:\/\/www.europesays.com\/fr\/wp-json\/wp\/v2\/categories?post=160659"},{"taxonomy":"post_tag","embeddable":true,"href":"https:\/\/www.europesays.com\/fr\/wp-json\/wp\/v2\/tags?post=160659"}],"curies":[{"name":"wp","href":"https:\/\/api.w.org\/{rel}","templated":true}]}}