{"id":160663,"date":"2025-06-08T10:24:14","date_gmt":"2025-06-08T10:24:14","guid":{"rendered":"https:\/\/www.europesays.com\/fr\/160663\/"},"modified":"2025-06-08T10:24:14","modified_gmt":"2025-06-08T10:24:14","slug":"sommet-sur-les-oceans-a-nice-ce-que-dit-le-nouveau-barometre-starfish-devoile-pour-loccasion","status":"publish","type":"post","link":"https:\/\/www.europesays.com\/fr\/160663\/","title":{"rendered":"Sommet sur les oc\u00e9ans \u00e0 Nice : ce que dit le nouveau barom\u00e8tre Starfish, d\u00e9voil\u00e9 pour l&rsquo;occasion"},"content":{"rendered":"<ul class=\"jsx-862013697 ArticleChapo__List\">\n<li class=\"jsx-862013697 ArticleChapo__List_Item flex\">Un nouveau barom\u00e8tre va \u00eatre d\u00e9voil\u00e9e lors du 3e Sommet des oc\u00e9ans, \u00e0 Nice.<\/li>\n<li class=\"jsx-862013697 ArticleChapo__List_Item flex\">Les constats dress\u00e9s par cette \u00e9quipe de scientifiques sont \u00e9difiants.<\/li>\n<\/ul>\n<p><a href=\"https:\/\/www.tf1info.fr\/actualite\/notre-planete-l-offre-environnement-de-tf1-lci-pour-la-transition-ecologique-13098\/\" rel=\"noopener\" class=\"jsx-484472199 Link jsx-1428418400 jsx-1797245342\" target=\"_blank\"><\/p>\n<p style=\"font-weight:400\" class=\"jsx-1837267516\">Suivez la couverture compl\u00e8te<\/p>\n<p style=\"font-weight:800\" class=\"jsx-1837267516\">Notre plan\u00e8te<\/p>\n<p><\/a><\/p>\n<p data-module=\"article-paragraph\" class=\"jsx-3046738180 Paragraph Paragraph__End\">Des dirigeants du monde entier sont attendus lundi 9 juin \u00e0 Nice pour prendre des engagements en faveur des oc\u00e9ans, dans le cadre du 3e <a href=\"https:\/\/www.tf1info.fr\/environnement-ecologie\/unoc-3-sommet-sur-les-oceans-a-nice-on-vous-resume-le-debat-sur-les-aires-marines-protegees-2371946.html\" target=\"_blank\" rel=\"noopener\">Sommet des Nations Unies<\/a> qui se tient \u00e0 Nice. Oui, mais quel est l&rsquo;\u00e9tat de nos oc\u00e9ans ? Un nouveau barom\u00e8tre, qui sera d\u00e9voil\u00e9 en int\u00e9gralit\u00e9 pour l&rsquo;occasion, vient justement r\u00e9pondre \u00e0 cette question et \u00ab\u00a0propose pour la premi\u00e8re fois une synth\u00e8se claire et accessible de l\u2019\u00e9tat de sant\u00e9 de l\u2019oc\u00e9an, des pressions humaines et de leurs impacts soci\u00e9taux\u00a0\u00bb.<\/p>\n<p>Un niveau qui monte et une chaleur in\u00e9gal\u00e9e<\/p>\n<p data-module=\"article-paragraph\" class=\"jsx-3046738180 Paragraph\">Le barom\u00e8tre Starfish, le r\u00e9sultat du travail fourni par \u00ab\u00a0une \u00e9quipe multidisciplinaire d\u2019experts et supervis\u00e9 par le comit\u00e9 scientifique international du One Ocean Science Congress\u00a0\u00bb, dresse <a href=\"https:\/\/www.starfishbarometer.org\/content\/overview\" target=\"_blank\" rel=\"nofollow noopener\">des constats \u00e9difiants (nouvelle fen\u00eatre)<\/a> sur les oc\u00e9ans de la plan\u00e8te. La principale alerte est que le changement climatique aggrave la sant\u00e9 des milieux oc\u00e9aniques, de mani\u00e8re irr\u00e9versible. En r\u00e9sum\u00e9, \u00ab\u00a0l&rsquo;oc\u00e9an est plus chaud, le niveau de la mer monte, les esp\u00e8ces d\u00e9clinent et les grands \u00e9cosyst\u00e8mes sont menac\u00e9s\u00a0\u00bb.\u00a0<\/p>\n<p data-module=\"article-paragraph\" class=\"jsx-3046738180 Paragraph Paragraph__End\">Ainsi, le niveau moyen des oc\u00e9ans a atteint \u00ab\u00a0un record historique en 2024\u00a0\u00bb et leur temp\u00e9rature n&rsquo;a jamais \u00e9t\u00e9 aussi \u00e9lev\u00e9e en \u00ab\u00a064 ans de mesures\u00a0\u00bb. Le barom\u00e8tre pr\u00e9vient que la chaleur constat\u00e9e de l&rsquo;eau \u00ab\u00a0aggrave la perte d\u2019oxyg\u00e8ne, l\u2019acidification et menace la vie marine\u00a0\u00bb. Ajout\u00e9e \u00e0 cela, la biodiversit\u00e9 marine est particuli\u00e8rement menac\u00e9e par le r\u00e9chauffement climatique mais aussi la surp\u00eache, avec \u00ab\u00a01.677 esp\u00e8ces\u00a0\u00bb qui \u00ab\u00a0risquent de dispara\u00eetre\u00a0\u00bb. Autre cons\u00e9quence du changement climatique, le blanchissement des coraux qui est un v\u00e9ritable risque pour \u00ab\u00a0pr\u00e8s de la moiti\u00e9 des esp\u00e8ces de coraux\u00a0\u00bb.<\/p>\n<p><a href=\"https:\/\/www.tf1info.fr\/environnement-ecologie\/clarion-clipperton-papouasie-kiribati-pourquoi-les-profondeurs-des-oceans-sont-aussi-fragiles-que-strategiques-2360254.html\" rel=\"noopener\" class=\"jsx-3308031228 Link flex\" target=\"_blank\"><img decoding=\"async\" src=\"https:\/\/www.europesays.com\/fr\/wp-content\/uploads\/2025\/06\/une-eponge-carnivore-a-clarion-clipperton-fonds-marins-exploitation-0d857e-0@1x.jpeg\" alt=\"Photo d'une \u00e9ponge carnivore, l'un des organismes r\u00e9cemment d\u00e9couverts dans les profondeurs de Clarion-Clipperton\" loading=\"lazy\" importance=\"low\" fetchpriority=\"low\" class=\"\"\/><\/p>\n<p class=\"jsx-3657663356 ReadMoreArticle__Title\">Lire aussi<\/p>\n<p class=\"jsx-3657663356\">Clarion Clipperton, Papouasie, Kiribati\u2026 Pourquoi les profondeurs des oc\u00e9ans sont aussi fragiles que strat\u00e9giques<\/p>\n<p><\/a><\/p>\n<p data-module=\"article-paragraph\" class=\"jsx-3046738180 Paragraph\">Malgr\u00e9 tout, les activit\u00e9s humaines continuent de se d\u00e9velopper, tout en nuisant \u00e0 la biodiversit\u00e9 marine. Pour preuve, le transport maritime a \u00e9mis 2,7% d&rsquo;\u00e9missions de CO2 suppl\u00e9mentaires en 2024, par rapport \u00e0 l&rsquo;ann\u00e9e pr\u00e9c\u00e9dente et \u00ab\u00a0la p\u00eache non durable concerne 37,7 % des captures\u00a0\u00bb. Peu contr\u00f4l\u00e9e, la pollution plastique en mer poursuit sa hausse : les d\u00e9chets plastiques repr\u00e9sentent \u00ab\u00a0plus de 80 % des d\u00e9chets aquatiques identifi\u00e9s\u00a0\u00bb.\u00a0<\/p>\n<p data-module=\"article-paragraph\" class=\"jsx-3046738180 Paragraph Paragraph__End\">Le barom\u00e8tre conclut toutefois sur une note d&rsquo;optimisme en revenant sur l&rsquo;augmentation des aires marines prot\u00e9g\u00e9es, qui \u00ab\u00a0couvrent aujourd\u2019hui 8,34 % de l\u2019oc\u00e9an\u00a0\u00bb. Ces zones doivent cependant \u00eatre mieux encadr\u00e9es et contr\u00f4l\u00e9es afin d&rsquo;atteindre l&rsquo;objectif fix\u00e9 de 30% d&rsquo;aires prot\u00e9g\u00e9es dans l&rsquo;oc\u00e9an, d&rsquo;ici \u00e0 2030. Le sujet des aires marines prot\u00e9g\u00e9es sera d&rsquo;ailleurs central dans ce sommet, qui doit durer quatre jours.<\/p>\n<p>C.Q <\/p>\n","protected":false},"excerpt":{"rendered":"Un nouveau barom\u00e8tre va \u00eatre d\u00e9voil\u00e9e lors du 3e Sommet des oc\u00e9ans, \u00e0 Nice. Les constats dress\u00e9s par&hellip;\n","protected":false},"author":2,"featured_media":160664,"comment_status":"","ping_status":"","sticky":false,"template":"","format":"standard","meta":{"footnotes":""},"categories":[2819],"tags":[29237,1111,11,1921,1130,4734,1129,51,1777,674,1011,27,1922,12,2401,5736,12687,5735,882,25,16155,29238,133,5737],"class_list":{"0":"post-160663","1":"post","2":"type-post","3":"status-publish","4":"format-standard","5":"has-post-thumbnail","7":"category-nice","8":"tag-a-nice","9":"tag-actu","10":"tag-actualites","11":"tag-article-video","12":"tag-biodiversite","13":"tag-changement-climatique","14":"tag-climat","15":"tag-ecologie","16":"tag-eu","17":"tag-europe","18":"tag-fr","19":"tag-france","20":"tag-info","21":"tag-news","22":"tag-nice","23":"tag-notre-planete","24":"tag-oceans","25":"tag-protection-de-lenvironnement","26":"tag-provence-alpes-cote-dazur","27":"tag-republique-francaise","28":"tag-transition-ecologique","29":"tag-un-sommet-mondial-de-mobilisation-pour-les-oceans","30":"tag-video","31":"tag-video-environnement"},"share_on_mastodon":{"url":"https:\/\/pubeurope.com\/@fr\/114647260404445688","error":""},"_links":{"self":[{"href":"https:\/\/www.europesays.com\/fr\/wp-json\/wp\/v2\/posts\/160663","targetHints":{"allow":["GET"]}}],"collection":[{"href":"https:\/\/www.europesays.com\/fr\/wp-json\/wp\/v2\/posts"}],"about":[{"href":"https:\/\/www.europesays.com\/fr\/wp-json\/wp\/v2\/types\/post"}],"author":[{"embeddable":true,"href":"https:\/\/www.europesays.com\/fr\/wp-json\/wp\/v2\/users\/2"}],"replies":[{"embeddable":true,"href":"https:\/\/www.europesays.com\/fr\/wp-json\/wp\/v2\/comments?post=160663"}],"version-history":[{"count":0,"href":"https:\/\/www.europesays.com\/fr\/wp-json\/wp\/v2\/posts\/160663\/revisions"}],"wp:featuredmedia":[{"embeddable":true,"href":"https:\/\/www.europesays.com\/fr\/wp-json\/wp\/v2\/media\/160664"}],"wp:attachment":[{"href":"https:\/\/www.europesays.com\/fr\/wp-json\/wp\/v2\/media?parent=160663"}],"wp:term":[{"taxonomy":"category","embeddable":true,"href":"https:\/\/www.europesays.com\/fr\/wp-json\/wp\/v2\/categories?post=160663"},{"taxonomy":"post_tag","embeddable":true,"href":"https:\/\/www.europesays.com\/fr\/wp-json\/wp\/v2\/tags?post=160663"}],"curies":[{"name":"wp","href":"https:\/\/api.w.org\/{rel}","templated":true}]}}