{"id":160675,"date":"2025-06-08T10:32:12","date_gmt":"2025-06-08T10:32:12","guid":{"rendered":"https:\/\/www.europesays.com\/fr\/160675\/"},"modified":"2025-06-08T10:32:12","modified_gmt":"2025-06-08T10:32:12","slug":"renaud-sinvite-a-lille-pour-stars-80-vs-stars-90-la-grande-battle","status":"publish","type":"post","link":"https:\/\/www.europesays.com\/fr\/160675\/","title":{"rendered":"Renaud s&rsquo;invite \u00e0 Lille pour \u00ab\u00a0stars 80 vs stars 90 : la grande battle\u00a0\u00bb"},"content":{"rendered":"<p itemprop=\"description\"><strong>Lors d&rsquo;une soir\u00e9e remplie de nostalgie m\u00ealant des stars des deux d\u00e9cennies, c&rsquo;est le chanteur Renaud qui a vol\u00e9 la vedette, avec une apparition inattendue.<\/strong><\/p>\n<p>Hier soir, M6 diffusait en direct le concert \u00e9v\u00e9nement : \u00ab\u00a0Stars 80 vs Stars 90 : <strong>la grande battle<\/strong>\u00ab\u00a0. Une soir\u00e9e festive, organis\u00e9e \u00e0 la D\u00e9cathlon Arena &#8211; Stade Pierre Mauroy de Lille, o\u00f9 quelque <strong>30 000 spectateurs<\/strong> ont pu faire un bond dans le pass\u00e9 pour \u00e9couter des <strong>tubes embl\u00e9matiques<\/strong> des ann\u00e9es 1980 et 1990. Sur sc\u00e8ne, on a pu retrouver les artistes : Larusso, H\u00e9l\u00e8ne S\u00e9gara, Phil Barney, Oph\u00e9lie Winter, ou encore les groupes Images et D\u00e9but de soir\u00e9e.\u00a0<\/p>\n<p>Mais celui qui a vol\u00e9 la vedette en toute fin de soir\u00e9e, c&rsquo;est bien <strong>Renaud<\/strong>. Absent de la liste des invit\u00e9s attendus, l&rsquo;homme de 73 ans a surpris tout le monde en faisant son entr\u00e9e sur <strong>son classique<\/strong>, \u00ab\u00a0D\u00e8s que le vent soufflera\u00a0\u00bb. Dans un moment de communion saisissant, il a ensuite repris avec l&rsquo;ensemble des voix du stade \u00ab\u00a0Les Corons\u00a0\u00bb de Pierre Bachelet, v\u00e9ritable <strong>hymne<\/strong> du Nord et du Pas-de-Calais.<\/p>\n<p>Cette entr\u00e9e en sc\u00e8ne a beaucoup fait r\u00e9agir sur les <strong>r\u00e9seaux sociaux<\/strong>. Beaucoup se sont r\u00e9joui de revoir Renaud dans une soir\u00e9e comme celle-ci. Mais d&rsquo;autres, en revanche, ont soulign\u00e9 leur inqui\u00e9tude face \u00e0 la <strong>mine fatigu\u00e9e<\/strong> de l&rsquo;interpr\u00e8te de \u00ab\u00a0Mistral gagnant\u00a0\u00bb.<br \/>Cet instant fort en \u00e9motion ne sera sans doute pas le dernier. Renaud pr\u00e9pare actuellement un <strong>nouvel album<\/strong> pr\u00e9vu pour d\u00e9but 2026. <strong>Le vent<\/strong> pourrait bien souffler encore un peu&#8230;<\/p>\n","protected":false},"excerpt":{"rendered":"Lors d&rsquo;une soir\u00e9e remplie de nostalgie m\u00ealant des stars des deux d\u00e9cennies, c&rsquo;est le chanteur Renaud qui a&hellip;\n","protected":false},"author":2,"featured_media":160676,"comment_status":"","ping_status":"","sticky":false,"template":"","format":"standard","meta":{"footnotes":""},"categories":[2815],"tags":[1111,11,3723,2937,1695,1697,1777,674,1011,26,27,811,1307,3722,3724,12,626,3725,1825,25],"class_list":{"0":"post-160675","1":"post","2":"type-post","3":"status-publish","4":"format-standard","5":"has-post-thumbnail","7":"category-lille","8":"tag-actu","9":"tag-actualites","10":"tag-actus","11":"tag-artistes","12":"tag-chanson","13":"tag-concert","14":"tag-eu","15":"tag-europe","16":"tag-fr","17":"tag-francaise","18":"tag-france","19":"tag-hauts-de-france","20":"tag-lille","21":"tag-mradio","22":"tag-musicale","23":"tag-news","24":"tag-paris","25":"tag-podcast","26":"tag-radio","27":"tag-republique-francaise"},"share_on_mastodon":{"url":"https:\/\/pubeurope.com\/@fr\/114647291884571468","error":""},"_links":{"self":[{"href":"https:\/\/www.europesays.com\/fr\/wp-json\/wp\/v2\/posts\/160675","targetHints":{"allow":["GET"]}}],"collection":[{"href":"https:\/\/www.europesays.com\/fr\/wp-json\/wp\/v2\/posts"}],"about":[{"href":"https:\/\/www.europesays.com\/fr\/wp-json\/wp\/v2\/types\/post"}],"author":[{"embeddable":true,"href":"https:\/\/www.europesays.com\/fr\/wp-json\/wp\/v2\/users\/2"}],"replies":[{"embeddable":true,"href":"https:\/\/www.europesays.com\/fr\/wp-json\/wp\/v2\/comments?post=160675"}],"version-history":[{"count":0,"href":"https:\/\/www.europesays.com\/fr\/wp-json\/wp\/v2\/posts\/160675\/revisions"}],"wp:featuredmedia":[{"embeddable":true,"href":"https:\/\/www.europesays.com\/fr\/wp-json\/wp\/v2\/media\/160676"}],"wp:attachment":[{"href":"https:\/\/www.europesays.com\/fr\/wp-json\/wp\/v2\/media?parent=160675"}],"wp:term":[{"taxonomy":"category","embeddable":true,"href":"https:\/\/www.europesays.com\/fr\/wp-json\/wp\/v2\/categories?post=160675"},{"taxonomy":"post_tag","embeddable":true,"href":"https:\/\/www.europesays.com\/fr\/wp-json\/wp\/v2\/tags?post=160675"}],"curies":[{"name":"wp","href":"https:\/\/api.w.org\/{rel}","templated":true}]}}