{"id":160677,"date":"2025-06-08T10:33:10","date_gmt":"2025-06-08T10:33:10","guid":{"rendered":"https:\/\/www.europesays.com\/fr\/160677\/"},"modified":"2025-06-08T10:33:10","modified_gmt":"2025-06-08T10:33:10","slug":"marseille-des-animaux-marionnettes-parcourent-20-000-km-pour-sensibiliser-au-rechauffement-climatique","status":"publish","type":"post","link":"https:\/\/www.europesays.com\/fr\/160677\/","title":{"rendered":"Marseille. Des animaux-marionnettes parcourent 20 000 km pour sensibiliser au r\u00e9chauffement climatique"},"content":{"rendered":"<p>\u00c0 l\u2019origine du projet, The Walk Productions &#8211;\u00a0une organisation internationale \u00e0 but non lucratif\u00a0&#8211; l\u2019a appel\u00e9 The Herds\u00a0: le troupeau, pour symboliser la diversit\u00e9 de la faune sauvage, engag\u00e9e dans une migration contrainte, au c\u0153ur d\u2019un monde en crise.<\/p>\n<p>Depuis son d\u00e9part de Kinshasa, le 9\u00a0avril dernier, ce p\u00e9riple de 20\u00a0000 kilom\u00e8tres, du Bassin du Congo au Cercle polaire, met en sc\u00e8ne des animaux-marionnettes&#8230;<\/p>\n","protected":false},"excerpt":{"rendered":"\u00c0 l\u2019origine du projet, The Walk Productions &#8211;\u00a0une organisation internationale \u00e0 but non lucratif\u00a0&#8211; l\u2019a appel\u00e9 The Herds\u00a0:&hellip;\n","protected":false},"author":2,"featured_media":160678,"comment_status":"","ping_status":"","sticky":false,"template":"","format":"standard","meta":{"footnotes":""},"categories":[2814],"tags":[1111,11,1867,885,1687,3859,436,1777,674,2271,107,1011,27,884,12,882,25,4604,273,24292,3140,4520],"class_list":{"0":"post-160677","1":"post","2":"type-post","3":"status-publish","4":"format-standard","5":"has-post-thumbnail","7":"category-marseille","8":"tag-actu","9":"tag-actualites","10":"tag-animaux","11":"tag-bouches-du-rhone","12":"tag-culture-loisirs","13":"tag-edition-provencale","14":"tag-environnement","15":"tag-eu","16":"tag-europe","17":"tag-exposition-arts-plastiques","18":"tag-fil-info","19":"tag-fr","20":"tag-france","21":"tag-marseille","22":"tag-news","23":"tag-provence-alpes-cote-dazur","24":"tag-republique-francaise","25":"tag-selection-abonne","26":"tag-selection-de-la-redaction","27":"tag-selection-de-la-redaction-84","28":"tag-spectacle","29":"tag-vaucluse"},"share_on_mastodon":{"url":"https:\/\/pubeurope.com\/@fr\/114647295794927285","error":""},"_links":{"self":[{"href":"https:\/\/www.europesays.com\/fr\/wp-json\/wp\/v2\/posts\/160677","targetHints":{"allow":["GET"]}}],"collection":[{"href":"https:\/\/www.europesays.com\/fr\/wp-json\/wp\/v2\/posts"}],"about":[{"href":"https:\/\/www.europesays.com\/fr\/wp-json\/wp\/v2\/types\/post"}],"author":[{"embeddable":true,"href":"https:\/\/www.europesays.com\/fr\/wp-json\/wp\/v2\/users\/2"}],"replies":[{"embeddable":true,"href":"https:\/\/www.europesays.com\/fr\/wp-json\/wp\/v2\/comments?post=160677"}],"version-history":[{"count":0,"href":"https:\/\/www.europesays.com\/fr\/wp-json\/wp\/v2\/posts\/160677\/revisions"}],"wp:featuredmedia":[{"embeddable":true,"href":"https:\/\/www.europesays.com\/fr\/wp-json\/wp\/v2\/media\/160678"}],"wp:attachment":[{"href":"https:\/\/www.europesays.com\/fr\/wp-json\/wp\/v2\/media?parent=160677"}],"wp:term":[{"taxonomy":"category","embeddable":true,"href":"https:\/\/www.europesays.com\/fr\/wp-json\/wp\/v2\/categories?post=160677"},{"taxonomy":"post_tag","embeddable":true,"href":"https:\/\/www.europesays.com\/fr\/wp-json\/wp\/v2\/tags?post=160677"}],"curies":[{"name":"wp","href":"https:\/\/api.w.org\/{rel}","templated":true}]}}