{"id":160681,"date":"2025-06-08T10:35:08","date_gmt":"2025-06-08T10:35:08","guid":{"rendered":"https:\/\/www.europesays.com\/fr\/160681\/"},"modified":"2025-06-08T10:35:08","modified_gmt":"2025-06-08T10:35:08","slug":"une-enquete-en-cours-a-venissieux-apres-lexplosion-qui-a-detruit-une-pizzeria","status":"publish","type":"post","link":"https:\/\/www.europesays.com\/fr\/160681\/","title":{"rendered":"Une enqu\u00eate en cours \u00e0 V\u00e9nissieux apr\u00e8s l&rsquo;explosion qui a d\u00e9truit une pizzeria"},"content":{"rendered":"<p>Vers 3h du matin, une d\u00e9tonation a retenti rue du Professeur Roux. Le chalet d&rsquo;une pizzeria venait de partir en fum\u00e9e, souffl\u00e9 par une explosion dont l&rsquo;origine reste inconnue.<\/p>\n<p>Rapidement, les forces de l&rsquo;ordre se sont rendues sur place, accompagn\u00e9es de d\u00e9mineurs qui devaient v\u00e9rifier qu&rsquo;aucun engin explosif ne se trouvait encore sur place.<\/p>\n<p>Une enqu\u00eate a \u00e9t\u00e9 ouverte, la piste criminelle ne serait pas \u00e9cart\u00e9e. L&rsquo;exploitation de la vid\u00e9osurveillance pourrait permettre de faire la lumi\u00e8re sur cet \u00e9pisode qui a fait de gros d\u00e9g\u00e2ts au sein du restaurant v\u00e9nissian.<\/p>\n","protected":false},"excerpt":{"rendered":"Vers 3h du matin, une d\u00e9tonation a retenti rue du Professeur Roux. Le chalet d&rsquo;une pizzeria venait de&hellip;\n","protected":false},"author":2,"featured_media":160682,"comment_status":"","ping_status":"","sticky":false,"template":"","format":"standard","meta":{"footnotes":""},"categories":[1889],"tags":[1111,11,2813,2190,2430,1109,251,1112,2811,1777,674,118,1011,27,1922,1110,1114,2428,2810,12,241,316,25,2812,517,800],"class_list":{"0":"post-160681","1":"post","2":"type-post","3":"status-publish","4":"format-standard","5":"has-post-thumbnail","7":"category-lyon","8":"tag-actu","9":"tag-actualites","10":"tag-article","11":"tag-asvel","12":"tag-auvergne-rhone-alpes","13":"tag-breves","14":"tag-culture","15":"tag-depeches","16":"tag-economique","17":"tag-eu","18":"tag-europe","19":"tag-faits-divers","20":"tag-fr","21":"tag-france","22":"tag-info","23":"tag-informations","24":"tag-infos","25":"tag-lyon","26":"tag-lyonmag","27":"tag-news","28":"tag-ol","29":"tag-politique","30":"tag-republique-francaise","31":"tag-sociale","32":"tag-sport","33":"tag-transports"},"share_on_mastodon":{"url":"https:\/\/pubeurope.com\/@fr\/114647303712998467","error":""},"_links":{"self":[{"href":"https:\/\/www.europesays.com\/fr\/wp-json\/wp\/v2\/posts\/160681","targetHints":{"allow":["GET"]}}],"collection":[{"href":"https:\/\/www.europesays.com\/fr\/wp-json\/wp\/v2\/posts"}],"about":[{"href":"https:\/\/www.europesays.com\/fr\/wp-json\/wp\/v2\/types\/post"}],"author":[{"embeddable":true,"href":"https:\/\/www.europesays.com\/fr\/wp-json\/wp\/v2\/users\/2"}],"replies":[{"embeddable":true,"href":"https:\/\/www.europesays.com\/fr\/wp-json\/wp\/v2\/comments?post=160681"}],"version-history":[{"count":0,"href":"https:\/\/www.europesays.com\/fr\/wp-json\/wp\/v2\/posts\/160681\/revisions"}],"wp:featuredmedia":[{"embeddable":true,"href":"https:\/\/www.europesays.com\/fr\/wp-json\/wp\/v2\/media\/160682"}],"wp:attachment":[{"href":"https:\/\/www.europesays.com\/fr\/wp-json\/wp\/v2\/media?parent=160681"}],"wp:term":[{"taxonomy":"category","embeddable":true,"href":"https:\/\/www.europesays.com\/fr\/wp-json\/wp\/v2\/categories?post=160681"},{"taxonomy":"post_tag","embeddable":true,"href":"https:\/\/www.europesays.com\/fr\/wp-json\/wp\/v2\/tags?post=160681"}],"curies":[{"name":"wp","href":"https:\/\/api.w.org\/{rel}","templated":true}]}}