{"id":160683,"date":"2025-06-08T10:36:09","date_gmt":"2025-06-08T10:36:09","guid":{"rendered":"https:\/\/www.europesays.com\/fr\/160683\/"},"modified":"2025-06-08T10:36:09","modified_gmt":"2025-06-08T10:36:09","slug":"un-spectacle-de-drones-lumineux-en-juillet","status":"publish","type":"post","link":"https:\/\/www.europesays.com\/fr\/160683\/","title":{"rendered":"un spectacle de drones lumineux en juillet"},"content":{"rendered":"<p class=\"content\" style=\"font-size:1.2em;font-weight:700\">Les 11 et 12 juillet, un concert en plein air m\u00ealant musique classique et show de drones illuminera le ciel de Parilly.<\/p>\n<p>Les 11 et 12 juillet prochains, l\u2019<a href=\"http:\/\/Parilly : 60 ans d'\u00e9volution vers un hippodrome plus durable\" target=\"_blank\" rel=\"noreferrer noopener\">Hippodrome de Parilly<\/a> accueillera un spectacle in\u00e9dit \u00e0 Lyon : le DroneArt Show, m\u00ealant concert de musique classique et chor\u00e9graphie lumineuse de drones. Une premi\u00e8re en France pour ce format, imagin\u00e9 comme une exp\u00e9rience immersive en plein air.<\/p>\n<p>Pendant 65 minutes, un quatuor \u00e0 cordes interpr\u00e9tera des \u0153uvres du r\u00e9pertoire classique &#8211; Vivaldi, Tcha\u00efkovski notamment &#8211; tandis que plusieurs centaines de drones lumineux dessineront dans le ciel figures g\u00e9om\u00e9triques, constellations et arabesques. Le spectacle est port\u00e9 par la plateforme culturelle Fever (notamment \u00e0 l\u2019origine des concerts Candlelight) en partenariat avec Nova Sky Stories, soci\u00e9t\u00e9 sp\u00e9cialis\u00e9e dans les shows a\u00e9riens.<\/p>\n<p>Une alternative aux feux d&rsquo;artifice<\/p>\n<p>Ce nouveau format hybride, croisant technologie et interpr\u00e9tation musicale en direct, vise \u00e0 proposer une alternative aux feux d\u2019artifice traditionnels. L\u2019\u00e9v\u00e9nement se d\u00e9roulera \u00e0 partir de 22h15, les deux soirs, en configuration plein air. Le tarif d\u2019entr\u00e9e d\u00e9bute \u00e0 32 euros, l\u2019acc\u00e8s est gratuit pour les enfants de moins de 3 ans.<\/p>\n<p><strong>Lire aussi : <a href=\"https:\/\/www.lyoncapitale.fr\/actualite\/bron-une-immense-oeuvre-artistique-prend-place-a-parilly\" target=\"_blank\" rel=\"noreferrer noopener nofollow\">Bron : une immense \u0153uvre artistique prend place \u00e0 Parilly<\/a><\/strong><\/p>\n","protected":false},"excerpt":{"rendered":"Les 11 et 12 juillet, un concert en plein air m\u00ealant musique classique et show de drones illuminera&hellip;\n","protected":false},"author":2,"featured_media":160684,"comment_status":"","ping_status":"","sticky":false,"template":"","format":"standard","meta":{"footnotes":""},"categories":[1889],"tags":[1111,11,2430,2024,1777,674,1011,27,2428,12,29239,25,853],"class_list":{"0":"post-160683","1":"post","2":"type-post","3":"status-publish","4":"format-standard","5":"has-post-thumbnail","7":"category-lyon","8":"tag-actu","9":"tag-actualites","10":"tag-auvergne-rhone-alpes","11":"tag-drones","12":"tag-eu","13":"tag-europe","14":"tag-fr","15":"tag-france","16":"tag-lyon","17":"tag-news","18":"tag-parilly","19":"tag-republique-francaise","20":"tag-spectacles"},"share_on_mastodon":{"url":"https:\/\/pubeurope.com\/@fr\/114647307577953089","error":""},"_links":{"self":[{"href":"https:\/\/www.europesays.com\/fr\/wp-json\/wp\/v2\/posts\/160683","targetHints":{"allow":["GET"]}}],"collection":[{"href":"https:\/\/www.europesays.com\/fr\/wp-json\/wp\/v2\/posts"}],"about":[{"href":"https:\/\/www.europesays.com\/fr\/wp-json\/wp\/v2\/types\/post"}],"author":[{"embeddable":true,"href":"https:\/\/www.europesays.com\/fr\/wp-json\/wp\/v2\/users\/2"}],"replies":[{"embeddable":true,"href":"https:\/\/www.europesays.com\/fr\/wp-json\/wp\/v2\/comments?post=160683"}],"version-history":[{"count":0,"href":"https:\/\/www.europesays.com\/fr\/wp-json\/wp\/v2\/posts\/160683\/revisions"}],"wp:featuredmedia":[{"embeddable":true,"href":"https:\/\/www.europesays.com\/fr\/wp-json\/wp\/v2\/media\/160684"}],"wp:attachment":[{"href":"https:\/\/www.europesays.com\/fr\/wp-json\/wp\/v2\/media?parent=160683"}],"wp:term":[{"taxonomy":"category","embeddable":true,"href":"https:\/\/www.europesays.com\/fr\/wp-json\/wp\/v2\/categories?post=160683"},{"taxonomy":"post_tag","embeddable":true,"href":"https:\/\/www.europesays.com\/fr\/wp-json\/wp\/v2\/tags?post=160683"}],"curies":[{"name":"wp","href":"https:\/\/api.w.org\/{rel}","templated":true}]}}