{"id":160689,"date":"2025-06-08T10:41:08","date_gmt":"2025-06-08T10:41:08","guid":{"rendered":"https:\/\/www.europesays.com\/fr\/160689\/"},"modified":"2025-06-08T10:41:08","modified_gmt":"2025-06-08T10:41:08","slug":"infernale-pourrie-a-paris-plusieurs-spectateurs-du-festival-we-love-green-fustigent-lorganisation","status":"publish","type":"post","link":"https:\/\/www.europesays.com\/fr\/160689\/","title":{"rendered":"\u00ab\u00a0Infernale\u00a0\u00bb, \u00ab\u00a0pourrie\u00a0\u00bb&#8230; \u00c0 Paris, plusieurs spectateurs du festival We Love Green fustigent l&rsquo;organisation"},"content":{"rendered":"<p>            Par<br \/>\n        <strong><br \/>\n            <a href=\"https:\/\/actu.fr\/auteur\/redaction-paris\" title=\"Consulter tous les articles de R\u00e9daction Paris\" rel=\"nofollow noopener\" target=\"_blank\">R\u00e9daction Paris<\/a><br \/>\n        <\/strong><\/p>\n<p>        Publi\u00e9 le<\/p>\n<p>            8 juin 2025 \u00e0 12h25        <\/p>\n<p>Des averses et une sortie ardue \u00e0 <a href=\"https:\/\/actu.fr\/paris\/\" rel=\"nofollow noopener\" target=\"_blank\">Paris<\/a>. Ce samedi 7\u00a0juin 2025, le festival <strong>We Love Green<\/strong>, organis\u00e9 dans le <a href=\"https:\/\/actu.fr\/ile-de-france\/paris_75056\/foire-du-trone-a-paris-pour-booster-la-frequentation-les-maneges-a-moitie-prix-pour-l-ascension_62698896.html\" rel=\"nofollow noopener\" target=\"_blank\">bois de Vincennes<\/a> (12e arrondissement) du vendredi\u00a06 au dimanche 8\u00a0juin a beau avoir brandi sa plus belle programmation musicale, certains spectateurs ont partag\u00e9 leur <strong>d\u00e9sappointement<\/strong> sur l\u2019organisation. Quelques minutes apr\u00e8s la performance de l\u2019artiste britannique <strong>Charli XCX<\/strong>, les festivaliers ont pris le t\u00e9l\u00e9phone pour narrer leurs m\u00e9saventures \u00e0 la sortie du site.<\/p>\n<p>Plus de 100\u2009000\u00a0personnes attendues en trois jours<\/p>\n<p class=\" wall-content\">\u00ab\u2009La sortie de We Love Green je suis choqu\u00e9e c\u2019est quoi cette <strong>organisation pourrie<\/strong>\u2009\u00bb, a fustig\u00e9 l\u2019une d\u2019entre elles sur le r\u00e9seau social X. \u00ab\u2009Faut apprendre \u00e0 ANTICIPER la sortie \u00e0 la fin du festival\u2009\u00bb, a regrett\u00e9 une internaute, qui affirme avoir \u00e9t\u00e9 \u00ab<strong>\u2009bloqu\u00e9e 30\u00a0minute<\/strong>s\u2009\u00bb sous la pluie, \u00e0 l\u2019issue de la journ\u00e9e. D\u2019autres sont parvenus \u00e0 monter \u00e0 bord d\u2019un <a href=\"https:\/\/actu.fr\/ile-de-france\/paris_75056\/paris-le-peripherique-bloque-par-3-000-vtc-en-colere_60457711.html\" rel=\"nofollow noopener\" target=\"_blank\">VTC<\/a>. Non sans difficult\u00e9. \u00ab\u2009Merci chauffeur bolt de me sortir de l\u2019infernale sortie de welovegreen\u2009\u00bb, a gliss\u00e9 une autre festivali\u00e8re.<\/p>\n<p class=\" wall-content\">\n<p class=\" wall-content\">\n<p class=\" wall-content\">\n<p class=\" wall-content\">Ce samedi 7\u00a0juin, des <strong>milliers de personnes<\/strong> \u00e9taient attendues sur la plaine de la Belle \u00c9toile pour assister \u00e0 la deuxi\u00e8me journ\u00e9e de la 11e \u00e9dition de We Love Green. Une affluence difficile \u00e0 extraire hors de l\u2019enceinte.<\/p>\n<p class=\" wall-content\">\u00ab\u00a0Ce n\u2019\u00e9tait pas organis\u00e9 du tout, personne ne nous disait o\u00f9 aller\u00a0\u00bb, raconte une festivali\u00e8re \u00e0 actuParis. Avec des cons\u00e9quences sur les <strong>mobilit\u00e9s<\/strong>. \u00ab\u2009Quel enfer pour partir de we love green, pas possible de prendre le m\u00e9tro et bus et on a attendu uber pendant 1h30 qu\u2019on a pay\u00e9 une blinde pcq c le seul qui nous a accept\u00e9s\u2009\u00bb, a racont\u00e9 une spectatrice. Sollicit\u00e9, le festival n\u2019avait pas encore r\u00e9pondu \u00e0 nos questions.<\/p>\n<p class=\" wall-content\">\n<p class=\" wall-content\">Lanc\u00e9 en 2010, l\u2019\u00e9v\u00e9nement a pour objectif de sensibiliser les citoyens aux enjeux de la <strong>transition \u00e9cologique<\/strong> par le biais de conf\u00e9rences, d\u2019ateliers et de d\u00e9bats. Le festival a \u00e9galement servi de tremplin \u00e0 plusieurs figures de la pop et de l\u2019\u00e9lectro fran\u00e7ais, \u00e0 l\u2019instar d\u2019<a href=\"https:\/\/actu.fr\/ile-de-france\/paris_75056\/insultes-racistes-contre-aya-nakamura-actions-anti-immigres-stages-d-autodefense-qui-sont-les-natifs_62716678.html\" rel=\"nofollow noopener\" target=\"_blank\">Aya Nakamura<\/a>. Depuis la crise sanitaire li\u00e9e au<a href=\"https:\/\/actu.fr\/societe\/coronavirus\" rel=\"nofollow noopener\" target=\"_blank\"> Covid-19<\/a>, la fr\u00e9quentation est en hausse. En 2025, plus de <strong>100\u2009000\u00a0personnes<\/strong> sont attendues.<\/p>\n<p class=\" wall-content\">Suivez toute l\u2019actualit\u00e9 de vos villes et m\u00e9dias favoris en vous inscrivant \u00e0 <a href=\"https:\/\/moncompte.actu.fr\" title=\"D\u00e9couvez Mon Actu\" rel=\"nofollow noopener\" data-trk=\"{&quot;cta&quot;:{&quot;action&quot;:&quot;https:\\\/\\\/moncompte.actu.fr&quot;,&quot;category&quot;:&quot;mon compte&quot;,&quot;from&quot;:&quot;article footer&quot;,&quot;name&quot;:&quot;Mon actu&quot;,&quot;type&quot;:&quot;cta&quot;}}\" target=\"_blank\">Mon Actu<\/a>.<\/p>\n","protected":false},"excerpt":{"rendered":"Par R\u00e9daction Paris Publi\u00e9 le 8 juin 2025 \u00e0 12h25 Des averses et une sortie ardue \u00e0 Paris.&hellip;\n","protected":false},"author":2,"featured_media":160690,"comment_status":"","ping_status":"","sticky":false,"template":"","format":"standard","meta":{"footnotes":""},"categories":[1888],"tags":[11,5354,1697,1777,674,849,1011,27,1652,12,626,25,29240],"class_list":{"0":"post-160689","1":"post","2":"type-post","3":"status-publish","4":"format-standard","5":"has-post-thumbnail","7":"category-paris","8":"tag-actualites","9":"tag-bois-de-vincennes","10":"tag-concert","11":"tag-eu","12":"tag-europe","13":"tag-festival","14":"tag-fr","15":"tag-france","16":"tag-loisirs-culture","17":"tag-news","18":"tag-paris","19":"tag-republique-francaise","20":"tag-we-love-green"},"share_on_mastodon":{"url":"https:\/\/pubeurope.com\/@fr\/114647327284607750","error":""},"_links":{"self":[{"href":"https:\/\/www.europesays.com\/fr\/wp-json\/wp\/v2\/posts\/160689","targetHints":{"allow":["GET"]}}],"collection":[{"href":"https:\/\/www.europesays.com\/fr\/wp-json\/wp\/v2\/posts"}],"about":[{"href":"https:\/\/www.europesays.com\/fr\/wp-json\/wp\/v2\/types\/post"}],"author":[{"embeddable":true,"href":"https:\/\/www.europesays.com\/fr\/wp-json\/wp\/v2\/users\/2"}],"replies":[{"embeddable":true,"href":"https:\/\/www.europesays.com\/fr\/wp-json\/wp\/v2\/comments?post=160689"}],"version-history":[{"count":0,"href":"https:\/\/www.europesays.com\/fr\/wp-json\/wp\/v2\/posts\/160689\/revisions"}],"wp:featuredmedia":[{"embeddable":true,"href":"https:\/\/www.europesays.com\/fr\/wp-json\/wp\/v2\/media\/160690"}],"wp:attachment":[{"href":"https:\/\/www.europesays.com\/fr\/wp-json\/wp\/v2\/media?parent=160689"}],"wp:term":[{"taxonomy":"category","embeddable":true,"href":"https:\/\/www.europesays.com\/fr\/wp-json\/wp\/v2\/categories?post=160689"},{"taxonomy":"post_tag","embeddable":true,"href":"https:\/\/www.europesays.com\/fr\/wp-json\/wp\/v2\/tags?post=160689"}],"curies":[{"name":"wp","href":"https:\/\/api.w.org\/{rel}","templated":true}]}}