{"id":160717,"date":"2025-06-08T10:55:09","date_gmt":"2025-06-08T10:55:09","guid":{"rendered":"https:\/\/www.europesays.com\/fr\/160717\/"},"modified":"2025-06-08T10:55:09","modified_gmt":"2025-06-08T10:55:09","slug":"paul-willemse-annonce-son-depart-de-montpellier-la-fin-dune-ere-dans-lherault","status":"publish","type":"post","link":"https:\/\/www.europesays.com\/fr\/160717\/","title":{"rendered":"Paul Willemse annonce son d\u00e9part de Montpellier, la fin d\u2019une \u00e8re dans l\u2019H\u00e9rault"},"content":{"rendered":"<p>Le deuxi\u00e8me-ligne international fran\u00e7ais Paul Willemse a annonc\u00e9 son d\u00e9part du MHR ce samedi soir apr\u00e8s la d\u00e9faite contre Clermont.<\/p>\n<p class=\"fig-paragraph\">Le deux\u00e8me-ligne international de Montpellier\u00a0<a href=\"http:\/\/www.lefigaro.fr\/sports\/rugby\/top-14\/paul-willemse-mon-epouse-me-pousse-a-ne-pas-prendre-le-risque-de-continuer-a-jouer-au-rugby-20240902\" data-fig-type=\"Article\" data-gtm-custom-categorie=\"navigation\" data-gtm-custom-action=\"crossclick\" data-gtm-custom-label=\"Contextuel\" data-gtm-event=\"customEventSPE\" data-fig-domain=\"LEFIGARO\" target=\"_blank\" rel=\"noopener\">Paul Willemse<\/a>, convalescent depuis le 5 octobre en raison de\u00a0<a href=\"http:\/\/www.lefigaro.fr\/sports\/rugby\/top-14\/top-14-le-montpellierain-willemse-arrete-a-nouveau-trois-mois-20250107\" data-fig-type=\"NewsFlash\" data-gtm-custom-categorie=\"navigation\" data-gtm-custom-action=\"crossclick\" data-gtm-custom-label=\"Contextuel\" data-gtm-event=\"customEventSPE\" data-fig-domain=\"LEFIGARO\" target=\"_blank\" rel=\"noopener\">commotions c\u00e9r\u00e9brales<\/a>\u00a0r\u00e9p\u00e9t\u00e9es, a annonc\u00e9 qu&rsquo;il quittait le MHR, samedi \u00e0 l&rsquo;issue de la rencontre face \u00e0 Clermont (10-23), lors de la 26e et derni\u00e8re journ\u00e9e de Top 14. \u00abMerci \u00e0 tous, au staff, \u00e0 M. Altrad, aux coaches que j&rsquo;ai eus, aux joueurs. Quand je suis arriv\u00e9, j&rsquo;\u00e9tais un jeune gar\u00e7on, je suis devenu un homme\u00bb, a-t-il t\u00e9moign\u00e9 au micro sur la pelouse devant ses futurs ex-partenaires.<\/p>\n<p class=\"fig-paragraph\">Willemse (32 ans, 32 s\u00e9lections) n&rsquo;a plus jou\u00e9 depuis le 5 octobre face au Stade fran\u00e7ais lors de la 5e journ\u00e9e de Top 14 en raison d&rsquo;une commotion dans un contact avec le deuxi\u00e8me-ligne sud-africain de Paris Juan JohnVan Der Mescht. \u00c0 la suite de cette 6e commotion en moins d&rsquo;un an, l&rsquo;international fran\u00e7ais, d&rsquo;origine sud-africaine, avait consult\u00e9 le docteur Braug\u00e9 qui lui avait prescrit un arr\u00eat de trois mois, renouvel\u00e9 \u00e0 deux reprises pour atteindre la fin de saison.<\/p>\n<p>Une fin am\u00e8re<\/p>\n<p class=\"fig-paragraph\">Willemse, arriv\u00e9 dans l&rsquo;H\u00e9rault en 2015 en provenance de Grenoble, \u00e9tait sous contrat jusqu&rsquo;en juin prochain \u00e0 Montpellier. Le puissant seconde ligne, champion du monde U20, avait obtenu sa naturalisation fran\u00e7aise \u00e0 l&rsquo;automne 2018 avant d&rsquo;int\u00e9grer l&rsquo;\u00e9quipe de France \u00e0 l&rsquo;occasion du Tournoi des six nations 2019, juste avant la Coupe du monde au Japon.<\/p>\n<p class=\"fig-paragraph\">En 2019 tout comme en 2023, le puissant deuxi\u00e8me-ligne avait \u00e9t\u00e9 priv\u00e9 du Mondial en raison d&rsquo;une blessure contract\u00e9e au cours de la pr\u00e9paration. Willemse avait \u00e9t\u00e9 rappel\u00e9 chez les Bleus en janvier 2024 par Fabien Galthi\u00e9 pour participer au premier match du tournoi des six nations devant l&rsquo;Irlande \u00e0 Marseille et suppl\u00e9er le Toulousain Emmanuel Meafou, bless\u00e9.<\/p>\n<p class=\"fig-paragraph\">Pour sa 32e et derni\u00e8re s\u00e9lection, il avait \u00e9t\u00e9 exclu apr\u00e8s une demi-heure de jeu et avait pr\u00e9cipit\u00e9 la d\u00e9faite (17-38) des Tricolores, avant de vivre une fin de saison noire.<\/p>\n","protected":false},"excerpt":{"rendered":"Le deuxi\u00e8me-ligne international fran\u00e7ais Paul Willemse a annonc\u00e9 son d\u00e9part du MHR ce samedi soir apr\u00e8s la d\u00e9faite&hellip;\n","protected":false},"author":2,"featured_media":160718,"comment_status":"","ping_status":"","sticky":false,"template":"","format":"standard","meta":{"footnotes":""},"categories":[1416],"tags":[525,4590,1981,2313,814,1011,27,955,14987,20574,4589,2311,1980,479,1468,2259,60,478,2310,2312,513],"class_list":{"0":"post-160717","1":"post","2":"type-post","3":"status-publish","4":"format-standard","5":"has-post-thumbnail","7":"category-rugby","8":"tag-calendrier","9":"tag-championnat-france","10":"tag-classement","11":"tag-clermont","12":"tag-direct","13":"tag-fr","14":"tag-france","15":"tag-match","16":"tag-mhr","17":"tag-paul-willemse","18":"tag-phase-finale","19":"tag-racing","20":"tag-resultats","21":"tag-rugby","22":"tag-rugby-football","23":"tag-score","24":"tag-sports","25":"tag-top-14","26":"tag-toulon","27":"tag-toulouse","28":"tag-xv-de-france"},"share_on_mastodon":{"url":"https:\/\/pubeurope.com\/@fr\/114647382342609323","error":""},"_links":{"self":[{"href":"https:\/\/www.europesays.com\/fr\/wp-json\/wp\/v2\/posts\/160717","targetHints":{"allow":["GET"]}}],"collection":[{"href":"https:\/\/www.europesays.com\/fr\/wp-json\/wp\/v2\/posts"}],"about":[{"href":"https:\/\/www.europesays.com\/fr\/wp-json\/wp\/v2\/types\/post"}],"author":[{"embeddable":true,"href":"https:\/\/www.europesays.com\/fr\/wp-json\/wp\/v2\/users\/2"}],"replies":[{"embeddable":true,"href":"https:\/\/www.europesays.com\/fr\/wp-json\/wp\/v2\/comments?post=160717"}],"version-history":[{"count":0,"href":"https:\/\/www.europesays.com\/fr\/wp-json\/wp\/v2\/posts\/160717\/revisions"}],"wp:featuredmedia":[{"embeddable":true,"href":"https:\/\/www.europesays.com\/fr\/wp-json\/wp\/v2\/media\/160718"}],"wp:attachment":[{"href":"https:\/\/www.europesays.com\/fr\/wp-json\/wp\/v2\/media?parent=160717"}],"wp:term":[{"taxonomy":"category","embeddable":true,"href":"https:\/\/www.europesays.com\/fr\/wp-json\/wp\/v2\/categories?post=160717"},{"taxonomy":"post_tag","embeddable":true,"href":"https:\/\/www.europesays.com\/fr\/wp-json\/wp\/v2\/tags?post=160717"}],"curies":[{"name":"wp","href":"https:\/\/api.w.org\/{rel}","templated":true}]}}