{"id":160721,"date":"2025-06-08T10:58:09","date_gmt":"2025-06-08T10:58:09","guid":{"rendered":"https:\/\/www.europesays.com\/fr\/160721\/"},"modified":"2025-06-08T10:58:09","modified_gmt":"2025-06-08T10:58:09","slug":"munoz-simpose-sur-le-fil-en-aragon","status":"publish","type":"post","link":"https:\/\/www.europesays.com\/fr\/160721\/","title":{"rendered":"Mu\u00f1oz s&rsquo;impose sur le fil en Aragon"},"content":{"rendered":"<p>Les acteurs de la cat\u00e9gorie l\u00e9g\u00e8re \u00e9taient les premiers \u00e0 entrer en sc\u00e8ne aujourd&rsquo;hui au MotorLand \u00e0 l&rsquo;occasion de la course du Grand Prix GoPro d&rsquo;Aragon. Au terme d&rsquo;une bataille \u00e9pique, David Mu\u00f1oz (Liqui Moly Dynavolt Intact GP) s&rsquo;offre sa premi\u00e8re victoire en Championnat du Monde devant M\u00e1ximo Quiles (CFMOTO Aspar Team) et \u00c1lvaro Carpe (Red Bull KTM Ajo). Retour sur cet affrontement dans le d\u00e9sert d&rsquo;Alca\u00f1iz.<\/p>\n<p>D\u00e9part canon de Mu\u00f1oz<\/p>\n<p>Parti de la pole position, Jos\u00e9 Rueda (Red Bull KTM Ajo) ne tremble pas et signe le holeshot devant Luca Lunetta (SIC58 Squadra Corse) et M\u00e1ximo Quiles. Excellent d\u00e9part \u00e9galement de David Mu\u00f1oz, qui passe de la neuvi\u00e8me \u00e0 la quatri\u00e8me place en l&rsquo;espace de seulement quelques virages. Jos\u00e9 Rueda m\u00e8ne les d\u00e9bats dans ces premiers tours de course mais M\u00e1ximo Quiles s&rsquo;assure de ne pas laisser le n\u00b099 s&rsquo;\u00e9chapper. David Almansa (Leopard Racing) et David Mu\u00f1oz sont coll\u00e9s aux deux hommes et creusent un l\u00e9ger \u00e9cart sur \u00c1lvaro Carpe, qui se retrouve en t\u00eate du groupe de chasse.<\/p>\n<p>Neuf pilotes \u00e0 l&rsquo;avant<\/p>\n<p>Les batailles dans ce quatuor de t\u00eate permettent finalement \u00e0 Luca Lunetta de faire la jonction, ce qui nous donne un groupe de 10 puis neuf pilotes \u00e0 l&rsquo;avant apr\u00e8s l&rsquo;abandon de Jacob Roulstone (Red Bull KTM Tech3) sur probl\u00e8me m\u00e9canique. Luca Lunetta signe le meilleur tour en course et se retrouve dans les \u00e9chappements de Jos\u00e9 Rueda peu avant la mi-course. M\u00e1ximo Quiles tente de prendre le meilleur sur David Mu\u00f1oz mais \u00e9largit et ressort septi\u00e8me. De son c\u00f4t\u00e9, \u00c1ngel Piqueras (FRINSA \u2013 MT Helmets \u2013 MSI) est tr\u00e8s discret en ce d\u00e9but de course et se bat en fond de groupe avec Joel Kelso (LEVEL UP \u2013 MTA) pour la huiti\u00e8me place.<\/p>\n<p>Rueda attaqu\u00e9<\/p>\n<p>Apr\u00e8s 10 tours de course, personne n&rsquo;a encore tent\u00e9 d&rsquo;attaquer Jos\u00e9 Rueda. En effet, tout le monde tente de se blottir dans la roue du leader du Championnat du Monde sans pour autant le d\u00e9passer. Cependant dans la 11e boucle, David Mu\u00f1oz lance les hostilit\u00e9s en attaquant son compatriote, ce qui permet \u00e0 Luca Lunetta de prendre la t\u00eate. Jos\u00e9 Rueda se retrouve chahut\u00e9 en milieu de groupe et descend au sixi\u00e8me rang apr\u00e8s un contact avec M\u00e1ximo Quiles. Le jeune homme prend les commandes du GP \u00e0 cinq tours de la fin mais David Almansa l&rsquo;en d\u00e9poss\u00e8de rapidement.<\/p>\n<p>Mu\u00f1oz ouvre son compteur<\/p>\n<p>En qu\u00eate de sa premi\u00e8re victoire en GP, M\u00e1ximo Quiles repasse en t\u00eate dans l&rsquo;avant-dernier tour mais voit David Mu\u00f1oz reprendre l&rsquo;ascendant dans l&rsquo;avant-dernier virage. Le jeune pilote Aspar ne se laisse pas impressionner et contre parfaitement dans la premi\u00e8re courbe du trac\u00e9 espagnol. Dans la longue ligne droite du dernier secteur, David Mu\u00f1oz profite de l&rsquo;aspiration pour remonter et prendre l&rsquo;avantage sur son vis-\u00e0-vis dans l&rsquo;avant-dernier virage pour d\u00e9crocher sa premi\u00e8re victoire en Grand Prix. M\u00e1ximo Quiles tente de riposter mais s&rsquo;incline finalement sur la ligne tandis qu&rsquo;\u00c1lvaro Carpe s&rsquo;offre un nouveau podium.<\/p>\n<p>Rueda derri\u00e8re Piqueras<\/p>\n<p>David Almansa est quatri\u00e8me de cette course devant Luca Lunetta et \u00c1ngel Piqueras, qui r\u00e9alise une belle op\u00e9ration aujourd&rsquo;hui. Joel Kelso le suit en septi\u00e8me position devant Jos\u00e9 Rueda, seulement huiti\u00e8me malgr\u00e9 son statut de grandissime favori. Ryusei Yamanaka (FRINSA &#8211; MT Helmets \u2013 MSI) est neuvi\u00e8me devant Cormac Buchanan (BOE Motorsports), qui ferme la marche dans ce top 10. On notera \u00e9galement la chute de Stefano Nepa (SIC58 Squadra Corse), fauch\u00e9 par Vincente Perez (LEVEL UP \u2013 MTA) en d\u00e9but de Grand Prix.<\/p>\n<p>Le point au classement<\/p>\n<p>Malgr\u00e9 cette contre-performance, Jos\u00e9 Rueda conserve les commandes du Championnat du Monde pour 52 points devant \u00c1ngel Piqueras. Joel Kelso est troisi\u00e8me \u00e0 11 longueurs de l&rsquo;Espagnol mais voit surtout \u00c1lvaro Carpe revenir \u00e0 une unit\u00e9.<\/p>\n<p>Rendez-vous dans deux semaines au Mugello pour le Grand Prix d&rsquo;Italie\u00a0!<\/p>\n<p>\n                                Moto3\u2122, Race, GoPro Grand Prix of Aragon\n                        <\/p>\n<p>\n                                Moto3\u2122, Podium, GoPro Grand Prix of Aragon\n                        <\/p>\n<p>\n                                David Mu\u00f1oz, Liqui Moly Dynavolt Intact GP, GoPro Grand Prix of Aragon\n                        <\/p>\n<p>\n                                David Mu\u00f1oz, Liqui Moly Dynavolt Intact GP, GoPro Grand Prix of Aragon\n                        <\/p>\n<p>\n                                Moto3\u2122, Race, GoPro Grand Prix of Aragon\n                        <\/p>\n<p>\n                                Moto3\u2122, Race, GoPro Grand Prix of Aragon\n                        <\/p>\n<p>\n                                Moto3\u2122, Race, GoPro Grand Prix of Aragon\n                        <\/p>\n<p>Cliquez <a href=\"https:\/\/www.motogp.com\/fr\/gp-results\/2025\/ara\/moto3\/rac\/classification\" rel=\"nofollow noopener\" target=\"_blank\">ici<\/a> pour acc\u00e9der aux r\u00e9sultats.<\/p>\n","protected":false},"excerpt":{"rendered":"Les acteurs de la cat\u00e9gorie l\u00e9g\u00e8re \u00e9taient les premiers \u00e0 entrer en sc\u00e8ne aujourd&rsquo;hui au MotorLand \u00e0 l&rsquo;occasion&hellip;\n","protected":false},"author":2,"featured_media":160722,"comment_status":"","ping_status":"","sticky":false,"template":"","format":"standard","meta":{"footnotes":""},"categories":[1413],"tags":[1011,27,1457,1456,60,2032],"class_list":{"0":"post-160721","1":"post","2":"type-post","3":"status-publish","4":"format-standard","5":"has-post-thumbnail","7":"category-moto","8":"tag-fr","9":"tag-france","10":"tag-moto","11":"tag-motocycle","12":"tag-sports","13":"tag-text"},"share_on_mastodon":{"url":"https:\/\/pubeurope.com\/@fr\/114647394088180836","error":""},"_links":{"self":[{"href":"https:\/\/www.europesays.com\/fr\/wp-json\/wp\/v2\/posts\/160721","targetHints":{"allow":["GET"]}}],"collection":[{"href":"https:\/\/www.europesays.com\/fr\/wp-json\/wp\/v2\/posts"}],"about":[{"href":"https:\/\/www.europesays.com\/fr\/wp-json\/wp\/v2\/types\/post"}],"author":[{"embeddable":true,"href":"https:\/\/www.europesays.com\/fr\/wp-json\/wp\/v2\/users\/2"}],"replies":[{"embeddable":true,"href":"https:\/\/www.europesays.com\/fr\/wp-json\/wp\/v2\/comments?post=160721"}],"version-history":[{"count":0,"href":"https:\/\/www.europesays.com\/fr\/wp-json\/wp\/v2\/posts\/160721\/revisions"}],"wp:featuredmedia":[{"embeddable":true,"href":"https:\/\/www.europesays.com\/fr\/wp-json\/wp\/v2\/media\/160722"}],"wp:attachment":[{"href":"https:\/\/www.europesays.com\/fr\/wp-json\/wp\/v2\/media?parent=160721"}],"wp:term":[{"taxonomy":"category","embeddable":true,"href":"https:\/\/www.europesays.com\/fr\/wp-json\/wp\/v2\/categories?post=160721"},{"taxonomy":"post_tag","embeddable":true,"href":"https:\/\/www.europesays.com\/fr\/wp-json\/wp\/v2\/tags?post=160721"}],"curies":[{"name":"wp","href":"https:\/\/api.w.org\/{rel}","templated":true}]}}