{"id":160723,"date":"2025-06-08T10:59:10","date_gmt":"2025-06-08T10:59:10","guid":{"rendered":"https:\/\/www.europesays.com\/fr\/160723\/"},"modified":"2025-06-08T10:59:10","modified_gmt":"2025-06-08T10:59:10","slug":"selon-amelie-mauresmo-la-fan-zone-de-la-concorde-a-attire-plus-de-25-000-spectateurs","status":"publish","type":"post","link":"https:\/\/www.europesays.com\/fr\/160723\/","title":{"rendered":"selon Am\u00e9lie Mauresmo, la fan zone de la Concorde a attir\u00e9 \u00abplus de 25.000 spectateurs\u00bb"},"content":{"rendered":"<p>Ce dimanche, la directrice du Grand Chelem parisien a annonc\u00e9 que la fan zone situ\u00e9e \u00e0 la place de la Concorde avait attir\u00e9 \u00abplus de 25 000 spectateurs\u00bb.<\/p>\n<p class=\"fig-paragraph\">Quelle r\u00e9ussite. Pour sa premi\u00e8re ann\u00e9e d&rsquo;existence et malgr\u00e9 une m\u00e9t\u00e9o d\u00e9favorable,\u00a0<a href=\"http:\/\/www.lefigaro.fr\/sports\/tennis\/roland-garros-une-fan-zone-installee-place-de-la-concorde-du-4-au-9-juin-20250506\" data-fig-type=\"NewsFlash\" data-gtm-custom-categorie=\"navigation\" data-gtm-custom-action=\"crossclick\" data-gtm-custom-label=\"Contextuel\" data-gtm-event=\"customEventSPE\" data-fig-domain=\"LEFIGARO\" target=\"_blank\" rel=\"noopener\">la fan zone de la place de la Concorde<\/a>\u00a0d\u00e9di\u00e9e aux spectateurs de Roland-Garros a attir\u00e9 \u00abplus de 25.000 personnes\u00bb, a annonc\u00e9 dimanche la directrice du tournoi Am\u00e9lie Mauresmo.<\/p>\n<p class=\"fig-paragraph\">Avec la finale messieurs programm\u00e9e dimanche \u00e0 15h00, \u00abon imagine qu&rsquo;on va finir \u00e0 plus de 30.000\u00bb spectateurs sur les six jours d&rsquo;ouverture de cette \u00abtribune Concorde\u00bb accessible gratuitement, dot\u00e9e de deux \u00e9crans g\u00e9ants et d&rsquo;une capacit\u00e9 de 5.000 personnes, selon la F\u00e9d\u00e9ration fran\u00e7aise de tennis (FFT).<\/p>\n<p class=\"fig-paragraph\"><a href=\"http:\/\/www.lefigaro.fr\/sports\/tennis\/roland-garros\/roland-garros-l-inauguration-de-la-tribune-concorde-aura-lieu-demain-a-17-heures-en-presence-de-gasquet-20250603\" data-fig-type=\"NewsFlash\" data-gtm-custom-categorie=\"navigation\" data-gtm-custom-action=\"crossclick\" data-gtm-custom-label=\"Contextuel\" data-gtm-event=\"customEventSPE\" data-fig-domain=\"LEFIGARO\" target=\"_blank\" rel=\"noopener\">Inaugur\u00e9e mercredi<\/a>\u00a0par le tout frais retrait\u00e9 Richard Gasquet (38 ans),\u00a0<a href=\"http:\/\/www.lefigaro.fr\/sports\/tennis\/roland-garros\/roland-garros-meme-surclasse-par-jannik-sinner-richard-gasquet-n-a-pas-rate-sa-sortie-20250529\" data-fig-type=\"NewsFlash\" data-gtm-custom-categorie=\"navigation\" data-gtm-custom-action=\"crossclick\" data-gtm-custom-label=\"Contextuel\" data-gtm-event=\"customEventSPE\" data-fig-domain=\"LEFIGARO\" target=\"_blank\" rel=\"noopener\">dont la carri\u00e8re professionnelle s&rsquo;est achev\u00e9e au deuxi\u00e8me tour<\/a>\u00a0de Roland-Garros contre le N.1 mondial Jannik Sinner, la \u00abtribune Concorde\u00bb recevra dimanche entre 14h30 et 15h00 la visite de\u00a0<a href=\"http:\/\/www.lefigaro.fr\/sports\/tennis\/roland-garros\/roland-garros-premier-sacre-pour-coco-gauff-tombeuse-d-aryna-sabalenka-en-finale-20250607\" data-fig-type=\"NewsFlash\" data-gtm-custom-categorie=\"navigation\" data-gtm-custom-action=\"crossclick\" data-gtm-custom-label=\"Contextuel\" data-gtm-event=\"customEventSPE\" data-fig-domain=\"LEFIGARO\" target=\"_blank\" rel=\"noopener\">la laur\u00e9ate du tournoi Coco Gauff<\/a>, qui pr\u00e9sentera son troph\u00e9e aux spectateurs.<\/p>\n<p class=\"fig-paragraph\">Le vainqueur de la finale messieurs entre Sinner et le N.2 mondial et tenant du titre Carlos Alcaraz est quant \u00e0 lui attendu lundi matin sur la place de la Concorde, \u00e0 un horaire qui reste \u00e0 pr\u00e9ciser. Am\u00e9lie Mauresmo a par ailleurs indiqu\u00e9 que le stade Roland-Garros aura accueilli au total 685.000 spectateurs en 2025, semaine de qualifications et dernier dimanche inclus. En 2024, le tournoi avait attir\u00e9 sur site 675.000 spectateurs au long des trois semaines, selon les chiffres officiels.<\/p>\n","protected":false},"excerpt":{"rendered":"Ce dimanche, la directrice du Grand Chelem parisien a annonc\u00e9 que la fan zone situ\u00e9e \u00e0 la place&hellip;\n","protected":false},"author":2,"featured_media":160724,"comment_status":"","ping_status":"","sticky":false,"template":"","format":"standard","meta":{"footnotes":""},"categories":[1412],"tags":[23657,4169,105,1451,2199,1452,1453,1454,1455,1011,27,24473,1960,24472,4171,60,1467,4170],"class_list":{"0":"post-160723","1":"post","2":"type-post","3":"status-publish","4":"format-standard","5":"has-post-thumbnail","7":"category-f1","8":"tag-amelie-mauresmo","9":"tag-atp","10":"tag-djokovic","11":"tag-f1","12":"tag-federer","13":"tag-formula-1","14":"tag-formula1","15":"tag-formule-1","16":"tag-formule1","17":"tag-fr","18":"tag-france","19":"tag-internationaux-de-france","20":"tag-nadal","21":"tag-rg","22":"tag-roland-garros","23":"tag-sports","24":"tag-tennis","25":"tag-wta"},"share_on_mastodon":{"url":"https:\/\/pubeurope.com\/@fr\/114647398142605580","error":""},"_links":{"self":[{"href":"https:\/\/www.europesays.com\/fr\/wp-json\/wp\/v2\/posts\/160723","targetHints":{"allow":["GET"]}}],"collection":[{"href":"https:\/\/www.europesays.com\/fr\/wp-json\/wp\/v2\/posts"}],"about":[{"href":"https:\/\/www.europesays.com\/fr\/wp-json\/wp\/v2\/types\/post"}],"author":[{"embeddable":true,"href":"https:\/\/www.europesays.com\/fr\/wp-json\/wp\/v2\/users\/2"}],"replies":[{"embeddable":true,"href":"https:\/\/www.europesays.com\/fr\/wp-json\/wp\/v2\/comments?post=160723"}],"version-history":[{"count":0,"href":"https:\/\/www.europesays.com\/fr\/wp-json\/wp\/v2\/posts\/160723\/revisions"}],"wp:featuredmedia":[{"embeddable":true,"href":"https:\/\/www.europesays.com\/fr\/wp-json\/wp\/v2\/media\/160724"}],"wp:attachment":[{"href":"https:\/\/www.europesays.com\/fr\/wp-json\/wp\/v2\/media?parent=160723"}],"wp:term":[{"taxonomy":"category","embeddable":true,"href":"https:\/\/www.europesays.com\/fr\/wp-json\/wp\/v2\/categories?post=160723"},{"taxonomy":"post_tag","embeddable":true,"href":"https:\/\/www.europesays.com\/fr\/wp-json\/wp\/v2\/tags?post=160723"}],"curies":[{"name":"wp","href":"https:\/\/api.w.org\/{rel}","templated":true}]}}