{"id":160725,"date":"2025-06-08T11:00:10","date_gmt":"2025-06-08T11:00:10","guid":{"rendered":"https:\/\/www.europesays.com\/fr\/160725\/"},"modified":"2025-06-08T11:00:10","modified_gmt":"2025-06-08T11:00:10","slug":"des-centaines-de-cyclistes-attendus-sur-les-routes-du-departement","status":"publish","type":"post","link":"https:\/\/www.europesays.com\/fr\/160725\/","title":{"rendered":"des centaines de cyclistes attendus sur les routes du d\u00e9partement"},"content":{"rendered":"<p>Les habitu\u00e9s du Tour de France ont d\u00e9sormais int\u00e9gr\u00e9 les pr\u00e9conisations de <a href=\"https:\/\/www.estrepublicain.fr\/p\/thomas-voeckler\" target=\"_blank\" rel=\"noopener\">Thomas Voeckler<\/a>, l\u2019ancien coureur devenu consultant, sur le th\u00e8me \u00ab\u00a0la route se partage\u00a0\u00bb. Ce week-end de Pentec\u00f4te est une bonne occasion de les mettre en application puisque 300 cyclistes (116 de plus qu\u2019au d\u00e9part du Tour de France 2025) sont inscrits au <a href=\"https:\/\/www.estrepublicain.fr\/culture-loisirs\/2025\/02\/17\/le-tour-de-meuse-cycliste-est-deja-complet-mais-pas-la-cyclo-verdunoise-55\" target=\"_blank\" rel=\"noopener\">4e\u00a0 Tour de Meuse<\/a> (route et gravel), qui comprend aussi le demi-tour.<\/p>\n<p>Ce contenu est bloqu\u00e9 car vous n&rsquo;avez pas accept\u00e9 les cookies et autres traceurs.<\/p>\n<p>En cliquant sur \u00ab J\u2019accepte \u00bb, les cookies et autres traceurs seront d\u00e9pos\u00e9s et vous pourrez visualiser les contenus  (<a href=\"\" class=\"consentModule_policy\" target=\"_blank\" title=\"Consulter la politique de protection des donn\u00e9es du fournisseur\">plus d&rsquo;informations<\/a>).<\/p>\n<p>En cliquant sur \u00ab J\u2019accepte tous les cookies \u00bb, vous autorisez des d\u00e9p\u00f4ts de cookies et autres traceurs pour le stockage de vos donn\u00e9es sur nos sites et applications \u00e0 des fins de personnalisation et de ciblage publicitaire.<\/p>\n<p class=\"consentModule_secondaryText\">Vous gardez la possibilit\u00e9 de retirer votre consentement \u00e0 tout moment en consultant notre <a href=\"https:\/\/www.estrepublicain.fr\/protection-des-donnees\" target=\"_blank\" title=\"Consulter notre politique de protection des donn\u00e9es\" rel=\"noopener\">politique de protection des donn\u00e9es<\/a>. <br \/>&#13;<br \/>\n            <a href=\"https:\/\/www.estrepublicain.fr\/culture-loisirs\/2025\/06\/06\/javascript:Didomi.notice.show()\" class=\"consentModule_cmp\" target=\"_blank\" rel=\"noopener\">G\u00e9rer mes choix<\/a>&#13;\n        <\/p>\n<p>&#13;<br \/>\n                        J&rsquo;accepte&#13;<br \/>\n            J&rsquo;accepte tous les cookies&#13;\n        <\/p>\n<p>La grande boucle s\u2019\u00e9lancera vers le nord mais parcourra les sites majeurs du d\u00e9partement alors que la petite serpentera sous une ligne imaginaire trac\u00e9e entre Clermont et Verdun. Ce qui explique pourquoi Nicolas Martin, g\u00e9rant d\u2019Atelier cycle, \u00e0 Verdun, et organisateur de l\u2019\u00e9v\u00e9nement, a dispos\u00e9 une quarantaine de petits panneaux p\u00e9dagogiques au bord des axes principaux. \u00ab\u00a0Sur la Voie sacr\u00e9e, sur le secteur Madine-Nonsard-Heudicourt, autour de Bar-le-Duc et de Montm\u00e9dy\u00a0\u00bb, indique le Verdunois, qui en a aussi pos\u00e9 sur la route qui relie Dugny \u00e0 Ancemont car la voie verte (pour les parcours gravel) n\u2019est pas encore praticable.<\/p>\n<p>  Concert et food-truck<\/p>\n<p>Enfin, en plus des 300 cyclos du \u00ab\u00a0Tour\u00a0\u00bb, il faudra composer avec l\u00e0 aussi un important contingent de cyclotouristes sur les huit parcours de la Cyclo-Verdunoise-55 (4 route et 4 gravel), ces 8 et 9\u00a0juin (d\u00e9parts de 8\u00a0h \u00e0 14\u00a0h), toujours au d\u00e9part (et \u00e0 l\u2019arriv\u00e9e) de la rue du Pr\u00e9-Pommer\u00e9, o\u00f9 des concerts sont programm\u00e9s dimanche et lundi apr\u00e8s-midi, en pr\u00e9sence du food-truck Les Cantini\u00e8res.<\/p>\n","protected":false},"excerpt":{"rendered":"Les habitu\u00e9s du Tour de France ont d\u00e9sormais int\u00e9gr\u00e9 les pr\u00e9conisations de Thomas Voeckler, l\u2019ancien coureur devenu consultant,&hellip;\n","protected":false},"author":2,"featured_media":160726,"comment_status":"","ping_status":"","sticky":false,"template":"","format":"standard","meta":{"footnotes":""},"categories":[1411],"tags":[3542,1687,1154,207,3602,10174,1011,27,104,60,2803,10172,10173,1631],"class_list":{"0":"post-160725","1":"post","2":"type-post","3":"status-publish","4":"format-standard","5":"has-post-thumbnail","7":"category-cyclisme","8":"tag-circulation","9":"tag-culture-loisirs","10":"tag-cycling","11":"tag-cyclisme","12":"tag-edition-bar-le-duc","13":"tag-edition-verdun","14":"tag-fr","15":"tag-france","16":"tag-societe","17":"tag-sports","18":"tag-transport","19":"tag-verdun","20":"tag-verdun-ville-55a","21":"tag-vie-associative"},"share_on_mastodon":{"url":"https:\/\/pubeurope.com\/@fr\/114647401994654489","error":""},"_links":{"self":[{"href":"https:\/\/www.europesays.com\/fr\/wp-json\/wp\/v2\/posts\/160725","targetHints":{"allow":["GET"]}}],"collection":[{"href":"https:\/\/www.europesays.com\/fr\/wp-json\/wp\/v2\/posts"}],"about":[{"href":"https:\/\/www.europesays.com\/fr\/wp-json\/wp\/v2\/types\/post"}],"author":[{"embeddable":true,"href":"https:\/\/www.europesays.com\/fr\/wp-json\/wp\/v2\/users\/2"}],"replies":[{"embeddable":true,"href":"https:\/\/www.europesays.com\/fr\/wp-json\/wp\/v2\/comments?post=160725"}],"version-history":[{"count":0,"href":"https:\/\/www.europesays.com\/fr\/wp-json\/wp\/v2\/posts\/160725\/revisions"}],"wp:featuredmedia":[{"embeddable":true,"href":"https:\/\/www.europesays.com\/fr\/wp-json\/wp\/v2\/media\/160726"}],"wp:attachment":[{"href":"https:\/\/www.europesays.com\/fr\/wp-json\/wp\/v2\/media?parent=160725"}],"wp:term":[{"taxonomy":"category","embeddable":true,"href":"https:\/\/www.europesays.com\/fr\/wp-json\/wp\/v2\/categories?post=160725"},{"taxonomy":"post_tag","embeddable":true,"href":"https:\/\/www.europesays.com\/fr\/wp-json\/wp\/v2\/tags?post=160725"}],"curies":[{"name":"wp","href":"https:\/\/api.w.org\/{rel}","templated":true}]}}