{"id":160748,"date":"2025-06-08T11:12:15","date_gmt":"2025-06-08T11:12:15","guid":{"rendered":"https:\/\/www.europesays.com\/fr\/160748\/"},"modified":"2025-06-08T11:12:15","modified_gmt":"2025-06-08T11:12:15","slug":"les-constructeurs-automobiles-trichent-pour-sauver-les-apparences","status":"publish","type":"post","link":"https:\/\/www.europesays.com\/fr\/160748\/","title":{"rendered":"Les constructeurs automobiles trichent pour sauver les apparences"},"content":{"rendered":"<p>Les chiffres ne mentent pas, sauf quand on n\u2019a pas tout le d\u00e9tail pour les comprendre. Les immatriculations de mai ont \u00e9t\u00e9 un sacr\u00e9 cirque, alors \u00e7a m\u00e9ritait d\u2019en faire un \u00e9dito Watt Else pour le 5 juin.<\/p>\n<p>Le march\u00e9 automobile fran\u00e7ais est en berne. En mai, tous\u00a0les indicateurs sont pass\u00e9s au rouge\u00a0au niveau des immatriculations, et\u00a0<a href=\"https:\/\/www.numerama.com\/vroom\/1982145-en-mai-2025-les-chiffres-de-vente-de-voitures-electriques-font-froid-dans-le-dos.html?utm_campaign=WattElse113&amp;utm_medium=email&amp;utm_source=newsletter_edito\" target=\"_blank\" rel=\"noreferrer noopener\">les voitures \u00e9lectriques n\u2019y ont pas coup\u00e9<\/a>. Inutile de rejeter la faute sur les ponts du mois de mai : la comparaison est faite avec l\u2019ann\u00e9e pr\u00e9c\u00e9dente, qui en avait tout autant. Et si je vous disais que, pour certains constructeurs, la r\u00e9alit\u00e9 est encore plus pr\u00e9occupante ?<\/p>\n<p>Derri\u00e8re certains bons r\u00e9sultats se cachent parfois quelques manipulations des constructeurs : la principale se nomme \u00ab immatriculation tactique \u00bb. Il s\u2019agit d\u2019une <a href=\"https:\/\/www.numerama.com\/vroom\/1776902-ces-immatriculations-de-voitures-electriques-cachent-une-autre-realite.html\" target=\"_blank\" rel=\"noopener\">pratique consistant \u00e0\u00a0gonfler artificiellement les chiffres de ventes<\/a>\u00a0avec des voitures qui ne sont pas vendues \u00e0 des clients finaux, mais immatricul\u00e9es pour des concessionnaires ou des loueurs. Tout ceci n\u2019est h\u00e9las pas sans cons\u00e9quence.\u00a0<\/p>\n<p>Gros stock de Citro\u00ebn \u00e9lectriques chez les loueurs<\/p>\n<p>Il ne faut pas se leurrer, tous les constructeurs sont amen\u00e9s \u00e0 utiliser ce genre de pratiques\u00a0\u00e0 plus ou moins grande \u00e9chelle. Stellantis est m\u00eame r\u00e9put\u00e9 pour en user plus que d\u2019autres. La plupart du temps, cela passe sous les radars, mais dans certains cas les chiffres sont tellement improbables que je bloque dessus. C\u2019est le cas en ce mois de mai assez d\u00e9primant, o\u00f9 m\u00eame la R5 voit ses immatriculations baisser. Pourtant, la <a href=\"https:\/\/www.numerama.com\/voitures\/e-c3\/\" data-type=\"electric-cars\" data-id=\"1534656\" target=\"_blank\" rel=\"noopener\">Citro\u00ebn \u00eb-C3<\/a> se maintient en bonne forme et prend m\u00eame la t\u00eate du classement des \u00e9lectriques avec 1 500 exemplaires immatricul\u00e9s.\u00a0<\/p>\n<p><a href=\"https:\/\/www.numerama.com\/wp-content\/uploads\/2024\/09\/citroen-e-c3-c3.jpg\" target=\"_blank\" rel=\"noopener\"><img decoding=\"async\" width=\"1024\" height=\"576\" loading=\"lazy\" alt=\"Citro\u00ebn e-c3 et c3 lors des essais du mod\u00e8le \/\/ Source : Raphaelle Baut pour numerama\" title=\"Citro\u00ebn e-c3 et c3 lors des essais du mod\u00e8le \/\/ Source : Raphaelle Baut pour numerama\" class=\"wp-image-1809812 placeholder-default wp-image\" src=\"https:\/\/www.europesays.com\/fr\/wp-content\/uploads\/2025\/06\/citroen-e-c3-c3-1024x576.jpg\" \/><\/a>Citro\u00ebn e-c3 et c3 lors des essais du mod\u00e8le \/\/ Source : Raphaelle Baut pour numerama<\/p>\n<p>La recette miracle ? 1 037 de ces Citro\u00ebn \u00eb-C3 (69 % des immatriculations du mois) sont \u00e0 retrouver chez les loueurs de courte dur\u00e9e, pour seulement 174 immatriculations r\u00e9ellement destin\u00e9es \u00e0 des particuliers. Les loueurs ont probablement voulu renforcer ou renouveler leurs flottes \u00e0 l\u2019approche des grandes vacances. Ils ont en tout cas fait\u00a0une vraie razzia sur plusieurs mod\u00e8les\u00a0en mai (Renault Clio, MG3, Citro\u00ebn C3\u2026). De quoi sauver les apparences.<\/p>\n<p>C\u2019est aussi le cas de la <a href=\"https:\/\/www.numerama.com\/voitures\/e-c3-aircross\/\" data-type=\"electric-cars\" data-id=\"1782870\" target=\"_blank\" rel=\"noopener\">Citro\u00ebn \u00eb-C3 Aircross<\/a>. La nouveaut\u00e9 se hisse \u00e0 la 4e place avec 920 immatriculations, dont\u00a086 % sont attribu\u00e9es aux loueurs. Ils ont m\u00eame \u00e9t\u00e9 servis avant les particuliers.<\/p>\n<p>Le retour de boomerang<\/p>\n<p>Les loueurs de courte dur\u00e9e contribuent \u00e0 doper le march\u00e9 de l\u2019occasion avec des mod\u00e8les r\u00e9cents. Ils ne conservent ces mod\u00e8les fra\u00eechement immatricul\u00e9s que quelques semaines ou mois, rarement plus d\u2019un an, le tout avec des accords sign\u00e9s avec les constructeurs directement. Tout ceci est\u00a0plut\u00f4t b\u00e9n\u00e9fique\u00a0dans l\u2019\u00e9cosyst\u00e8me automobile. Il y a n\u00e9anmoins un inconv\u00e9nient \u00e0 la pratique. Quand les volumes d\u2019immatriculations \u00ab loueurs \u00bb d\u2019un mod\u00e8le sont importants, cela implique aussi une masse de v\u00e9hicules qui reviennent rapidement en occasion chez le constructeur.\u00a0<\/p>\n<p><a href=\"https:\/\/www.numerama.com\/wp-content\/uploads\/2024\/10\/fiat-500e-red.jpg\" target=\"_blank\" rel=\"noopener\"><img decoding=\"async\" width=\"1024\" height=\"576\" loading=\"lazy\" alt=\"Fiat 500e (RED) \/\/ Source : Fiat\" title=\"Fiat 500e (RED) \/\/ Source : Fiat\" class=\"wp-image-1819070 placeholder-default wp-image\" src=\"https:\/\/www.europesays.com\/fr\/wp-content\/uploads\/2025\/06\/fiat-500e-red-1024x576.jpg\" \/><\/a>Sur le march\u00e9 de l\u2019occasion les tarifs de la Fiat 500e d\u00e9gringolent avant m\u00eame les retours du leasing social \/\/ Source : Fiat<\/p>\n<p>Quand plusieurs milliers de v\u00e9hicules d\u2019un m\u00eame mod\u00e8le arrivent d\u2019un coup sur le march\u00e9 de l\u2019occasion, si la demande ne suit pas, c\u2019est\u00a0la valeur du v\u00e9hicule qui prend une claque. C\u2019est donc un pari qui peut s\u2019av\u00e9rer risqu\u00e9. La Citro\u00ebn \u00eb-C3 pourrait d\u2019ailleurs \u00eatre un cas d\u2019\u00e9cole. Entre ces gros volumes destin\u00e9s aux loueurs et ceux qui <a href=\"https:\/\/www.numerama.com\/vroom\/1943147-leasing-social-pourquoi-les-concessionnaires-nen-veulent-deja-plus.html\" target=\"_blank\" rel=\"noopener\">reviendront dans 2 ans du leasing social<\/a>, il est fort probable que le mod\u00e8le se revendra probablement \u00e0 bas prix en occasion.<\/p>\n<p>Beaucoup d\u2019immatriculations chez les concessionnaires\u00a0<\/p>\n<p>Hors lancement d\u2019un nouveau v\u00e9hicule, les immatriculations tactiques chez les concessionnaires sont aussi une\u00a0arme \u00e0 double tranchant. Elles font la joie de certains acheteurs qui appr\u00e9cient les offres remis\u00e9es de v\u00e9hicules \u00ab z\u00e9ro kilom\u00e8tre \u00bb ou ceux de d\u00e9monstration (un peu plus kilom\u00e9tr\u00e9s). Il ne faut pas non plus que cela p\u00e8se trop lourd sur les concessionnaires qui pourraient y perdre des plumes au passage.<\/p>\n<p>Tesla affirme g\u00e9n\u00e9ralement laisser ces pratiques \u00e0 la concurrence. Pourtant, sur les 5 immatriculations du <a href=\"https:\/\/www.numerama.com\/voitures\/model-x\/\" data-type=\"electric-cars\" data-id=\"1221550\" target=\"_blank\" rel=\"noopener\">Model X<\/a> en mai, 3 \u00e9taient destin\u00e9es aux concessions. Il ne faut jamais dire jamais. Cependant, il faut quand m\u00eame pointer du doigt que son concurrent chinois a fait fort. La <a href=\"https:\/\/www.numerama.com\/voitures\/dolphin-surf\/\" data-type=\"electric-cars\" data-id=\"1975229\" target=\"_blank\" rel=\"noopener\">BYD Dolphin Surf<\/a> a fait une entr\u00e9e remarqu\u00e9e en 13e place du classement de mai avec 414 immatriculations, sauf que toutes sont pour des concessions. En m\u00eame temps, les ventes n\u2019ont \u00e9t\u00e9 ouvertes qu\u2019\u00e0 la fin du mois de mai, il \u00e9tait \u00e9vident que ces premi\u00e8res immatriculations ne seraient pas \u00e0 destination de clients. <\/p>\n<p><a href=\"https:\/\/www.numerama.com\/wp-content\/uploads\/2025\/06\/byd-dolphin-surf.jpg\" target=\"_blank\" rel=\"noopener\"><img decoding=\"async\" width=\"1024\" height=\"576\" loading=\"lazy\" alt=\"BYD Dolphin Surf lors du lancement du mod\u00e8le fin mai \/\/ Source : Raphaelle Baut pour Numerama\" title=\"BYD Dolphin Surf lors du lancement du mod\u00e8le fin mai \/\/ Source : Raphaelle Baut pour Numerama\" class=\"wp-image-1982179 placeholder-default wp-image\" src=\"https:\/\/www.europesays.com\/fr\/wp-content\/uploads\/2025\/06\/byd-dolphin-surf-1024x576.jpg\" \/><\/a>BYD Dolphin Surf lors du lancement du mod\u00e8le fin mai \/\/ Source : Raphaelle Baut pour Numerama<\/p>\n<p>Ce n\u2019est pas comme d\u2019autres marques qui passent par ces immatriculations garage pour essayer de\u00a0sauver les meubles\u00a0: Abarth, Smart, Vinfast\u2026 Plusieurs marques peinent \u00e0 vendre leurs <a href=\"https:\/\/www.numerama.com\/vroom\/599805-voitures-electriques-tous-les-modeles-disponibles-en-france-en-2020.html\" target=\"_blank\" rel=\"noopener\">voitures \u00e9lectriques<\/a> neuves sans utiliser cette astuce.\u00a0<\/p>\n<p><strong>Si cet \u00e9ditorial vous a plu, n\u2019h\u00e9sitez pas \u00e0 vous abonner \u00e0 la newsletter Watt Else :<\/strong><\/p>\n<p class=\"newsletter-headline\">Newsletter <strong style=\"color: #00d195\">Watt Else<\/strong>\n                    <\/p>\n<p class=\"newsletter-title js-newsletter-title\">Vous souhaitez recevoir la newsletter<br \/>\n                        <strong>Watt Else<\/strong> dans votre bo\u00eete mail ?<\/p>\n<p>\n                    Les donn\u00e9es transmises par le biais de ce formulaire sont destin\u00e9es<br \/>\n                    \u00e0 PressTiC Numerama, en sa qualit\u00e9 de responsable de traitement. Ces donn\u00e9es<br \/>\n                    sont trait\u00e9es avec votre consentement aux fins de vous envoyer par e-mail des actualit\u00e9s et<br \/>\n                    informations relatives aux contenus \u00e9ditoriaux publi\u00e9s sur ce site. Vous pouvez vous opposer \u00e0 tout<br \/>\n                    moment \u00e0 ces e-mails en cliquant sur les liens de d\u00e9sinscriptions pr\u00e9sents dans chacun d\u2019eux. Pour<br \/>\n                    plus d\u2019informations, vous pouvez consulter l\u2019int\u00e9gralit\u00e9 de notre <a href=\"https:\/\/www.numerama.com\/politique-donnees-personnelles\" target=\"_blank\" rel=\"noopener\">politique de traitement de vos<br \/>\n                        donn\u00e9es<br \/>\n                        personnelles<\/a>.\n                <\/p>\n<p>\n                    Vous disposez d\u2019un droit d\u2019acc\u00e8s, de rectification, d\u2019effacement, de limitation, de portabilit\u00e9 et<br \/>\n                    d\u2019opposition pour motif l\u00e9gitime aux donn\u00e9es personnelles vous concernant. Pour exercer l\u2019un de ces<br \/>\n                    droits, merci d\u2019effectuer votre demande via notre <a href=\"http:\/\/www.numerama.com\/contact#rgpd\" target=\"_blank\" rel=\"noopener\">formulaire de demandes d\u2019exercices de<br \/>\n                        droits<br \/>\n                        d\u00e9di\u00e9<\/a>.\n                <\/p>\n<p>            <img decoding=\"async\" src=\"https:\/\/www.europesays.com\/fr\/wp-content\/uploads\/2025\/04\/iPhone-16-pro.png\" alt=\"Toute l'actu tech en un clien d'oeil\"\/><\/p>\n<p class=\"card-install-pwa__title\">Toute l&rsquo;actu tech en un clin d&rsquo;\u0153il<\/p>\n<p class=\"card-install-pwa__description\">Ajoutez Numerama \u00e0 votre \u00e9cran d&rsquo;accueil et restez connect\u00e9s au futur !<\/p>\n<p>            <img decoding=\"async\" src=\"https:\/\/www.europesays.com\/fr\/wp-content\/uploads\/2025\/04\/logo-card-pwa-coupe.svg.svg+xml\" alt=\"Logo PWA\"\/><\/p>\n<p>       Installer Numerama<\/p>\n","protected":false},"excerpt":{"rendered":"Les chiffres ne mentent pas, sauf quand on n\u2019a pas tout le d\u00e9tail pour les comprendre. Les immatriculations&hellip;\n","protected":false},"author":2,"featured_media":160749,"comment_status":"","ping_status":"","sticky":false,"template":"","format":"standard","meta":{"footnotes":""},"categories":[6],"tags":[35,33,34,1011,27,17495,25589,8433],"class_list":{"0":"post-160748","1":"post","2":"type-post","3":"status-publish","4":"format-standard","5":"has-post-thumbnail","7":"category-economie","8":"tag-business","9":"tag-economie","10":"tag-economy","11":"tag-fr","12":"tag-france","13":"tag-immatriculations","14":"tag-marche-automobile","15":"tag-watt-else"},"share_on_mastodon":{"url":"https:\/\/pubeurope.com\/@fr\/114647449430377546","error":""},"_links":{"self":[{"href":"https:\/\/www.europesays.com\/fr\/wp-json\/wp\/v2\/posts\/160748","targetHints":{"allow":["GET"]}}],"collection":[{"href":"https:\/\/www.europesays.com\/fr\/wp-json\/wp\/v2\/posts"}],"about":[{"href":"https:\/\/www.europesays.com\/fr\/wp-json\/wp\/v2\/types\/post"}],"author":[{"embeddable":true,"href":"https:\/\/www.europesays.com\/fr\/wp-json\/wp\/v2\/users\/2"}],"replies":[{"embeddable":true,"href":"https:\/\/www.europesays.com\/fr\/wp-json\/wp\/v2\/comments?post=160748"}],"version-history":[{"count":0,"href":"https:\/\/www.europesays.com\/fr\/wp-json\/wp\/v2\/posts\/160748\/revisions"}],"wp:featuredmedia":[{"embeddable":true,"href":"https:\/\/www.europesays.com\/fr\/wp-json\/wp\/v2\/media\/160749"}],"wp:attachment":[{"href":"https:\/\/www.europesays.com\/fr\/wp-json\/wp\/v2\/media?parent=160748"}],"wp:term":[{"taxonomy":"category","embeddable":true,"href":"https:\/\/www.europesays.com\/fr\/wp-json\/wp\/v2\/categories?post=160748"},{"taxonomy":"post_tag","embeddable":true,"href":"https:\/\/www.europesays.com\/fr\/wp-json\/wp\/v2\/tags?post=160748"}],"curies":[{"name":"wp","href":"https:\/\/api.w.org\/{rel}","templated":true}]}}