{"id":160756,"date":"2025-06-08T11:16:10","date_gmt":"2025-06-08T11:16:10","guid":{"rendered":"https:\/\/www.europesays.com\/fr\/160756\/"},"modified":"2025-06-08T11:16:10","modified_gmt":"2025-06-08T11:16:10","slug":"saint-etienne-un-homme-interpelle-pour-agressions-sexuelles-et-homophobie-en-marge-de-la-marche-des-fiertes","status":"publish","type":"post","link":"https:\/\/www.europesays.com\/fr\/160756\/","title":{"rendered":"Saint-\u00c9tienne. Un homme interpell\u00e9 pour agressions sexuelles et homophobie en marge de la Marche des fiert\u00e9s"},"content":{"rendered":"<p>Des drapeaux arc-en-ciel, des slogans\u00a0humoristiques, revendicatifs, 3\u00a0000 personnes selon les organisateurs, 1\u00a0000 selon la police, ont d\u00e9fil\u00e9, samedi apr\u00e8s-midi, dans les rues de Saint-\u00c9tienne. Une marche des Fiert\u00e9s, pour faire entendre la voix de la communaut\u00e9 LGBTQIA +, <a href=\"https:\/\/www.leprogres.fr\/social\/2025\/06\/07\/la-ville-celebre-la-diversite-lors-d-une-marche-des-fiertes-vibrante\" target=\"_blank\" rel=\"nofollow noopener\">qui s\u2019est \u00e9lanc\u00e9e de la place Chavanelle pour rejoindre la place Jean-Jaur\u00e8s<\/a>, o\u00f9 un village associatif avait \u00e9t\u00e9 install\u00e9.<\/p>\n<p>  Trois jeunes femmes agress\u00e9es sexuellement<\/p>\n<p>C\u2019est l\u00e0, aux alentours de 21 heures, qu\u2019un individu d\u2019une trentaine d\u2019ann\u00e9es, alcoolis\u00e9, s\u2019en est pris \u00e0 l\u2019organisateur de l\u2019\u00e9v\u00e9nement en lui tenant des propos homophobes.<\/p>\n<p>Ce m\u00eame individu aurait \u00e9galement agress\u00e9 sexuellement trois jeunes femmes participant \u00e0 cette marche des Fiert\u00e9s avant de viser, avec une bombe lacrymog\u00e8ne, un vigile charg\u00e9 de veiller \u00e0 la s\u00e9curit\u00e9 du site.<\/p>\n<p>  Il agresse un policier municipal<\/p>\n<p>Interpell\u00e9 par la police municipale, cet individu, r\u00e9sidant \u00e0 Saint-\u00c9tienne, s\u2019est rebell\u00e9, a refus\u00e9 de donner son identit\u00e9, et a violent\u00e9 l\u2019un des policiers municipaux lors de l\u2019intervention. Il a \u00e9t\u00e9 plac\u00e9 en garde \u00e0 vue par les services d\u2019enqu\u00eate de Saint-Etienne.\u00a0<\/p>\n<p>Les investigations \u00e9taient en cours ce dimanche, au commissariat de police de Saint-Etienne, pour entendre le mis en cause et recueillir les plaintes des victimes.<\/p>\n","protected":false},"excerpt":{"rendered":"Des drapeaux arc-en-ciel, des slogans\u00a0humoristiques, revendicatifs, 3\u00a0000 personnes selon les organisateurs, 1\u00a0000 selon la police, ont d\u00e9fil\u00e9, samedi&hellip;\n","protected":false},"author":2,"featured_media":160757,"comment_status":"","ping_status":"","sticky":false,"template":"","format":"standard","meta":{"footnotes":""},"categories":[9653],"tags":[1111,11,2430,7539,1777,674,274,107,1011,27,3367,12,25,4001,7538],"class_list":{"0":"post-160756","1":"post","2":"type-post","3":"status-publish","4":"format-standard","5":"has-post-thumbnail","7":"category-saint-etienne","8":"tag-actu","9":"tag-actualites","10":"tag-auvergne-rhone-alpes","11":"tag-edition-loire-sud","12":"tag-eu","13":"tag-europe","14":"tag-faits-divers-justice","15":"tag-fil-info","16":"tag-fr","17":"tag-france","18":"tag-loire","19":"tag-news","20":"tag-republique-francaise","21":"tag-saint-etienne","22":"tag-saint-etienne-ville"},"share_on_mastodon":{"url":"https:\/\/pubeurope.com\/@fr\/114647464972499900","error":""},"_links":{"self":[{"href":"https:\/\/www.europesays.com\/fr\/wp-json\/wp\/v2\/posts\/160756","targetHints":{"allow":["GET"]}}],"collection":[{"href":"https:\/\/www.europesays.com\/fr\/wp-json\/wp\/v2\/posts"}],"about":[{"href":"https:\/\/www.europesays.com\/fr\/wp-json\/wp\/v2\/types\/post"}],"author":[{"embeddable":true,"href":"https:\/\/www.europesays.com\/fr\/wp-json\/wp\/v2\/users\/2"}],"replies":[{"embeddable":true,"href":"https:\/\/www.europesays.com\/fr\/wp-json\/wp\/v2\/comments?post=160756"}],"version-history":[{"count":0,"href":"https:\/\/www.europesays.com\/fr\/wp-json\/wp\/v2\/posts\/160756\/revisions"}],"wp:featuredmedia":[{"embeddable":true,"href":"https:\/\/www.europesays.com\/fr\/wp-json\/wp\/v2\/media\/160757"}],"wp:attachment":[{"href":"https:\/\/www.europesays.com\/fr\/wp-json\/wp\/v2\/media?parent=160756"}],"wp:term":[{"taxonomy":"category","embeddable":true,"href":"https:\/\/www.europesays.com\/fr\/wp-json\/wp\/v2\/categories?post=160756"},{"taxonomy":"post_tag","embeddable":true,"href":"https:\/\/www.europesays.com\/fr\/wp-json\/wp\/v2\/tags?post=160756"}],"curies":[{"name":"wp","href":"https:\/\/api.w.org\/{rel}","templated":true}]}}