{"id":160760,"date":"2025-06-08T11:19:00","date_gmt":"2025-06-08T11:19:00","guid":{"rendered":"https:\/\/www.europesays.com\/fr\/160760\/"},"modified":"2025-06-08T11:19:00","modified_gmt":"2025-06-08T11:19:00","slug":"aux-origines-de-lhumanite-au-congres-de-la-societe-francaise-de-chirurgie-rachidienne-3","status":"publish","type":"post","link":"https:\/\/www.europesays.com\/fr\/160760\/","title":{"rendered":"aux origines de l\u2019humanit\u00e9 au congr\u00e8s de la Soci\u00e9t\u00e9 fran\u00e7aise de chirurgie rachidienne"},"content":{"rendered":"<p>Parcourir le temps pour mieux comprendre le pr\u00e9sent. Ce jeudi 5 juin, le lancement du congr\u00e8s annuel de la Soci\u00e9t\u00e9 fran\u00e7aise de chirurgie rachidienne (SCFR) a \u00e9t\u00e9 confi\u00e9 au Dr  Pierre Roussouly, chirurgien orthop\u00e9dique et traumatologie, auteur de nombreux ouvrages scientifiques et, un peu, pal\u00e9ontologue. Apr\u00e8s les mots de bienvenue du pr\u00e9sident et organisateur du congr\u00e8s, le Dr <a href=\"https:\/\/www.estrepublicain.fr\/magazine-sante\/2025\/01\/18\/chirurgie-du-dos-au-chru-de-nancy-les-effets-destructeurs-du-canape\" target=\"_blank\" rel=\"noopener\">Nacer Mansouri<\/a> , neurochirurgien au CHRU de Nancy, Pierre Roussouly a embarqu\u00e9 son auditoire dans l\u2019\u00e9volution de l\u2019anatomie humaine. Des premiers hominid\u00e9s (il y a pr\u00e8s de 2 millions d\u2019ann\u00e9es) \u00e0 l\u2019\u00e9crasante domination d\u2019homo sapiens, notre esp\u00e8ce, le praticien a remont\u00e9 la colonne de l\u2019histoire, expliquant comment la bip\u00e9die a fait de nous ce que nous sommes, des \u00eatres communicants, dou\u00e9s de cr\u00e9ativit\u00e9 et d\u2019ing\u00e9niosit\u00e9. Cette morphogen\u00e8se a rappel\u00e9 combien la posture et la constitution d\u2019homo sapiens nous ont \u00e9t\u00e9 profitables, notamment en nous permettant d\u2019\u00e9largir notre lobe frontal, lequel \u00ab agit comme un amplificateur \u00bb.<\/p>\n<p>  La cr\u00e9ativit\u00e9, le langage\u2026<\/p>\n<p>L\u2019intelligence, les capacit\u00e9s cognitives ne d\u00e9coulent pas du poids du cerveau, ni de son volume, mais de sa plasticit\u00e9 et de l\u2019efficacit\u00e9 de ses r\u00e9seaux neuronaux. M\u00eame s\u2019il a pris la gosse t\u00eate au fil des \u00e2ges, homo sapiens avait un cerveau similaire aux autres esp\u00e8ces humaines et \u00e0 ses cousins primates. Il se distinguait, en revanche, par un cerveau globulaire. Par rapport \u00e0 N\u00e9andertal, son dernier concurrent dans le buissonnement des esp\u00e8ces humaines, homo sapiens a d\u00e9velopp\u00e9 un cr\u00e2ne rond, laissant de la place \u00e0 l\u2019expansion de certaines zones comme le cervelet, le lobe pari\u00e9tal et, en particulier, le lobe frontal si\u00e8ge de notre humanit\u00e9. Cette aire c\u00e9r\u00e9brale contr\u00f4le nos actes les plus complexes : la cr\u00e9ativit\u00e9, le langage, le raisonnement\u2026 Et tout cela, nous le devrions, en grande partie, mais pas seulement, \u00e0 la station debout qui a lib\u00e9r\u00e9 nos mains, pouss\u00e9 notre regard au loin, sculpt\u00e9 notre morphologie pour en faire une arme de conqu\u00eate du monde robuste et endurante.<\/p>\n<p>Apr\u00e8s cette entr\u00e9e en mati\u00e8re, retour vers le futur pour les quelque quatre cents congressistes venus de toutes les r\u00e9gions de France, mais \u00e9galement de pays frontaliers. Ce rendez-vous annuel de la SCFR est l\u2019occasion pour chacun, \u00e9tudiants compris, d\u2019acc\u00e9der aux derni\u00e8res avanc\u00e9es dans la prise en charge des pathologies du rachis (la colonne vert\u00e9brale), mais \u00e9galement dans l\u2019encadrement d\u2019\u00e9quipes et le management personnel. Un symposium proposait ainsi de s\u2019int\u00e9resser \u00e0 la sant\u00e9 mentale des chirurgiens et aux strat\u00e9gies pour la pr\u00e9server. Une autre conf\u00e9rence portait sur la gestion de l\u2019\u00e9quilibre entre vie professionnelle et vie personnelle, avec le t\u00e9moignage de m\u00e9decins athl\u00e8tes de haut niveau. Un programme foisonnant qui doit se terminer samedi par une matin\u00e9e de travaux scientifiques introduite par le \u00ab Run du souvenir \u00bb, une mise en jambes au d\u00e9part du Centre Prouv\u00e9, \u00e0 6 h 45.<\/p>\n","protected":false},"excerpt":{"rendered":"Parcourir le temps pour mieux comprendre le pr\u00e9sent. Ce jeudi 5 juin, le lancement du congr\u00e8s annuel de&hellip;\n","protected":false},"author":2,"featured_media":160761,"comment_status":"","ping_status":"","sticky":false,"template":"","format":"standard","meta":{"footnotes":""},"categories":[9635],"tags":[1111,11,1704,1777,674,1011,27,775,937,5362,224,3457,1702,1703,12,3456,25,71,104],"class_list":{"0":"post-160760","1":"post","2":"type-post","3":"status-publish","4":"format-standard","5":"has-post-thumbnail","7":"category-nancy","8":"tag-actu","9":"tag-actualites","10":"tag-edition-nancy-et-agglomeration","11":"tag-eu","12":"tag-europe","13":"tag-fr","14":"tag-france","15":"tag-grand-est","16":"tag-histoire","17":"tag-magazine-sante","18":"tag-medecine","19":"tag-meurthe-et-moselle","20":"tag-nancy","21":"tag-nancy-ville-54b","22":"tag-news","23":"tag-region-lorraine","24":"tag-republique-francaise","25":"tag-sante","26":"tag-societe"},"share_on_mastodon":{"url":"https:\/\/pubeurope.com\/@fr\/114647476660349822","error":""},"_links":{"self":[{"href":"https:\/\/www.europesays.com\/fr\/wp-json\/wp\/v2\/posts\/160760","targetHints":{"allow":["GET"]}}],"collection":[{"href":"https:\/\/www.europesays.com\/fr\/wp-json\/wp\/v2\/posts"}],"about":[{"href":"https:\/\/www.europesays.com\/fr\/wp-json\/wp\/v2\/types\/post"}],"author":[{"embeddable":true,"href":"https:\/\/www.europesays.com\/fr\/wp-json\/wp\/v2\/users\/2"}],"replies":[{"embeddable":true,"href":"https:\/\/www.europesays.com\/fr\/wp-json\/wp\/v2\/comments?post=160760"}],"version-history":[{"count":0,"href":"https:\/\/www.europesays.com\/fr\/wp-json\/wp\/v2\/posts\/160760\/revisions"}],"wp:featuredmedia":[{"embeddable":true,"href":"https:\/\/www.europesays.com\/fr\/wp-json\/wp\/v2\/media\/160761"}],"wp:attachment":[{"href":"https:\/\/www.europesays.com\/fr\/wp-json\/wp\/v2\/media?parent=160760"}],"wp:term":[{"taxonomy":"category","embeddable":true,"href":"https:\/\/www.europesays.com\/fr\/wp-json\/wp\/v2\/categories?post=160760"},{"taxonomy":"post_tag","embeddable":true,"href":"https:\/\/www.europesays.com\/fr\/wp-json\/wp\/v2\/tags?post=160760"}],"curies":[{"name":"wp","href":"https:\/\/api.w.org\/{rel}","templated":true}]}}