{"id":160762,"date":"2025-06-08T11:20:20","date_gmt":"2025-06-08T11:20:20","guid":{"rendered":"https:\/\/www.europesays.com\/fr\/160762\/"},"modified":"2025-06-08T11:20:20","modified_gmt":"2025-06-08T11:20:20","slug":"europe-et-dream-theater-ont-enflamme-le-zenith-du-grand-nancy-revivez-cette-deuxieme-journee","status":"publish","type":"post","link":"https:\/\/www.europesays.com\/fr\/160762\/","title":{"rendered":"Europe et Dream Theater ont enflamm\u00e9 le Z\u00e9nith du Grand Nancy, revivez cette deuxi\u00e8me journ\u00e9e"},"content":{"rendered":"<p>Deuxi\u00e8me groupe de la soir\u00e9e, Vanden Plas propose, l\u00e0 encore, un son r\u00e9solument tourn\u00e9 vers les ann\u00e9es 80. Pas un hasard\u00a0: le groupe est n\u00e9 en 1986 et a un son assez particulier, <a href=\"https:\/\/www.estrepublicain.fr\/culture-loisirs\/2025\/06\/05\/heavy-week-end-vanden-plas-aux-cotes-de-europe-et-dream-theater\" target=\"_blank\" rel=\"noopener\">comme nous l&rsquo;expliquait Stephan Lill, le guitariste du groupe.<\/a><\/p>\n<p>\u00ab\u00a0Dans les ann\u00e9es 80, les claviers \u00e9taient secondaires. Avec le temps, on a compris qu\u2019ils pouvaient jouer un r\u00f4le central. Aujourd\u2019hui, nous composons \u00e9galement avec eux, m\u00eame si nous ne sommes pas clavi\u00e9ristes. Ils apportent une atmosph\u00e8re qui sublime la voix d\u2019Andy [Kuntz, le chanteur, NDLR].\u00a0\u00bb<\/p>\n<p>Le choix de Vanden Plas et Wings of Steel est ainsi pertinent dans le cadre de cette soir\u00e9e, lors de laquelle les synth\u00e9tiseurs ont (et auront encore) une place importante, avec les deux t\u00eates d&rsquo;affiche.<\/p>\n","protected":false},"excerpt":{"rendered":"Deuxi\u00e8me groupe de la soir\u00e9e, Vanden Plas propose, l\u00e0 encore, un son r\u00e9solument tourn\u00e9 vers les ann\u00e9es 80.&hellip;\n","protected":false},"author":2,"featured_media":160763,"comment_status":"","ping_status":"","sticky":false,"template":"","format":"standard","meta":{"footnotes":""},"categories":[9635],"tags":[1111,11,1687,1704,1777,674,1011,27,775,3457,873,1702,12,3456,25],"class_list":{"0":"post-160762","1":"post","2":"type-post","3":"status-publish","4":"format-standard","5":"has-post-thumbnail","7":"category-nancy","8":"tag-actu","9":"tag-actualites","10":"tag-culture-loisirs","11":"tag-edition-nancy-et-agglomeration","12":"tag-eu","13":"tag-europe","14":"tag-fr","15":"tag-france","16":"tag-grand-est","17":"tag-meurthe-et-moselle","18":"tag-musique","19":"tag-nancy","20":"tag-news","21":"tag-region-lorraine","22":"tag-republique-francaise"},"share_on_mastodon":{"url":"https:\/\/pubeurope.com\/@fr\/114647480644696787","error":""},"_links":{"self":[{"href":"https:\/\/www.europesays.com\/fr\/wp-json\/wp\/v2\/posts\/160762","targetHints":{"allow":["GET"]}}],"collection":[{"href":"https:\/\/www.europesays.com\/fr\/wp-json\/wp\/v2\/posts"}],"about":[{"href":"https:\/\/www.europesays.com\/fr\/wp-json\/wp\/v2\/types\/post"}],"author":[{"embeddable":true,"href":"https:\/\/www.europesays.com\/fr\/wp-json\/wp\/v2\/users\/2"}],"replies":[{"embeddable":true,"href":"https:\/\/www.europesays.com\/fr\/wp-json\/wp\/v2\/comments?post=160762"}],"version-history":[{"count":0,"href":"https:\/\/www.europesays.com\/fr\/wp-json\/wp\/v2\/posts\/160762\/revisions"}],"wp:featuredmedia":[{"embeddable":true,"href":"https:\/\/www.europesays.com\/fr\/wp-json\/wp\/v2\/media\/160763"}],"wp:attachment":[{"href":"https:\/\/www.europesays.com\/fr\/wp-json\/wp\/v2\/media?parent=160762"}],"wp:term":[{"taxonomy":"category","embeddable":true,"href":"https:\/\/www.europesays.com\/fr\/wp-json\/wp\/v2\/categories?post=160762"},{"taxonomy":"post_tag","embeddable":true,"href":"https:\/\/www.europesays.com\/fr\/wp-json\/wp\/v2\/tags?post=160762"}],"curies":[{"name":"wp","href":"https:\/\/api.w.org\/{rel}","templated":true}]}}