{"id":160770,"date":"2025-06-08T11:24:10","date_gmt":"2025-06-08T11:24:10","guid":{"rendered":"https:\/\/www.europesays.com\/fr\/160770\/"},"modified":"2025-06-08T11:24:10","modified_gmt":"2025-06-08T11:24:10","slug":"le-president-du-club-de-rugby-de-montpellier-menace-de-ne-plus-jouer-dans-la-ville","status":"publish","type":"post","link":"https:\/\/www.europesays.com\/fr\/160770\/","title":{"rendered":"Le pr\u00e9sident du club de rugby de Montpellier menace de ne plus jouer dans la ville"},"content":{"rendered":"<p class=\"description\">Apr\u00e8s sa d\u00e9faite face \u00e0 Clermont (10-23), le Montpellier H\u00e9rault Rugby a manqu\u00e9 la qualification pour la Champions Cup. Mohed Altrad, propri\u00e9taire et pr\u00e9sident du MHR, s\u2019est adress\u00e9 aux supporters et a exprim\u00e9 sa frustration envers la municipalit\u00e9. Il estime que le refus du maire Micha\u00ebl Delafosse de lui vendre le GGL Stadium mettrait en p\u00e9ril son projet de d\u00e9veloppement ambitieux pour le club.<\/p>\n","protected":false},"excerpt":{"rendered":"Apr\u00e8s sa d\u00e9faite face \u00e0 Clermont (10-23), le Montpellier H\u00e9rault Rugby a manqu\u00e9 la qualification pour la Champions&hellip;\n","protected":false},"author":2,"featured_media":160771,"comment_status":"","ping_status":"","sticky":false,"template":"","format":"standard","meta":{"footnotes":""},"categories":[9599],"tags":[1111,11,1777,674,1011,27,2208,12,2680,25,479,133,9989],"class_list":{"0":"post-160770","1":"post","2":"type-post","3":"status-publish","4":"format-standard","5":"has-post-thumbnail","7":"category-montpellier","8":"tag-actu","9":"tag-actualites","10":"tag-eu","11":"tag-europe","12":"tag-fr","13":"tag-france","14":"tag-montpellier","15":"tag-news","16":"tag-occitanie","17":"tag-republique-francaise","18":"tag-rugby","19":"tag-video","20":"tag-wochit"},"share_on_mastodon":{"url":"https:\/\/pubeurope.com\/@fr\/114647496335704663","error":""},"_links":{"self":[{"href":"https:\/\/www.europesays.com\/fr\/wp-json\/wp\/v2\/posts\/160770","targetHints":{"allow":["GET"]}}],"collection":[{"href":"https:\/\/www.europesays.com\/fr\/wp-json\/wp\/v2\/posts"}],"about":[{"href":"https:\/\/www.europesays.com\/fr\/wp-json\/wp\/v2\/types\/post"}],"author":[{"embeddable":true,"href":"https:\/\/www.europesays.com\/fr\/wp-json\/wp\/v2\/users\/2"}],"replies":[{"embeddable":true,"href":"https:\/\/www.europesays.com\/fr\/wp-json\/wp\/v2\/comments?post=160770"}],"version-history":[{"count":0,"href":"https:\/\/www.europesays.com\/fr\/wp-json\/wp\/v2\/posts\/160770\/revisions"}],"wp:featuredmedia":[{"embeddable":true,"href":"https:\/\/www.europesays.com\/fr\/wp-json\/wp\/v2\/media\/160771"}],"wp:attachment":[{"href":"https:\/\/www.europesays.com\/fr\/wp-json\/wp\/v2\/media?parent=160770"}],"wp:term":[{"taxonomy":"category","embeddable":true,"href":"https:\/\/www.europesays.com\/fr\/wp-json\/wp\/v2\/categories?post=160770"},{"taxonomy":"post_tag","embeddable":true,"href":"https:\/\/www.europesays.com\/fr\/wp-json\/wp\/v2\/tags?post=160770"}],"curies":[{"name":"wp","href":"https:\/\/api.w.org\/{rel}","templated":true}]}}