{"id":160783,"date":"2025-06-08T11:34:28","date_gmt":"2025-06-08T11:34:28","guid":{"rendered":"https:\/\/www.europesays.com\/fr\/160783\/"},"modified":"2025-06-08T11:34:28","modified_gmt":"2025-06-08T11:34:28","slug":"troyes-au-bout-de-leffort-pour-une-premiere","status":"publish","type":"post","link":"https:\/\/www.europesays.com\/fr\/160783\/","title":{"rendered":"Troyes au bout de l\u2019effort pour une premi\u00e8re"},"content":{"rendered":"<p>                                                              <img data-twic-src=\"https:\/\/www.europesays.com\/fr\/wp-content\/uploads\/2025\/06\/3f99fd5d0212738329c5ac745dff06da.jpeg\" data-credit=\"Siane Gonnachon\/APL\/FFF\" title=\"Siane Gonnachon\/APL\/FFF\" alt=\"Troyes champion National U17 2025\" class=\"block\"\/>                                        <\/p>\n<p style=\"font-weight: bold\">Troyes a battu Strasbourg (1-1, 3 tab 4) en finale du National U17 2025, samedi 7 juin au Puy-en-Velay, s\u2019adjugeant son premier troph\u00e9e dans cette cat\u00e9gorie.<\/p>\n<p>La 33e finale du championnat National U17 a \u00e9t\u00e9 remport\u00e9e au bout du suspense par l&rsquo;ESTAC Troyes aux d\u00e9pens du RC Strasbourg Alsace (1-1, 3 tab 4), samedi 7 juin au stade Charles-Massot au Puy-en-Velay (Haute-Loire). Devant \u00e0 la mi-temps avant d\u2019\u00eatre rattrap\u00e9s dans les cinq derni\u00e8res minutes, les Troyens se sont notamment appuy\u00e9s sur les parades de leur gardien Fayyad Issilamou Hamza pour enlever le premier titre de leur histoire dans cette cat\u00e9gorie.<\/p>\n<blockquote class=\"twitter-tweet\">\n<p dir=\"ltr\" lang=\"fr\">\ud835\udc02\ud835\udc07\ud835\udc00\ud835\udc0c\ud835\udc0f\ud835\udc08\ud835\udc0e\ud835\udc0d\ud835\udc12 \ud835\udc03\ud835\udc04 \ud835\udc05\ud835\udc11\ud835\udc00\ud835\udc0d\ud835\udc02\ud835\udc04 \ud83d\udc99\ud83d\udc99\ud83d\udc99\ud83d\udc99\ud83d\udc99\ud83d\udc99\ud83d\udc99\ud83d\udc99\ud83d\udc99\ud83d\udc99\ud83d\udc99<a href=\"https:\/\/twitter.com\/hashtag\/RCSAESTAC?src=hash&amp;ref_src=twsrc%5Etfw\" target=\"_blank\" rel=\"noopener\">#RCSAESTAC<\/a> \ud83d\udd35\u26aa\ufe0f <a href=\"https:\/\/t.co\/DYhDnmCe2b\">pic.twitter.com\/DYhDnmCe2b<\/a><\/p>\n<p>\u2014 ESTAC Troyes (@estac_officiel) <a href=\"https:\/\/twitter.com\/estac_officiel\/status\/1931367847277576345?ref_src=twsrc%5Etfw\" target=\"_blank\" rel=\"noopener\">June 7, 2025<\/a><\/p><\/blockquote>\n<p>\u00a0<\/p>\n<p style=\"text-align: center;\"><a href=\"https:\/\/www.fff.fr\/competition\/engagement\/407710-championnat-national-u17\/phase\/1\/267-palmares-championnat-u17.html\" target=\"_blank\" rel=\"noopener\"><strong>Le palmar\u00e8s du National U17<\/strong><\/a><\/p>\n<p>LE MATCH<\/p>\n<p>La domination strasbourgeoise du d\u00e9but de rencontre, ponctu\u00e9e par une belle occasion de <a href=\"https:\/\/www.fff.fr\/equipe-nationale\/joueur\/11201-batola-christ\/fiche.html\" target=\"_blank\" rel=\"noopener\">Christ Batola<\/a> (7e), s\u2019est heurt\u00e9e au r\u00e9alisme troyen. Le premier tir cadr\u00e9 de l\u2019ESTAC a en effet \u00e9t\u00e9 le bon, une reprise de pr\u00e8s de Liam Bourlard d\u2019un centre de Guimba Babot (32e). Son premier corner a \u00e9t\u00e9 proche d\u2019aboutir \u00e0 son deuxi\u00e8me but, mais Idrissa Soukouna au second poteau a trop enlev\u00e9 sa balle (45e + 2).<\/p>\n<p>Les Alsaciens ont pouss\u00e9 en seconde p\u00e9riode mais les Aubois sont longtemps rest\u00e9s intraitables en d\u00e9fense et dangereux en contre. Namory Dosso Kon\u00e9, parti seul du milieu de terrain, a perdu son face \u00e0 face avec le gardien Tim\u00e9o Raffourt (79e), encore impeccable au ras de son poteau sur le troisi\u00e8me tir cadr\u00e9 des Troyens (80e). Deux entrants ont finalement permis \u00e0 Strasbourg d\u2019\u00e9galiser, une ouverture lumineuse d\u2019Anis Fiche trouvant Erwan Antonin seul \u00e0 dix m\u00e8tres pour conclure du droit (86e).<\/p>\n<p>Une double parade de Fayyad Issilamou Hamza a sauv\u00e9 les siens au bout du temps additionnel (90e + 5). Le gardien troyen va encore le h\u00e9ros de la s\u00e9ance des tirs au but, ouverte par un \u00e9chec de son capitaine Ilian Ounissi en envoyant sa frappe au-dessus. Mais Issilamou Hamza s\u2019est bien d\u00e9tendu pour sortir la tentative de Yannis Addich, avant de repousser celle d\u2019Antonin pour offrir le troph\u00e9e \u00e0 l\u2019ESTAC.<\/p>\n<p><img decoding=\"async\" title=\"Archives  FFF\" src=\"https:\/\/www.europesays.com\/fr\/wp-content\/uploads\/2025\/06\/2814d953c2f7f4236b7713f6a34d6adb.jpeg\" alt=\"\"\/>Fayyad Issilamou Hamza, le gardien troyen h\u00e9ros de cette finale (Photo Siane Gonnachon\/APL\/FFF).<\/p>\n<p>LES R\u00c9ACTIONS<\/p>\n<p><strong>Romain Lacombe, entra\u00eeneur de l\u2019ESTAC Troyes :<\/strong> \u00ab Un sc\u00e9nario r\u00eav\u00e9, je ne sais pas car au niveau des \u00e9motions, en tant que coach, on monte tr\u00e8s haut et on descend tr\u00e8s bas. Mais on aime le football pour avoir ces \u00e9motions-l\u00e0 et je f\u00e9licite les gar\u00e7ons car ils ont r\u00e9alis\u00e9 un super match collectivement. C\u2019est une \u00e9quipe qui a beaucoup de c\u0153ur, on l\u2019a vu contre Brest, l\u2019OM et encore aujourd\u2019hui. On travaille \u00e9norm\u00e9ment sur les plans tactiques et techniques pour que les gar\u00e7ons soient pr\u00eats \u00e0 r\u00e9pondre au projet de jeu impuls\u00e9 par \u00c9rick Mombaerts (directeur technique du club), tout un travail depuis deux ans qui paye aujourd\u2019hui. Strasbourg a effectu\u00e9 une saison magnifique, on s\u2019est \u00ab\u00a0tir\u00e9 la bourre\u00a0\u00bb tout au long de l\u2019ann\u00e9e et il m\u00e9rite sa premi\u00e8re place (de la saison r\u00e9guli\u00e8re) mais aujourd\u2019hui, on a gagn\u00e9 et on en est ravis \u00bb.<\/p>\n<p><strong>Guillaume Lacour, entra\u00eeneur du RC Strasbourg Alsace :<\/strong> \u00ab Les gar\u00e7ons ont jou\u00e9 un match \u00e0 la hauteur de ce qu\u2019ils ont r\u00e9alis\u00e9 durant la saison. Ils n\u2019ont rien l\u00e2ch\u00e9, ils se sont accroch\u00e9s et n\u2019ont pas \u00e9t\u00e9 loin de renverser le score. On \u00e9tait plut\u00f4t bien en premi\u00e8re p\u00e9riode mais on avait du mal dans les trente derniers m\u00e8tres. On a mis un peu plus de vitesse et de profondeur en seconde p\u00e9riode, ils ont essay\u00e9 de r\u00e9sister en voulant conserver leur avantage. Les gar\u00e7ons ont tout donn\u00e9 et peuvent \u00eatre fiers de leur match \u00bb.<\/p>\n<p>Au micro de YouTube FFF.<\/p>\n<p>REVOIR LA FINALE<\/p>\n<p>\u00a0<\/p>\n<p>Les r\u00e9sultats de la phase finale<\/p>\n<p class=\"light\"><a href=\"https:\/\/www.fff.fr\/article\/14735-le-dernier-carre-est-connu.html\" target=\"_blank\" rel=\"noopener\"><strong>Quarts de finale<\/strong><\/a><\/p>\n<p class=\"light\">Samedi 17 et dimanche 18 mai 2025<\/p>\n<ul>\n<li class=\"light\">AC Ajaccio &#8211; <strong>AS B\u00e9ziers<\/strong> 0-3<\/li>\n<li class=\"light\">Stade Brestois 29 &#8211; <strong>ESTAC Troye<\/strong>s 0-3<\/li>\n<li class=\"light\"><strong>Olympique de Marseille<\/strong> &#8211; SM Caen 0-0, 4 tab \u00e0 3<\/li>\n<li class=\"light\">AS Saint-\u00c9tienne &#8211; <strong>RC Strasbourg Alsace<\/strong> 3-4<\/li>\n<\/ul>\n<p class=\"light\"><a href=\"https:\/\/www.fff.fr\/article\/14834-troyes-et-strasbourg-en-finale.html\" target=\"_blank\" rel=\"noopener\"><strong>Demi-finales<\/strong><\/a><\/p>\n<p class=\"light\">Dimanche 1er juin 2025<\/p>\n<ul>\n<li class=\"light\">AS B\u00e9ziers &#8211; <strong>RC Strasbourg Alsace<\/strong> 1-2<\/li>\n<li class=\"light\"><strong>ESTAC Troyes<\/strong> &#8211; Olympique de Marseille 2-0<\/li>\n<\/ul>\n<p class=\"light\">Qualifi\u00e9s en gras.<\/p>\n<p class=\"light\"><strong><br \/>Finale<\/strong><\/p>\n<p class=\"light\">Samedi 7 juin 2025<\/p>\n<ul>\n<li class=\"light\">RC Strasbourg Alsace &#8211; ESTAC Troyes 1-1, 3 tab 4<\/li>\n<\/ul>\n<p><img decoding=\"async\" src=\"https:\/\/www.europesays.com\/fr\/wp-content\/uploads\/2025\/06\/aafafc5158e74e9baaa1ba2f2d622b8e.jpeg\" alt=\"\"\/>Le onze troyen au coup d\u2019envoi (photo Siane Gonnachon\/APL\/FFF).<\/p>\n<p>    <script async src=\"https:\/\/platform.twitter.com\/widgets.js\" charset=\"utf-8\"><\/script><\/p>\n","protected":false},"excerpt":{"rendered":"Troyes a battu Strasbourg (1-1, 3 tab 4) en finale du National U17 2025, samedi 7 juin au&hellip;\n","protected":false},"author":2,"featured_media":160784,"comment_status":"","ping_status":"","sticky":false,"template":"","format":"standard","meta":{"footnotes":""},"categories":[2820],"tags":[1111,11,1777,674,85,1011,27,775,12,25,640],"class_list":{"0":"post-160783","1":"post","2":"type-post","3":"status-publish","4":"format-standard","5":"has-post-thumbnail","7":"category-strasbourg","8":"tag-actu","9":"tag-actualites","10":"tag-eu","11":"tag-europe","12":"tag-fff","13":"tag-fr","14":"tag-france","15":"tag-grand-est","16":"tag-news","17":"tag-republique-francaise","18":"tag-strasbourg"},"share_on_mastodon":{"url":"https:\/\/pubeurope.com\/@fr\/114647535923227736","error":""},"_links":{"self":[{"href":"https:\/\/www.europesays.com\/fr\/wp-json\/wp\/v2\/posts\/160783","targetHints":{"allow":["GET"]}}],"collection":[{"href":"https:\/\/www.europesays.com\/fr\/wp-json\/wp\/v2\/posts"}],"about":[{"href":"https:\/\/www.europesays.com\/fr\/wp-json\/wp\/v2\/types\/post"}],"author":[{"embeddable":true,"href":"https:\/\/www.europesays.com\/fr\/wp-json\/wp\/v2\/users\/2"}],"replies":[{"embeddable":true,"href":"https:\/\/www.europesays.com\/fr\/wp-json\/wp\/v2\/comments?post=160783"}],"version-history":[{"count":0,"href":"https:\/\/www.europesays.com\/fr\/wp-json\/wp\/v2\/posts\/160783\/revisions"}],"wp:featuredmedia":[{"embeddable":true,"href":"https:\/\/www.europesays.com\/fr\/wp-json\/wp\/v2\/media\/160784"}],"wp:attachment":[{"href":"https:\/\/www.europesays.com\/fr\/wp-json\/wp\/v2\/media?parent=160783"}],"wp:term":[{"taxonomy":"category","embeddable":true,"href":"https:\/\/www.europesays.com\/fr\/wp-json\/wp\/v2\/categories?post=160783"},{"taxonomy":"post_tag","embeddable":true,"href":"https:\/\/www.europesays.com\/fr\/wp-json\/wp\/v2\/tags?post=160783"}],"curies":[{"name":"wp","href":"https:\/\/api.w.org\/{rel}","templated":true}]}}