{"id":160805,"date":"2025-06-08T11:45:10","date_gmt":"2025-06-08T11:45:10","guid":{"rendered":"https:\/\/www.europesays.com\/fr\/160805\/"},"modified":"2025-06-08T11:45:10","modified_gmt":"2025-06-08T11:45:10","slug":"les-exoplanetes-observables-nauront-bientot-plus-de-secret","status":"publish","type":"post","link":"https:\/\/www.europesays.com\/fr\/160805\/","title":{"rendered":"Les exoplan\u00e8tes observables n&rsquo;auront bient\u00f4t plus de secret"},"content":{"rendered":"\n<p>Nous entrons dans une nouvelle \u00e8re de la caract\u00e9risation des exoplan\u00e8tes\u00a0\u00bb, affirme Arthur Vigan, astrophysicien au Laboratoire d\u2019astrophysique de Marseille (LAM) qui participe depuis 2006 au d\u00e9veloppement d\u2019Hirise. Permettant d\u2019\u00e9tudier des exoplan\u00e8tes observables en imagerie directe, cet instrument install\u00e9 en 2023 sur un t\u00e9lescope de l\u2019Observatoire europ\u00e9en austral (au Chili) livre ses premiers r\u00e9sultats publi\u00e9s dans Astronomy &amp; Astrophysics : la caract\u00e9risation d\u2019AF Lep b, une exoplan\u00e8te semblable \u00e0 Jupiter. \u00ab\u00a0C\u2019est vraiment le premier gros r\u00e9sultat obtenu avec cet instrument\u00a0\u00bb, insiste le chercheur qui a supervis\u00e9 ce travail r\u00e9alis\u00e9 en grande partie par Allan Denis, doctorant au LAM. Pr\u00e9sence de m\u00e9thane dans l\u2019atmosph\u00e8re, vitesse de rotation sur elle-m\u00eame, vitesse de rotation autour de l\u2019\u00e9toile&#8230; \u00ab\u00a0Nous atteignons un niveau de d\u00e9tails inaccessible il y a une dizaine d\u2019ann\u00e9es\u00a0\u00bb, ajoute-t-il.<\/p>\n<p>D\u00e9couverte en 2023, AF Lep b est une des rares exoplan\u00e8tes qu\u2019il est possible de voir en imagerie directe. \u00ab\u00a0Nous en avons observ\u00e9es entre 20 et 30, pas plus\u00a0\u00bb, pr\u00e9cise Arthur Vigan. Pour les milliers d\u2019autres exoplan\u00e8tes recens\u00e9es \u00e0 ce jour, on sait qu\u2019elles sont l\u00e0, mais on ne les a jamais \u00ab\u00a0vues\u00a0\u00bb. Elles ont \u00e9t\u00e9 d\u00e9tect\u00e9es par des m\u00e9thodes indirectes \u2013 l\u2019oscillation de l\u2019\u00e9toile h\u00f4te sous l\u2019influence de la plan\u00e8te par exemple, ou la baisse de la luminosit\u00e9 de l\u2019\u00e9toile quand la plan\u00e8te passe devant. Pour \u00eatre vue directement, une exoplan\u00e8te doit \u00eatre suffisamment massive et \u00e9loign\u00e9e de son \u00e9toile qui ne doit pas \u00eatre trop lumineuse.<\/p>\n<p>Objectif exo-Terre<\/p>\n<p>Pour \u00e9tudier ce petit groupe de plan\u00e8tes, Hirise est compos\u00e9 de deux instruments : Sphere et Crires+. Le premier est un imageur qui permet d\u2019observer l\u2019exoplan\u00e8te en cachant la lumi\u00e8re aveuglante de l\u2019\u00e9toile et en corrigeant l\u2019effet des turbulences de l\u2019atmosph\u00e8re terrestre. Ce signal \u00ab\u00a0propre\u00a0\u00bb de l\u2019exoplan\u00e8te est ensuite envoy\u00e9 dans le second instrument \u2013\u00a0un spectroscope \u00e0 haute r\u00e9solution\u00a0\u2013 qui d\u00e9compose la lumi\u00e8re dans ses diff\u00e9rentes longueurs d\u2019onde et permet d\u2019en d\u00e9duire des informations.<\/p>\n<p>En caract\u00e9risant ces exoplan\u00e8tes g\u00e9antes et gazeuses similaires \u00e0 Jupiter, les scientifiques cherchent \u00e0 comprendre comment elles se sont form\u00e9es. \u00ab\u00a0Car elles ont un r\u00f4le dans la formation des plan\u00e8tes plus petites, souligne Arthur Vigan. Cela nous donnera des indications sur les syst\u00e8mes \u00e0 cibler lorsque nous voudrons d\u00e9tecter en imagerie directe des plan\u00e8tes qui pourraient ressembler \u00e0 la Terre\u00a0\u00bb. Gr\u00e2ce \u00e0 l\u2019Extremely Large Telescope et son miroir de 40 m\u00e8tres en cours de construction en Chili\u00a0? \u00ab\u00a0Peut-\u00eatre, mais cela restera difficile\u00a0\u00bb, conc\u00e8de le chercheur pour qui il faudra plut\u00f4t attendre des missions spatiales comme le lancement du successeur du t\u00e9lescope spatial James Webb (JWST), pr\u00e9vu \u00e0 horizon 2040. \u00ab\u00a0Il est en cours de d\u00e9finition. Cela va arriver vite \u00bb, s\u2019enthousiasme-t-il.<\/p>\n","protected":false},"excerpt":{"rendered":"Nous entrons dans une nouvelle \u00e8re de la caract\u00e9risation des exoplan\u00e8tes\u00a0\u00bb, affirme Arthur Vigan, astrophysicien au Laboratoire d\u2019astrophysique&hellip;\n","protected":false},"author":2,"featured_media":160806,"comment_status":"","ping_status":"","sticky":false,"template":"","format":"standard","meta":{"footnotes":""},"categories":[2814],"tags":[1111,11,1777,674,1011,27,884,12,6579,882,25],"class_list":{"0":"post-160805","1":"post","2":"type-post","3":"status-publish","4":"format-standard","5":"has-post-thumbnail","7":"category-marseille","8":"tag-actu","9":"tag-actualites","10":"tag-eu","11":"tag-europe","12":"tag-fr","13":"tag-france","14":"tag-marseille","15":"tag-news","16":"tag-plastique","17":"tag-provence-alpes-cote-dazur","18":"tag-republique-francaise"},"share_on_mastodon":{"url":"https:\/\/pubeurope.com\/@fr\/114647578897912957","error":""},"_links":{"self":[{"href":"https:\/\/www.europesays.com\/fr\/wp-json\/wp\/v2\/posts\/160805","targetHints":{"allow":["GET"]}}],"collection":[{"href":"https:\/\/www.europesays.com\/fr\/wp-json\/wp\/v2\/posts"}],"about":[{"href":"https:\/\/www.europesays.com\/fr\/wp-json\/wp\/v2\/types\/post"}],"author":[{"embeddable":true,"href":"https:\/\/www.europesays.com\/fr\/wp-json\/wp\/v2\/users\/2"}],"replies":[{"embeddable":true,"href":"https:\/\/www.europesays.com\/fr\/wp-json\/wp\/v2\/comments?post=160805"}],"version-history":[{"count":0,"href":"https:\/\/www.europesays.com\/fr\/wp-json\/wp\/v2\/posts\/160805\/revisions"}],"wp:featuredmedia":[{"embeddable":true,"href":"https:\/\/www.europesays.com\/fr\/wp-json\/wp\/v2\/media\/160806"}],"wp:attachment":[{"href":"https:\/\/www.europesays.com\/fr\/wp-json\/wp\/v2\/media?parent=160805"}],"wp:term":[{"taxonomy":"category","embeddable":true,"href":"https:\/\/www.europesays.com\/fr\/wp-json\/wp\/v2\/categories?post=160805"},{"taxonomy":"post_tag","embeddable":true,"href":"https:\/\/www.europesays.com\/fr\/wp-json\/wp\/v2\/tags?post=160805"}],"curies":[{"name":"wp","href":"https:\/\/api.w.org\/{rel}","templated":true}]}}