{"id":160807,"date":"2025-06-08T11:46:13","date_gmt":"2025-06-08T11:46:13","guid":{"rendered":"https:\/\/www.europesays.com\/fr\/160807\/"},"modified":"2025-06-08T11:46:13","modified_gmt":"2025-06-08T11:46:13","slug":"marche-blanche-a-marseille-en-hommage-a-hichem-miraoui-tue-parce-quetranger","status":"publish","type":"post","link":"https:\/\/www.europesays.com\/fr\/160807\/","title":{"rendered":"Marche blanche \u00e0 Marseille en hommage \u00e0 Hichem Miraoui, tu\u00e9 parce qu&rsquo;\u00e9tranger"},"content":{"rendered":"<p>Des proches de la victime, tout comme l&rsquo;un de ses voisins, de nationalit\u00e9 turque, bless\u00e9 par balles par l&rsquo;assaillant \u00e0 Puget-sur-Argens (Var) et qui portait un bandage \u00e0 la main droite, ont d\u00e9fil\u00e9 derri\u00e8re une banderole \u00ab\u00a0le racisme a de nouveau tu\u00e9. Justice pour Hichem\u00a0\u00bb.<\/p>\n<p>Apr\u00e8s une minute de silence, les participants \u00e0 la marche ont observ\u00e9 une minute de silence avant de scander: \u00ab\u00a0Justice pour Hichem!\u00a0\u00bb.<\/p>\n<p>\u00ab\u00a0C&rsquo;est ignoble ce qu&rsquo;ils ont fait, ce qu&rsquo;il a commis. On demande justice\u00a0\u00bb, a expliqu\u00e9, Mouna Miraoui, cousine de la victime, retenant difficilement ses larmes.<\/p>\n<p>\u00ab\u00a0Ce n&rsquo;est pas parce qu&rsquo;on n&rsquo;a pas la m\u00eame nationalit\u00e9 ou la m\u00eame religion qu&rsquo;on doit d\u00e9tester quelqu&rsquo;un ou se permettre de le tuer. C&rsquo;est un \u00eatre humain qu&rsquo;on a tu\u00e9. Qui \u00e9tait en plus tr\u00e8s bien int\u00e9gr\u00e9 l\u00e0-bas\u00a0\u00bb, a-t-elle poursuivi.<\/p>\n<p>\u00ab\u00a0Il \u00e9tait g\u00e9n\u00e9reux, il aidait tout le monde, il avait la joie de vivre. Le soir du crime, il \u00e9tait avec sa m\u00e8re au t\u00e9l\u00e9phone. Ses derniers mots, c&rsquo;\u00e9tait +a\u00efe+\u00a0\u00bb, a-t-elle d\u00e9plor\u00e9.<\/p>\n<p>L&rsquo;avocat de la famille d&rsquo;Hichem Miraoui, Sefen Guez Guez, a expliqu\u00e9 que cette marche \u00e9tait \u00ab\u00a0un appel au sursaut r\u00e9publicain, un appel au sursaut pour tous\u00a0\u00bb.<\/p>\n<p>\u00ab\u00a0Nous m\u00e8nerons le combat jusqu&rsquo;au bout pour que toutes les responsabilit\u00e9s soient tir\u00e9es, jusqu&rsquo;au plus haut sommet de l&rsquo;Etat, parce que ce racisme d&rsquo;atmosph\u00e8re, ce qui a vis\u00e9 Hichem, c&rsquo;est un racisme, c&rsquo;est une islamophobie, c&rsquo;est une x\u00e9nophobie\u00a0\u00bb, a-t-il d\u00e9nonc\u00e9.<\/p>\n<p>Selon lui, \u00ab\u00a0le meurtrier s&rsquo;est n\u00e9cessairement nourri des discours des politiques: lorsqu&rsquo;on dit +\u00e0 bas le voile+, on dit +abattre+. Lorsqu&rsquo;on parle de submersion migratoire, on d\u00e9signe l&rsquo;\u00e9tranger comme un ennemi. Lorsqu&rsquo;on parle d&rsquo;ensauvagement, on place l&rsquo;\u00e9tranger comme n&rsquo;\u00e9tant pas l&rsquo;\u00e9gal du Fran\u00e7ais\u00a0\u00bb.<\/p>\n<p>Cette marche blanche, \u00e0 laquelle ont particip\u00e9 plusieurs d\u00e9put\u00e9s LFI de la r\u00e9gion tels Manuel Bompard, S\u00e9bastien Delogu ou Rapha\u00ebl Arnault, se voulait non-politique. Une autre marche est pr\u00e9vue dans l&rsquo;apr\u00e8s-midi \u00e0 Puget-sur-Argens.<\/p>\n<p>Le 31 mai, vers 22H00, le suspect de nationalit\u00e9 fran\u00e7aise, Christophe B., 53 ans, a, selon le parquet antiterroriste (Pnat), \u00ab\u00a0tir\u00e9 \u00e0 plusieurs reprises\u00a0\u00bb sur son voisin, Hichem Miraoui, depuis sa voiture. Il avait publi\u00e9 avant et apr\u00e8s son acte plusieurs vid\u00e9os sur Facebook \u00e0 caract\u00e8re raciste.<\/p>\n<p>Incarc\u00e9r\u00e9, il a reconnu son crime tout en contestant son caract\u00e8re raciste et a \u00e9t\u00e9 mis en examen jeudi pour assassinat terroriste en raison de l&rsquo;origine.<\/p>\n","protected":false},"excerpt":{"rendered":"Des proches de la victime, tout comme l&rsquo;un de ses voisins, de nationalit\u00e9 turque, bless\u00e9 par balles par&hellip;\n","protected":false},"author":2,"featured_media":160808,"comment_status":"","ping_status":"","sticky":false,"template":"","format":"standard","meta":{"footnotes":""},"categories":[2814],"tags":[17,1111,11,8386,1777,674,1011,27,329,29246,4879,2089,884,29247,12,882,25,5911],"class_list":{"0":"post-160807","1":"post","2":"type-post","3":"status-publish","4":"format-standard","5":"has-post-thumbnail","7":"category-marseille","8":"tag-17","9":"tag-actu","10":"tag-actualites","11":"tag-blanche","12":"tag-eu","13":"tag-europe","14":"tag-fr","15":"tag-france","16":"tag-france-monde","17":"tag-hichem","18":"tag-hommage","19":"tag-marche","20":"tag-marseille","21":"tag-miraoui","22":"tag-news","23":"tag-provence-alpes-cote-dazur","24":"tag-republique-francaise","25":"tag-tue"},"share_on_mastodon":{"url":"https:\/\/pubeurope.com\/@fr\/114647582911412593","error":""},"_links":{"self":[{"href":"https:\/\/www.europesays.com\/fr\/wp-json\/wp\/v2\/posts\/160807","targetHints":{"allow":["GET"]}}],"collection":[{"href":"https:\/\/www.europesays.com\/fr\/wp-json\/wp\/v2\/posts"}],"about":[{"href":"https:\/\/www.europesays.com\/fr\/wp-json\/wp\/v2\/types\/post"}],"author":[{"embeddable":true,"href":"https:\/\/www.europesays.com\/fr\/wp-json\/wp\/v2\/users\/2"}],"replies":[{"embeddable":true,"href":"https:\/\/www.europesays.com\/fr\/wp-json\/wp\/v2\/comments?post=160807"}],"version-history":[{"count":0,"href":"https:\/\/www.europesays.com\/fr\/wp-json\/wp\/v2\/posts\/160807\/revisions"}],"wp:featuredmedia":[{"embeddable":true,"href":"https:\/\/www.europesays.com\/fr\/wp-json\/wp\/v2\/media\/160808"}],"wp:attachment":[{"href":"https:\/\/www.europesays.com\/fr\/wp-json\/wp\/v2\/media?parent=160807"}],"wp:term":[{"taxonomy":"category","embeddable":true,"href":"https:\/\/www.europesays.com\/fr\/wp-json\/wp\/v2\/categories?post=160807"},{"taxonomy":"post_tag","embeddable":true,"href":"https:\/\/www.europesays.com\/fr\/wp-json\/wp\/v2\/tags?post=160807"}],"curies":[{"name":"wp","href":"https:\/\/api.w.org\/{rel}","templated":true}]}}