{"id":160813,"date":"2025-06-08T11:50:10","date_gmt":"2025-06-08T11:50:10","guid":{"rendered":"https:\/\/www.europesays.com\/fr\/160813\/"},"modified":"2025-06-08T11:50:10","modified_gmt":"2025-06-08T11:50:10","slug":"un-changement-spectaculaire-de-la-meteo-les-temperatures-vont-grimper-en-fleche-a-paris-et-en-ile-de-france","status":"publish","type":"post","link":"https:\/\/www.europesays.com\/fr\/160813\/","title":{"rendered":"Un changement spectaculaire de la m\u00e9t\u00e9o, les temp\u00e9ratures vont grimper en fl\u00e8che \u00e0 Paris et en \u00cele-de-France"},"content":{"rendered":"<p>            Par<br \/>\n        <strong><br \/>\n            <a href=\"https:\/\/actu.fr\/auteur\/redaction-paris\" title=\"Consulter tous les articles de R\u00e9daction Paris\" target=\"_blank\" rel=\"noopener\">R\u00e9daction Paris<\/a><br \/>\n        <\/strong><\/p>\n<p>        Publi\u00e9 le<\/p>\n<p>            8 juin 2025 \u00e0 13h02        <\/p>\n<p>Les 20\u00b0C annonc\u00e9s ce dimanche 8 juin \u00e0 Paris, soit 4 degr\u00e9s de moins que les normales de saison, seront bient\u00f4t de l\u2019histoire ancienne. <a href=\"https:\/\/actu.fr\/tag\/meteo-france\" target=\"_blank\" rel=\"noopener\">M\u00e9t\u00e9o-France<\/a> annonce une <strong>hausse spectaculaire des temp\u00e9ratures<\/strong> qui pourraient \u00e0 certains endroits atteindre les <a href=\"https:\/\/actu.fr\/meteo\/des-pics-a-35-c-de-fortes-chaleurs-en-france-la-semaine-prochaine-les-temperatures-vont-s-envoler_62727715.html\" target=\"_blank\" rel=\"noopener\"><strong>35\u00b0C<\/strong><\/a>.<\/p>\n<p>Les pr\u00e9visions de M\u00e9t\u00e9o-France en \u00cele-de-France<\/p>\n<p class=\" wall-content\">Il est encore un peu t\u00f4t pour des pr\u00e9visions ultra pr\u00e9cises mais la tendance <a href=\"https:\/\/actu.fr\/paris\/meteo\" target=\"_blank\" rel=\"noopener\">m\u00e9t\u00e9o<\/a> se dessine tout de m\u00eame. Pour le lundi de Pentec\u00f4te, un temps sec et ensoleill\u00e9 se g\u00e9n\u00e9ralise sur toute la France.\u00a0 Les temp\u00e9ratures remontent d\u00e9j\u00e0 d\u2019un cran. Le Sud-Ouest renoue avec les 25 \u00b0C. Ce sera le cas \u00e0 certains endroits de l\u2019\u00cele-de-France comme dans le sud Seine-et-Marne.\u00a0<\/p>\n<p class=\" wall-content\">Puis, au cours de la semaine, sous un ciel globalement ensoleill\u00e9, la chaleur va s\u2019accentuer jusqu\u2019\u00e0 atteindre son paroxysme entre mercredi et jeudi avec des maximales sup\u00e9rieures \u00e0 30 \u00b0C au sud. Ces\u00a0fortes chaleurs\u00a0pourraient m\u00eame se propager jusqu\u2019aux r\u00e9gions plus au nord.<\/p>\n<p class=\" wall-content\">A ce jour, les cartes de M\u00e9t\u00e9o-France, indiquent que l\u2019on devrait se rapprocher des 30\u00b0c en \u00cele-de-France mercredi. Jeudi, les 30\u00b0C devraient \u00eatre atteints pratiquement partout dans la r\u00e9gion et m\u00eame d\u00e9passer le lendemain. M\u00e9t\u00e9o-France annonce jusqu\u2019\u00e0 35\u00b0C \u00e0 Paris et en petite couronne, soit 15 degr\u00e9s de plus que ce dimanche !<\/p>\n<p>    <img   decoding=\"async\" loading=\"lazy\" src=\"https:\/\/www.europesays.com\/fr\/wp-content\/uploads\/2025\/06\/image1-3-960x640.png\" alt=\"Chaleur et orages sont au programme vendredi prochain en \u00cele-de-France\" width=\"960\" height=\"640\"\/><br \/>\n    Chaleur et orages sont au programme vendredi prochain en \u00cele-de-France (\u00a9M\u00e9t\u00e9o France)Vid\u00e9os : en ce moment sur Actu<\/p>\n<p class=\" wall-content\">Autre \u00e9l\u00e9ment \u00e0 retenir : de jeudi \u00e0 vendredi, une d\u00e9gradation orageuse devrait circuler sur le pays, depuis le sud-ouest vers le nord-est, puis en fin de semaine, une seconde d\u00e9gradation orageuse provenant de l\u2019Atlantique est possible et sera \u00e0 surveiller. L\u2019\u00cele-de-France pourrait \u00eatre \u00e9galement concern\u00e9e.\u00a0<\/p>\n<p class=\" wall-content\">Suivez toute l\u2019actualit\u00e9 de vos villes et m\u00e9dias favoris en vous inscrivant \u00e0 <a href=\"https:\/\/moncompte.actu.fr\" title=\"D\u00e9couvez Mon Actu\" rel=\"nofollow noopener\" data-trk=\"{&quot;cta&quot;:{&quot;action&quot;:&quot;https:\\\/\\\/moncompte.actu.fr&quot;,&quot;category&quot;:&quot;mon compte&quot;,&quot;from&quot;:&quot;article footer&quot;,&quot;name&quot;:&quot;Mon actu&quot;,&quot;type&quot;:&quot;cta&quot;}}\" target=\"_blank\">Mon Actu<\/a>.<\/p>\n","protected":false},"excerpt":{"rendered":"Par R\u00e9daction Paris Publi\u00e9 le 8 juin 2025 \u00e0 13h02 Les 20\u00b0C annonc\u00e9s ce dimanche 8 juin \u00e0&hellip;\n","protected":false},"author":2,"featured_media":160814,"comment_status":"","ping_status":"","sticky":false,"template":"","format":"standard","meta":{"footnotes":""},"categories":[1592],"tags":[1111,11,1777,674,1011,27,662,2487,2357,12,4594,626,25],"class_list":{"0":"post-160813","1":"post","2":"type-post","3":"status-publish","4":"format-standard","5":"has-post-thumbnail","7":"category-ile-de-france","8":"tag-actu","9":"tag-actualites","10":"tag-eu","11":"tag-europe","12":"tag-fr","13":"tag-france","14":"tag-ile-de-france","15":"tag-meteo","16":"tag-meteo-france","17":"tag-news","18":"tag-orages","19":"tag-paris","20":"tag-republique-francaise"},"share_on_mastodon":{"url":"https:\/\/pubeurope.com\/@fr\/114647598621748740","error":""},"_links":{"self":[{"href":"https:\/\/www.europesays.com\/fr\/wp-json\/wp\/v2\/posts\/160813","targetHints":{"allow":["GET"]}}],"collection":[{"href":"https:\/\/www.europesays.com\/fr\/wp-json\/wp\/v2\/posts"}],"about":[{"href":"https:\/\/www.europesays.com\/fr\/wp-json\/wp\/v2\/types\/post"}],"author":[{"embeddable":true,"href":"https:\/\/www.europesays.com\/fr\/wp-json\/wp\/v2\/users\/2"}],"replies":[{"embeddable":true,"href":"https:\/\/www.europesays.com\/fr\/wp-json\/wp\/v2\/comments?post=160813"}],"version-history":[{"count":0,"href":"https:\/\/www.europesays.com\/fr\/wp-json\/wp\/v2\/posts\/160813\/revisions"}],"wp:featuredmedia":[{"embeddable":true,"href":"https:\/\/www.europesays.com\/fr\/wp-json\/wp\/v2\/media\/160814"}],"wp:attachment":[{"href":"https:\/\/www.europesays.com\/fr\/wp-json\/wp\/v2\/media?parent=160813"}],"wp:term":[{"taxonomy":"category","embeddable":true,"href":"https:\/\/www.europesays.com\/fr\/wp-json\/wp\/v2\/categories?post=160813"},{"taxonomy":"post_tag","embeddable":true,"href":"https:\/\/www.europesays.com\/fr\/wp-json\/wp\/v2\/tags?post=160813"}],"curies":[{"name":"wp","href":"https:\/\/api.w.org\/{rel}","templated":true}]}}