{"id":160817,"date":"2025-06-08T11:52:13","date_gmt":"2025-06-08T11:52:13","guid":{"rendered":"https:\/\/www.europesays.com\/fr\/160817\/"},"modified":"2025-06-08T11:52:13","modified_gmt":"2025-06-08T11:52:13","slug":"sous-les-paves-les-bunkers-a-paris-que-faire-des-250-blockhaus-a-labandon","status":"publish","type":"post","link":"https:\/\/www.europesays.com\/fr\/160817\/","title":{"rendered":"Sous les pav\u00e9s, les bunkers\u00a0: \u00e0 Paris, que faire des 250 blockhaus \u00e0 l\u2019abandon\u00a0?"},"content":{"rendered":"<p class=\"paragraph text_align_left\">C\u2019est l\u2019un des secrets les mieux gard\u00e9s de <a href=\"https:\/\/www.leparisien.fr\/paris-75\/mesquinerie-ou-usage-a-lhotel-de-ville-de-paris-devenu-minoritaire-le-groupe-de-rachida-dati-prie-de-demenager-01-10-2024-KTMIDIAEJFHETEPGGYXBOSZZOU.php\" target=\"_blank\" rel=\"noreferrer nofollow noopener\">l\u2019H\u00f4tel de Ville de Paris<\/a> (IVe). Les habitu\u00e9s des lieux connaissent tous son existence, sans pour autant trop savoir quelle est la part de fantasme et de r\u00e9alit\u00e9 \u00e0 son sujet. \u00ab Tout le monde en parle, mais personne ne l\u2019a jamais vu \u00bb, dit en souriant le conseiller d\u2019un adjoint parisien.<\/p>\n<p class=\"paragraph text_align_left\">L\u2019objet de tous ces myst\u00e8res ? Le bunker de la mairie centrale, construit sous ses entrailles \u00e0 partir de 1937. Pour parvenir jusqu\u2019\u00e0 sa lourde porte blind\u00e9e blanche, il faut emprunter le petit passage qui relie des deux ailes de l\u2019H\u00f4tel de Ville, s\u2019engouffrer dans un \u00e9troit couloir puis descendre au \u2014 1 avec un ascenseur de service.<\/p>\n","protected":false},"excerpt":{"rendered":"C\u2019est l\u2019un des secrets les mieux gard\u00e9s de l\u2019H\u00f4tel de Ville de Paris (IVe). Les habitu\u00e9s des lieux&hellip;\n","protected":false},"author":2,"featured_media":160818,"comment_status":"","ping_status":"","sticky":false,"template":"","format":"standard","meta":{"footnotes":""},"categories":[1888],"tags":[1111,1928,11,1927,1777,674,1011,27,1944,12,1926,626,1925,25],"class_list":{"0":"post-160817","1":"post","2":"type-post","3":"status-publish","4":"format-standard","5":"has-post-thumbnail","7":"category-paris","8":"tag-actu","9":"tag-actu-paris","10":"tag-actualites","11":"tag-actualites-paris","12":"tag-eu","13":"tag-europe","14":"tag-fr","15":"tag-france","16":"tag-ma-ville","17":"tag-news","18":"tag-news-paris","19":"tag-paris","20":"tag-paris-news","21":"tag-republique-francaise"},"share_on_mastodon":{"url":"https:\/\/pubeurope.com\/@fr\/114647606439818913","error":""},"_links":{"self":[{"href":"https:\/\/www.europesays.com\/fr\/wp-json\/wp\/v2\/posts\/160817","targetHints":{"allow":["GET"]}}],"collection":[{"href":"https:\/\/www.europesays.com\/fr\/wp-json\/wp\/v2\/posts"}],"about":[{"href":"https:\/\/www.europesays.com\/fr\/wp-json\/wp\/v2\/types\/post"}],"author":[{"embeddable":true,"href":"https:\/\/www.europesays.com\/fr\/wp-json\/wp\/v2\/users\/2"}],"replies":[{"embeddable":true,"href":"https:\/\/www.europesays.com\/fr\/wp-json\/wp\/v2\/comments?post=160817"}],"version-history":[{"count":0,"href":"https:\/\/www.europesays.com\/fr\/wp-json\/wp\/v2\/posts\/160817\/revisions"}],"wp:featuredmedia":[{"embeddable":true,"href":"https:\/\/www.europesays.com\/fr\/wp-json\/wp\/v2\/media\/160818"}],"wp:attachment":[{"href":"https:\/\/www.europesays.com\/fr\/wp-json\/wp\/v2\/media?parent=160817"}],"wp:term":[{"taxonomy":"category","embeddable":true,"href":"https:\/\/www.europesays.com\/fr\/wp-json\/wp\/v2\/categories?post=160817"},{"taxonomy":"post_tag","embeddable":true,"href":"https:\/\/www.europesays.com\/fr\/wp-json\/wp\/v2\/tags?post=160817"}],"curies":[{"name":"wp","href":"https:\/\/api.w.org\/{rel}","templated":true}]}}