{"id":160822,"date":"2025-06-08T11:55:10","date_gmt":"2025-06-08T11:55:10","guid":{"rendered":"https:\/\/www.europesays.com\/fr\/160822\/"},"modified":"2025-06-08T11:55:10","modified_gmt":"2025-06-08T11:55:10","slug":"guerre-en-ukraine-incendie-dans-une-usine-chimique-apres-une-attaque-de-drone","status":"publish","type":"post","link":"https:\/\/www.europesays.com\/fr\/160822\/","title":{"rendered":"Guerre en Ukraine : incendie dans une usine chimique apr\u00e8s une attaque de drone"},"content":{"rendered":"<p class=\"ap-StoryElement ap-StoryElement--mb ap-StoryText\">\u00ab\u00a0La chute d&rsquo;un drone a d\u00e9clench\u00e9 un incendie dans (l&rsquo;usine d&rsquo;azote et d&rsquo;ammoniac, NDLR) Azot. Le feu a \u00e9t\u00e9 \u00e9teint\u00a0\u00bb, a \u00e9crit l&rsquo;\u00e9lu. Deux personnes ont \u00e9t\u00e9 bless\u00e9es mais leurs vies ne sont pas en danger, a-t-il pr\u00e9cis\u00e9.<\/p>\n<p class=\"ap-StoryElement ap-StoryElement--mb ap-StoryText\">D&rsquo;apr\u00e8s le gouverneur, des organismes environnementaux locaux et l&rsquo;Agence russe de surveillance sanitaire (Rospotrebnadzor) se sont rendus sur place pour d\u00e9terminer si des d\u00e9g\u00e2ts ont \u00e9t\u00e9 inflig\u00e9s \u00e0 l&rsquo;environnement mais les niveaux de pollution d\u00e9tect\u00e9s restent sous les normes prescrites.<\/p>\n","protected":false},"excerpt":{"rendered":"\u00ab\u00a0La chute d&rsquo;un drone a d\u00e9clench\u00e9 un incendie dans (l&rsquo;usine d&rsquo;azote et d&rsquo;ammoniac, NDLR) Azot. Le feu a&hellip;\n","protected":false},"author":2,"featured_media":160823,"comment_status":"","ping_status":"","sticky":false,"template":"","format":"standard","meta":{"footnotes":""},"categories":[1591],"tags":[11,296,10531,436,1887,1146,12,1885,1886,132,220],"class_list":{"0":"post-160822","1":"post","2":"type-post","3":"status-publish","4":"format-standard","5":"has-post-thumbnail","7":"category-russie","8":"tag-actualites","9":"tag-aeronautique","10":"tag-chimie","11":"tag-environnement","12":"tag-federation-de-russie","13":"tag-guerre","14":"tag-news","15":"tag-russia","16":"tag-russian-federation","17":"tag-russie","18":"tag-ukraine"},"share_on_mastodon":{"url":"https:\/\/pubeurope.com\/@fr\/114647618378781248","error":""},"_links":{"self":[{"href":"https:\/\/www.europesays.com\/fr\/wp-json\/wp\/v2\/posts\/160822","targetHints":{"allow":["GET"]}}],"collection":[{"href":"https:\/\/www.europesays.com\/fr\/wp-json\/wp\/v2\/posts"}],"about":[{"href":"https:\/\/www.europesays.com\/fr\/wp-json\/wp\/v2\/types\/post"}],"author":[{"embeddable":true,"href":"https:\/\/www.europesays.com\/fr\/wp-json\/wp\/v2\/users\/2"}],"replies":[{"embeddable":true,"href":"https:\/\/www.europesays.com\/fr\/wp-json\/wp\/v2\/comments?post=160822"}],"version-history":[{"count":0,"href":"https:\/\/www.europesays.com\/fr\/wp-json\/wp\/v2\/posts\/160822\/revisions"}],"wp:featuredmedia":[{"embeddable":true,"href":"https:\/\/www.europesays.com\/fr\/wp-json\/wp\/v2\/media\/160823"}],"wp:attachment":[{"href":"https:\/\/www.europesays.com\/fr\/wp-json\/wp\/v2\/media?parent=160822"}],"wp:term":[{"taxonomy":"category","embeddable":true,"href":"https:\/\/www.europesays.com\/fr\/wp-json\/wp\/v2\/categories?post=160822"},{"taxonomy":"post_tag","embeddable":true,"href":"https:\/\/www.europesays.com\/fr\/wp-json\/wp\/v2\/tags?post=160822"}],"curies":[{"name":"wp","href":"https:\/\/api.w.org\/{rel}","templated":true}]}}