{"id":160832,"date":"2025-06-08T11:59:09","date_gmt":"2025-06-08T11:59:09","guid":{"rendered":"https:\/\/www.europesays.com\/fr\/160832\/"},"modified":"2025-06-08T11:59:09","modified_gmt":"2025-06-08T11:59:09","slug":"allemagne-france-la-composition-officielle-des-bleus-avec-bade-et-cherki-titulaires","status":"publish","type":"post","link":"https:\/\/www.europesays.com\/fr\/160832\/","title":{"rendered":"Allemagne-France\u00a0: la composition officielle des Bleus avec Bad\u00e9 et Cherki titulaires"},"content":{"rendered":"<p class=\"paragraph text_align_left\">En conf\u00e9rence de presse d\u2019avant-match, Didier Deschamps avait reconnu qu\u2019il ferait plusieurs changements pour la petite finale contre l\u2019Allemagne ce dimanche (15 heures). Priv\u00e9 de Barcola, Demb\u00e9l\u00e9 et Lenglet, tous forfaits (et rentr\u00e9s), le s\u00e9lectionneur de l\u2019\u00e9quipe de France va tr\u00e8s largement modifier son \u00e9quipe en ne conservant que trois des onze titulaires contre l\u2019Espagne.<\/p>\n<p class=\"paragraph text_align_left\">Le capitaine Kylian Mbapp\u00e9 est le seul rescap\u00e9 devant. Il sera entour\u00e9 de Randal Kolo Muani, Marcus Thuram et Rayan Cherki qui occupera le poste de meneur de jeu. L\u2019ancien Lyonnais, \u00e9tincelant lors de son entr\u00e9e en jeu jeudi soir, conna\u00eet ainsi sa premi\u00e8re titularisation avec les Bleus.<\/p>\n<p class=\"paragraph text_align_left\">Dans l\u2019entrejeu, Aur\u00e9lien Tchouam\u00e9ni fait son retour, associ\u00e9 \u00e0 Adrien Rabiot. Comme annonc\u00e9 un peu plus t\u00f4t dans la journ\u00e9e, <a href=\"https:\/\/www.leparisien.fr\/sports\/football\/equipe-de-france\/allemagne-france-le-defenseur-loic-bade-titulaire-pour-sa-premiere-selection-08-06-2025-7V7CLUN5IVGGHHEQR7JZAYTNSU.php\" target=\"_self\" rel=\"noopener\">Lo\u00efc Bad\u00e9 est bien titulaire<\/a> pour sa premi\u00e8re s\u00e9lection. De droite \u00e0 gauche en d\u00e9fense, on retrouvera Malo Gusto, Lo\u00efc Bad\u00e9, Lucas Hernandez et Lucas Digne. Enfin, alors qu\u2019il aurait pu pr\u00e9tendre \u00e0 d\u00e9buter, le gardien lillois Lucas Chevalier est rempla\u00e7ant. Le staff tricolore a pr\u00e9f\u00e9r\u00e9 maintenir Mike Maignan dans la cage.<\/p>\n<p class=\"paragraph text_align_left\"><b>La compo des Bleus :<\/b> Maignan &#8211; Gusto, Bad\u00e9, L. Hernandez, Digne &#8211; Tchouam\u00e9ni, Rabiot &#8211; Kolo Muani, Cherki, Thuram &#8211; Mbapp\u00e9 (cap.)<\/p>\n","protected":false},"excerpt":{"rendered":"En conf\u00e9rence de presse d\u2019avant-match, Didier Deschamps avait reconnu qu\u2019il ferait plusieurs changements pour la petite finale contre&hellip;\n","protected":false},"author":2,"featured_media":160833,"comment_status":"","ping_status":"","sticky":false,"template":"","format":"standard","meta":{"footnotes":""},"categories":[1587],"tags":[11,672,1804,1805,1803,27345,1777,674,63,1801,12,1802,60],"class_list":{"0":"post-160832","1":"post","2":"type-post","3":"status-publish","4":"format-standard","5":"has-post-thumbnail","7":"category-allemagne","8":"tag-actualites","9":"tag-allemagne","10":"tag-bundesrepublik-deutschland","11":"tag-de","12":"tag-deutschland","13":"tag-equipe_france_foot","14":"tag-eu","15":"tag-europe","16":"tag-football","17":"tag-germany","18":"tag-news","19":"tag-republique-federale-dallemagne","20":"tag-sports"},"share_on_mastodon":{"url":"https:\/\/pubeurope.com\/@fr\/114647633941750278","error":""},"_links":{"self":[{"href":"https:\/\/www.europesays.com\/fr\/wp-json\/wp\/v2\/posts\/160832","targetHints":{"allow":["GET"]}}],"collection":[{"href":"https:\/\/www.europesays.com\/fr\/wp-json\/wp\/v2\/posts"}],"about":[{"href":"https:\/\/www.europesays.com\/fr\/wp-json\/wp\/v2\/types\/post"}],"author":[{"embeddable":true,"href":"https:\/\/www.europesays.com\/fr\/wp-json\/wp\/v2\/users\/2"}],"replies":[{"embeddable":true,"href":"https:\/\/www.europesays.com\/fr\/wp-json\/wp\/v2\/comments?post=160832"}],"version-history":[{"count":0,"href":"https:\/\/www.europesays.com\/fr\/wp-json\/wp\/v2\/posts\/160832\/revisions"}],"wp:featuredmedia":[{"embeddable":true,"href":"https:\/\/www.europesays.com\/fr\/wp-json\/wp\/v2\/media\/160833"}],"wp:attachment":[{"href":"https:\/\/www.europesays.com\/fr\/wp-json\/wp\/v2\/media?parent=160832"}],"wp:term":[{"taxonomy":"category","embeddable":true,"href":"https:\/\/www.europesays.com\/fr\/wp-json\/wp\/v2\/categories?post=160832"},{"taxonomy":"post_tag","embeddable":true,"href":"https:\/\/www.europesays.com\/fr\/wp-json\/wp\/v2\/tags?post=160832"}],"curies":[{"name":"wp","href":"https:\/\/api.w.org\/{rel}","templated":true}]}}