{"id":160836,"date":"2025-06-08T12:01:10","date_gmt":"2025-06-08T12:01:10","guid":{"rendered":"https:\/\/www.europesays.com\/fr\/160836\/"},"modified":"2025-06-08T12:01:10","modified_gmt":"2025-06-08T12:01:10","slug":"ensemble-vers-une-cooperation-ambitieuse-et-durable","status":"publish","type":"post","link":"https:\/\/www.europesays.com\/fr\/160836\/","title":{"rendered":"ensemble vers une coop\u00e9ration ambitieuse et durable"},"content":{"rendered":"<p style=\"text-align:\">Le minist\u00e8re vietnamien des Affaires \u00e9trang\u00e8res, l\u2019ambassade du Vietnam en Belgique et la d\u00e9l\u00e9gation vietnamienne aupr\u00e8s de l\u2019Union europ\u00e9enne (UE) ont organis\u00e9, le 6 juin \u00e0 Bruxelles, un s\u00e9minaire intitul\u00e9 : \u00ab\u00a0Accord EVFTA (Accord de libre-\u00e9change entre le Vietnam et l&rsquo;UE) : bilan de la mise en \u0153uvre au cours des cinq derni\u00e8res ann\u00e9es et orientations pour une utilisation plus efficace dans le nouveau contexte\u00a0\u00bb.<\/p>\n<p><a href=\"https:\/\/lecourrier.vn\/le-vietnam-apres-quatre-ans-de-mise-en-\u0153uvre-de-levfta\/1267839.html\" title=\"Le Vietnam apr\u00e8s quatre ans de mise en \u0153uvre de l&#039;EVFTA\" rel=\"nofollow noopener\" target=\"_blank\">&gt;&gt; Le Vietnam apr\u00e8s quatre ans de mise en \u0153uvre de l&rsquo;EVFTA<\/a><\/p>\n<p><a href=\"https:\/\/lecourrier.vn\/levfta-genere-des-resultats-positifs-apres-cinq-ans-de-mise-en-\u0153uvre-ciem\/1278188.html\" title=\"L\u2019EVFTA g\u00e9n\u00e8re des r\u00e9sultats positifs apr\u00e8s cinq ans de mise en \u0153uvre : CIEM\" rel=\"nofollow noopener\" target=\"_blank\">&gt;&gt; L\u2019EVFTA g\u00e9n\u00e8re des r\u00e9sultats positifs apr\u00e8s cinq ans de mise en \u0153uvre : CIEM<\/a><\/p>\n<p><a href=\"https:\/\/lecourrier.vn\/relations-vietnam-europe-jalons-marquants-en-2024-et-perspectives-pour-2025\/1278209.html\" title=\"Relations Vietnam - Europe : Jalons marquants en 2024 et perspectives pour 2025\" rel=\"nofollow noopener\" target=\"_blank\">&gt;&gt; Relations Vietnam &#8211; Europe : Jalons marquants en 2024 et perspectives pour 2025<\/a><\/p>\n<p style=\"text-align:left\">L&rsquo;\u00e9v\u00e9nement s\u2019inscrivait dans le cadre des activit\u00e9s marquant le 35e anniversaire de l\u2019\u00e9tablissement des relations diplomatiques entre le Vietnam et l\u2019UE.<\/p>\n<tr>\n<td class=\"pic\"><img decoding=\"async\" class=\"lazyload\" src=\"https:\/\/www.europesays.com\/fr\/wp-content\/uploads\/2025\/06\/174208-vna_potal_hiep_dinh_evfta_dinh_huong_hop_tac_chien_luoc_trong_giai_doan_moi_8079121.jpg\" alt=\"\"\/><\/td>\n<\/tr>\n<tr>\n<td class=\"caption\">Lors de la conf\u00e9rence.\u00a0<\/td>\n<\/tr>\n<tr align=\"right\">\n<td class=\"author\">Photo : VNA\/CVN<\/td>\n<\/tr>\n<p style=\"text-align:left\">Le s\u00e9minaire a rassembl\u00e9 quelque 350 participants, illustrant l&rsquo;ampleur et l&rsquo;importance de la discussion. Parmi eux figuraient des repr\u00e9sentants de la Commission europ\u00e9enne et du Parlement europ\u00e9en, des agences commerciales europ\u00e9ennes de premier plan, des ambassadeurs et des repr\u00e9sentants d&rsquo;ambassades de pays de l&rsquo;ASEAN \u00e0 Bruxelles, ainsi que des instituts de recherche belges et europ\u00e9ens r\u00e9put\u00e9s. Environ 80 associations, centres de promotion du commerce et entreprises belges et europ\u00e9ennes \u00e9taient \u00e9galement pr\u00e9sents, soulignant l&rsquo;int\u00e9r\u00eat du secteur priv\u00e9 pour l&rsquo;avenir de l&rsquo;EVFTA.<\/p>\n<p style=\"text-align:left\">C\u00f4t\u00e9 vietnamien, \u00e9taient pr\u00e9sents des responsables de plusieurs minist\u00e8res, villes et provinces ainsi que 35 entreprises et de nombreuses soci\u00e9t\u00e9s vietnamiennes op\u00e9rant en Europe.<\/p>\n<p style=\"text-align:left\">Dans son discours d\u2019ouverture, la vice-ministre des Affaires \u00e9trang\u00e8res, Nguy\u00ean Minh Hang, a soulign\u00e9 l\u2019importance politique, strat\u00e9gique et socio-\u00e9conomique majeure de l\u2019EVFTA pour le Vietnam comme pour l\u2019UE. Elle a insist\u00e9 sur le r\u00f4le de l\u2019accord dans le renforcement de la confiance strat\u00e9gique mutuelle, fruit de 35 ann\u00e9es de relations bilat\u00e9rales.<\/p>\n<p style=\"text-align:left\">Les intervenants ont discut\u00e9 des impacts de l\u2019EVFTA sur les relations Vietnam &#8211; UE au cours des cinq derni\u00e8res ann\u00e9es en identifiant les r\u00e9ussites, les lacunes et les enseignements tir\u00e9s. Ils ont aussi analys\u00e9 les nouvelles dynamiques internationales et r\u00e9gionales, proposant des mesures pour optimiser la mise en \u0153uvre de l\u2019EVFTA durant la p\u00e9riode 2025-2030.<\/p>\n<p style=\"text-align:left\">L\u2019ambassade du Vietnam en Belgique et la d\u00e9l\u00e9gation vietnamienne aupr\u00e8s de l\u2019UE ont pr\u00e9sent\u00e9 un rapport de recherche intitul\u00e9 \u00ab\u00a0\u00c9valuation de la mise en \u0153uvre de l\u2019EVFTA apr\u00e8s cinq ans\u00a0\u00bb, enrichi d\u2019analyses et de commentaires du point de vue europ\u00e9en.<\/p>\n<p style=\"text-align:left\">L&rsquo;EVFTA s&rsquo;est affirm\u00e9 comme un pilier essentiel de la coop\u00e9ration \u00e9conomique, m\u00eame face aux d\u00e9fis majeurs tels que la pand\u00e9mie de COVID-19 et les tensions g\u00e9opolitiques. C&rsquo;est ce qu&rsquo;a soulign\u00e9 l&rsquo;ambassadeur Nguy\u00ean Van Thao, qui a affirm\u00e9 que l&rsquo;accord avait non seulement dynamis\u00e9 les \u00e9changes commerciaux et les investissements, mais avait aussi contribu\u00e9 \u00e0 stabiliser les cha\u00eenes d&rsquo;approvisionnement mondiales.<\/p>\n<p style=\"text-align:left\">Cependant, il a \u00e9galement rappel\u00e9 que le plein potentiel de cet accord reste largement inexploit\u00e9 et qu&rsquo;il faudra le mobiliser davantage \u00e0 l&rsquo;avenir. Les accords importants tels que l\u2019EVFTA et l\u2019EVIPA t\u00e9moignent d\u2019une vision commune visant \u00e0 promouvoir un partenariat global, a-t-til ajout\u00e9.<\/p>\n<p style=\"text-align:left\">De leur c\u00f4t\u00e9, Iuliu Winkler, vice-pr\u00e9sident de la Commission du commerce international du Parlement europ\u00e9en, et Maria Martin-Prat De Abreu, directrice g\u00e9n\u00e9rale adjointe \u00e0 la Direction g\u00e9n\u00e9rale du commerce de la Commission europ\u00e9enne, ont rappel\u00e9 que l&rsquo;EVFTA \u00e9tait non seulement mutuellement b\u00e9n\u00e9fique, mais qu&rsquo;il comptait aussi parmi les accords de libre-\u00e9change les plus r\u00e9ussis de l&rsquo;UE. Tous deux ont exprim\u00e9 la volont\u00e9 de l&rsquo;UE de continuer \u00e0 collaborer avec le Vietnam pour hisser leur relation \u00e0 un partenariat strat\u00e9gique global, tout en r\u00e9affirmant l&rsquo;engagement de l&rsquo;UE \u00e0 demeurer un partenaire fiable.<\/p>\n<p style=\"text-align:left\">Au s\u00e9minaire, plusieurs chercheurs et repr\u00e9sentants des milieux d\u2019affaires europ\u00e9ens et belges ont formul\u00e9 des recommandations concr\u00e8tes visant \u00e0 am\u00e9liorer l\u2019exploitation de l\u2019accord, afin de garantir des b\u00e9n\u00e9fices tangibles pour les acteurs \u00e9conomiques des deux parties.<\/p>\n<p style=\"text-align:right\"><b>VNA\/CVN<\/b><\/p>\n","protected":false},"excerpt":{"rendered":"Le minist\u00e8re vietnamien des Affaires \u00e9trang\u00e8res, l\u2019ambassade du Vietnam en Belgique et la d\u00e9l\u00e9gation vietnamienne aupr\u00e8s de l\u2019Union&hellip;\n","protected":false},"author":2,"featured_media":160837,"comment_status":"","ping_status":"","sticky":false,"template":"","format":"standard","meta":{"footnotes":""},"categories":[1586],"tags":[29248,11,6211,1777,674,1779,1011,27,12,25,1778,364],"class_list":{"0":"post-160836","1":"post","2":"type-post","3":"status-publish","4":"format-standard","5":"has-post-thumbnail","7":"category-europe","8":"tag-accord-evfta","9":"tag-actualites","10":"tag-conference","11":"tag-eu","12":"tag-europe","13":"tag-european-union","14":"tag-fr","15":"tag-france","16":"tag-news","17":"tag-republique-francaise","18":"tag-ue","19":"tag-union-europeenne"},"share_on_mastodon":{"url":"https:\/\/pubeurope.com\/@fr\/114647641898908491","error":""},"_links":{"self":[{"href":"https:\/\/www.europesays.com\/fr\/wp-json\/wp\/v2\/posts\/160836","targetHints":{"allow":["GET"]}}],"collection":[{"href":"https:\/\/www.europesays.com\/fr\/wp-json\/wp\/v2\/posts"}],"about":[{"href":"https:\/\/www.europesays.com\/fr\/wp-json\/wp\/v2\/types\/post"}],"author":[{"embeddable":true,"href":"https:\/\/www.europesays.com\/fr\/wp-json\/wp\/v2\/users\/2"}],"replies":[{"embeddable":true,"href":"https:\/\/www.europesays.com\/fr\/wp-json\/wp\/v2\/comments?post=160836"}],"version-history":[{"count":0,"href":"https:\/\/www.europesays.com\/fr\/wp-json\/wp\/v2\/posts\/160836\/revisions"}],"wp:featuredmedia":[{"embeddable":true,"href":"https:\/\/www.europesays.com\/fr\/wp-json\/wp\/v2\/media\/160837"}],"wp:attachment":[{"href":"https:\/\/www.europesays.com\/fr\/wp-json\/wp\/v2\/media?parent=160836"}],"wp:term":[{"taxonomy":"category","embeddable":true,"href":"https:\/\/www.europesays.com\/fr\/wp-json\/wp\/v2\/categories?post=160836"},{"taxonomy":"post_tag","embeddable":true,"href":"https:\/\/www.europesays.com\/fr\/wp-json\/wp\/v2\/tags?post=160836"}],"curies":[{"name":"wp","href":"https:\/\/api.w.org\/{rel}","templated":true}]}}